{"id":27455,"date":"2020-06-03T00:17:17","date_gmt":"2020-06-03T00:17:17","guid":{"rendered":"https:\/\/jorgezanoni.com.br\/2019\/?p=27455"},"modified":"2020-06-03T00:17:17","modified_gmt":"2020-06-03T00:17:17","slug":"apos-flexibilizacao-da-quarentena-presidente-prudente-registra-duas-mortes-suspeitas-e-passa-de-150-casos-positivos-de-covid-19","status":"publish","type":"post","link":"https:\/\/jorgezanoni.com.br\/2019\/apos-flexibilizacao-da-quarentena-presidente-prudente-registra-duas-mortes-suspeitas-e-passa-de-150-casos-positivos-de-covid-19\/","title":{"rendered":"Ap\u00f3s flexibiliza\u00e7\u00e3o da quarentena, Presidente Prudente registra duas mortes suspeitas e passa de 150 casos positivos de Covid-19"},"content":{"rendered":"<h2 class=\"content-head__subtitle\" style=\"text-align: justify;\"><strong>Maior cidade do Oeste Paulista recebeu oito confirma\u00e7\u00f5es da doen\u00e7a nesta ter\u00e7a-feira (2). \u00d3bitos em investiga\u00e7\u00e3o s\u00e3o referentes a homens de 79 e 95 anos.<\/strong><\/h2>\n<div class=\"mc-column content-text active-extra-styles \" data-block-type=\"unstyled\" data-block-weight=\"35\" data-block-id=\"2\">\n<p class=\"content-text__container \" style=\"text-align: justify;\" data-track-category=\"Link no Texto\" data-track-links=\"\">A Vigil\u00e2ncia Epidemiol\u00f3gica Municipal (VEM) de\u00a0<a href=\"https:\/\/g1.globo.com\/sp\/presidente-prudente-regiao\/cidade\/presidente-prudente\/\">Presidente Prudente<\/a>\u00a0recebeu mais 32 exames de coronav\u00edrus. Nesta ter\u00e7a-feira (2), s\u00e3o 24 casos negativos e oito positivos. Com as novas registros, Presidente Prudente contabiliza 157 confirma\u00e7\u00f5es de Covid-19.<\/p>\n<\/div>\n<div class=\"wall protected-content\">\n<div class=\"mc-column content-text active-extra-styles \" style=\"text-align: justify;\" data-block-type=\"unstyled\" data-block-weight=\"17\" data-block-id=\"3\">\n<p class=\"content-text__container \" data-track-category=\"Link no Texto\" data-track-links=\"\">Nesta segunda-feira (1\u00ba), teve\u00a0<a href=\"https:\/\/g1.globo.com\/sp\/presidente-prudente-regiao\/noticia\/2020\/06\/01\/apos-69-dias-presidente-prudente-inicia-flexibilizacao-da-quarentena-com-147-casos-confirmados-e-10-mortes-de-covid-19.ghtml\">in\u00edcio a flexibiliza\u00e7\u00e3o da quarentena na cidade, com a retomada das atividades econ\u00f4micas<\/a>.<\/p>\n<\/div>\n<div class=\"mc-column content-text active-extra-styles \" style=\"text-align: justify;\" data-block-type=\"unstyled\" data-block-weight=\"91\" data-block-id=\"4\">\n<p class=\"content-text__container \" data-track-category=\"Link no Texto\" data-track-links=\"\">Entre as novas confirma\u00e7\u00f5es, um homem de 39 anos est\u00e1 hospitalizado. Ele apresentou sintomas no dia 22 de maio. Os demais pacientes seguem em isolamento social, sendo outro homem, de 59 anos, que teve in\u00edcio dos sintomas no dia 20 de abril, e seis mulheres com as seguintes idades: 35 anos (in\u00edcio dos sintomas em 23 de abril), 43 anos (sintomas em 15 de maio), duas de 55 anos (sintomas em 7 e 8 de maio), 62 anos (sintomas em 21 de maio) e 78 anos (sintomas em 10 de abril).<\/p>\n<\/div>\n<div class=\"mc-column content-text active-extra-styles \" data-block-type=\"unstyled\" data-block-weight=\"61\" data-block-id=\"5\">\n<p class=\"content-text__container \" style=\"text-align: justify;\" data-track-category=\"Link no Texto\" data-track-links=\"\">A VEM ainda divulgou duas mortes suspeitas pela doen\u00e7a. Tratam-se de dois homens, um de 79 anos, com in\u00edcio dos sintomas no dia 29 de maio, e outro de 95 anos, que apresentou sintomas no dia 27 de maio. Segundo o \u00f3rg\u00e3o municipal, foi coletado material dos dois pacientes e agora aguarda-se laudos do Instituto Adolfo Lutz ou de laborat\u00f3rios conveniados.<\/p>\n<div class=\"mc-column content-text active-extra-styles \" style=\"text-align: justify;\" data-block-type=\"unstyled\" data-block-weight=\"29\" data-block-id=\"7\">\n<p class=\"content-text__container \" data-track-category=\"Link no Texto\" data-track-links=\"\">O boletim oficial, atualizado \u00e0s 17h16, aponta que 19 pessoas est\u00e3o hospitalizadas, sete delas em Unidade de Terapia Intensiva (UTI). Entre os pacientes internados h\u00e1 casos suspeitos e confirmados.<\/p>\n<\/div>\n<div class=\"mc-column content-text active-extra-styles \" style=\"text-align: justify;\" data-block-type=\"unstyled\" data-block-weight=\"18\" data-block-id=\"8\">\n<p class=\"content-text__container \" data-track-category=\"Link no Texto\" data-track-links=\"\">De acordo com a VEM, a cidade possui 860 notifica\u00e7\u00f5es da doen\u00e7a. Desse total, 667 j\u00e1 foram descartadas.<\/p>\n<\/div>\n<div class=\"mc-column content-text active-extra-styles \" style=\"text-align: justify;\" data-block-type=\"unstyled\" data-block-weight=\"16\" data-block-id=\"9\">\n<p class=\"content-text__container \" data-track-category=\"Link no Texto\" data-track-links=\"\">O balan\u00e7o ainda informa que 36 pessoas aguardam resultados de exames, incluindo os dois \u00f3bitos suspeitos.<\/p>\n<\/div>\n<div class=\"mc-column content-text active-extra-styles \" data-block-type=\"unstyled\" data-block-weight=\"12\" data-block-id=\"10\">\n<p class=\"content-text__container \" style=\"text-align: justify;\" data-track-category=\"Link no Texto\" data-track-links=\"\">Presidente Prudente possui dez mortes confirmadas pelo novo coronav\u00edrus e 109 curados.<\/p>\n<p style=\"text-align: justify;\" data-track-category=\"Link no Texto\" data-track-links=\"\">Fonte: G1<\/p>\n<\/div>\n<\/div>\n<\/div>\n","protected":false},"excerpt":{"rendered":"<p>Maior cidade do Oeste Paulista recebeu oito confirma\u00e7\u00f5es da doen\u00e7a nesta ter\u00e7a-feira (2). \u00d3bitos em investiga\u00e7\u00e3o s\u00e3o referentes a homens de 79 e 95 anos. A Vigil\u00e2ncia Epidemiol\u00f3gica Municipal (VEM) de\u00a0Presidente Prudente\u00a0recebeu mais 32 exames de coronav\u00edrus. Nesta ter\u00e7a-feira (2), s\u00e3o 24 casos negativos e oito positivos. Com as novas registros, Presidente Prudente contabiliza 157 [&hellip;]<\/p>\n","protected":false},"author":1,"featured_media":27456,"comment_status":"closed","ping_status":"open","sticky":false,"template":"","format":"standard","meta":{"footnotes":""},"categories":[110,122],"tags":[],"class_list":["post-27455","post","type-post","status-publish","format-standard","has-post-thumbnail","hentry","category-noticiasdestaque","category-saudeeducacaoeconcurso"],"_links":{"self":[{"href":"https:\/\/jorgezanoni.com.br\/2019\/wp-json\/wp\/v2\/posts\/27455","targetHints":{"allow":["GET"]}}],"collection":[{"href":"https:\/\/jorgezanoni.com.br\/2019\/wp-json\/wp\/v2\/posts"}],"about":[{"href":"https:\/\/jorgezanoni.com.br\/2019\/wp-json\/wp\/v2\/types\/post"}],"author":[{"embeddable":true,"href":"https:\/\/jorgezanoni.com.br\/2019\/wp-json\/wp\/v2\/users\/1"}],"replies":[{"embeddable":true,"href":"https:\/\/jorgezanoni.com.br\/2019\/wp-json\/wp\/v2\/comments?post=27455"}],"version-history":[{"count":0,"href":"https:\/\/jorgezanoni.com.br\/2019\/wp-json\/wp\/v2\/posts\/27455\/revisions"}],"wp:featuredmedia":[{"embeddable":true,"href":"https:\/\/jorgezanoni.com.br\/2019\/wp-json\/wp\/v2\/media\/27456"}],"wp:attachment":[{"href":"https:\/\/jorgezanoni.com.br\/2019\/wp-json\/wp\/v2\/media?parent=27455"}],"wp:term":[{"taxonomy":"category","embeddable":true,"href":"https:\/\/jorgezanoni.com.br\/2019\/wp-json\/wp\/v2\/categories?post=27455"},{"taxonomy":"post_tag","embeddable":true,"href":"https:\/\/jorgezanoni.com.br\/2019\/wp-json\/wp\/v2\/tags?post=27455"}],"curies":[{"name":"wp","href":"https:\/\/api.w.org\/{rel}","templated":true}]}}