{"id":27449,"date":"2020-06-02T23:55:22","date_gmt":"2020-06-02T23:55:22","guid":{"rendered":"https:\/\/jorgezanoni.com.br\/2019\/?p=27449"},"modified":"2020-06-02T23:57:46","modified_gmt":"2020-06-02T23:57:46","slug":"brasil-registra-recorde-de-1-262-mortes-por-covid-19-em-24-horas-e-chega-a-31-199","status":"publish","type":"post","link":"https:\/\/jorgezanoni.com.br\/2019\/brasil-registra-recorde-de-1-262-mortes-por-covid-19-em-24-horas-e-chega-a-31-199\/","title":{"rendered":"Brasil registra recorde de 1.262 mortes por Covid-19 em 24 horas e chega a 31.199"},"content":{"rendered":"<h2 class=\"content-head__subtitle\" style=\"text-align: justify;\"><strong>Em apenas um dia, houve tamb\u00e9m um aumento em mais de 28,9 mil confirma\u00e7\u00f5es; pa\u00eds agora tem 555.383 casos confirmados de acordo com o Minist\u00e9rio da Sa\u00fade.<\/strong><\/h2>\n<div class=\"mc-column content-text active-extra-styles \" data-block-type=\"unstyled\" data-block-weight=\"26\" data-block-id=\"2\">\n<p class=\"content-text__container \" style=\"text-align: justify;\" data-track-category=\"Link no Texto\" data-track-links=\"\">O Minist\u00e9rio da Sa\u00fade divulgou nesta ter\u00e7a-feira (2) seu mais recente balan\u00e7o com os casos e mortes por complica\u00e7\u00f5es do coronav\u00edrus Sars-Cov-2. Os principais dados s\u00e3o:<\/p>\n<\/div>\n<div class=\"wall protected-content\">\n<div class=\"mc-column content-text active-extra-styles\" style=\"text-align: justify;\" data-block-type=\"raw\" data-block-weight=\"41\" data-block-id=\"3\">\n<ul class=\"content-unordered-list\">\n<li><strong>31.199 mortes<\/strong>, eram 29.937 na segunda (1\u00ba)<\/li>\n<li>Foram 1.262 registros de morte inclu\u00eddos em 24 horas<\/li>\n<li><strong>555.383 casos confirmados<\/strong>, eram 526.447 na segunda<\/li>\n<li>Foram inclu\u00eddos 28.936 casos em 24 horas<\/li>\n<li>300.546 pacientes est\u00e3o em acompanhamento (54,1%)<\/li>\n<li>223.638 pacientes est\u00e3o recuperados (40,3%)<\/li>\n<\/ul>\n<\/div>\n<div class=\"mc-column content-text active-extra-styles \" style=\"text-align: justify;\" data-block-type=\"unstyled\" data-block-weight=\"35\" data-block-id=\"4\">\n<p class=\"content-text__container \" data-track-category=\"Link no Texto\" data-track-links=\"\">A alta nas contagens di\u00e1rias ap\u00f3s um fim de semana e uma segunda-feira de baixos registros acontece porque, nestes dias, as notifica\u00e7\u00f5es costumam ser menores j\u00e1 que os munic\u00edpios trabalham com equipes de sa\u00fade reduzidas.<\/p>\n<\/div>\n<div class=\"mc-column content-text active-extra-styles \" data-block-type=\"unstyled\" data-block-weight=\"29\" data-block-id=\"5\">\n<p class=\"content-text__container \" style=\"text-align: justify;\" data-track-category=\"Link no Texto\" data-track-links=\"\">O balan\u00e7o da ter\u00e7a-feira registrou tamb\u00e9m 367 mortes que aconteceram nos \u00faltimos 3 dias. Al\u00e9m disso, segundo o Minist\u00e9rio da Sa\u00fade, h\u00e1 mais 4.312 suspeitas que est\u00e3o sob investiga\u00e7\u00e3o.<\/p>\n<p style=\"text-align: justify;\" data-track-category=\"Link no Texto\" data-track-links=\"\">Fonte: https:\/\/g1.globo.com\/bemestar\/coronavirus\/noticia\/2020\/06\/02\/brasil-tem-31199-mortos-por-coronavirus-diz-ministerio.ghtml<\/p>\n<\/div>\n<\/div>\n","protected":false},"excerpt":{"rendered":"<p>Em apenas um dia, houve tamb\u00e9m um aumento em mais de 28,9 mil confirma\u00e7\u00f5es; pa\u00eds agora tem 555.383 casos confirmados de acordo com o Minist\u00e9rio da Sa\u00fade. O Minist\u00e9rio da Sa\u00fade divulgou nesta ter\u00e7a-feira (2) seu mais recente balan\u00e7o com os casos e mortes por complica\u00e7\u00f5es do coronav\u00edrus Sars-Cov-2. Os principais dados s\u00e3o: 31.199 mortes, [&hellip;]<\/p>\n","protected":false},"author":1,"featured_media":27452,"comment_status":"closed","ping_status":"open","sticky":false,"template":"","format":"standard","meta":{"footnotes":""},"categories":[110,122],"tags":[],"class_list":["post-27449","post","type-post","status-publish","format-standard","has-post-thumbnail","hentry","category-noticiasdestaque","category-saudeeducacaoeconcurso"],"_links":{"self":[{"href":"https:\/\/jorgezanoni.com.br\/2019\/wp-json\/wp\/v2\/posts\/27449","targetHints":{"allow":["GET"]}}],"collection":[{"href":"https:\/\/jorgezanoni.com.br\/2019\/wp-json\/wp\/v2\/posts"}],"about":[{"href":"https:\/\/jorgezanoni.com.br\/2019\/wp-json\/wp\/v2\/types\/post"}],"author":[{"embeddable":true,"href":"https:\/\/jorgezanoni.com.br\/2019\/wp-json\/wp\/v2\/users\/1"}],"replies":[{"embeddable":true,"href":"https:\/\/jorgezanoni.com.br\/2019\/wp-json\/wp\/v2\/comments?post=27449"}],"version-history":[{"count":0,"href":"https:\/\/jorgezanoni.com.br\/2019\/wp-json\/wp\/v2\/posts\/27449\/revisions"}],"wp:featuredmedia":[{"embeddable":true,"href":"https:\/\/jorgezanoni.com.br\/2019\/wp-json\/wp\/v2\/media\/27452"}],"wp:attachment":[{"href":"https:\/\/jorgezanoni.com.br\/2019\/wp-json\/wp\/v2\/media?parent=27449"}],"wp:term":[{"taxonomy":"category","embeddable":true,"href":"https:\/\/jorgezanoni.com.br\/2019\/wp-json\/wp\/v2\/categories?post=27449"},{"taxonomy":"post_tag","embeddable":true,"href":"https:\/\/jorgezanoni.com.br\/2019\/wp-json\/wp\/v2\/tags?post=27449"}],"curies":[{"name":"wp","href":"https:\/\/api.w.org\/{rel}","templated":true}]}}