{"id":27444,"date":"2020-06-02T23:28:48","date_gmt":"2020-06-02T23:28:48","guid":{"rendered":"https:\/\/jorgezanoni.com.br\/2019\/?p=27444"},"modified":"2020-06-02T23:41:30","modified_gmt":"2020-06-02T23:41:30","slug":"morre-crianca-que-estudava-na-emefi-guilherme-tammerick","status":"publish","type":"post","link":"https:\/\/jorgezanoni.com.br\/2019\/morre-crianca-que-estudava-na-emefi-guilherme-tammerick\/","title":{"rendered":"Morre crian\u00e7a que estudava na EMEFI Guilherme Tammerik"},"content":{"rendered":"<p style=\"text-align: justify;\">Faleceu hoje a garotinha Sophia que era estudante da EMEFI Guilherme Tamemrick de Dracena. Ela estava em tratamento h\u00e1 algum tempo e hoje n\u00e3o resistiu. Deixa a m\u00e3e Pamela Scarceli Silva, pai Marcelo e irm\u00e3os. No Facebook da escola, diversas mensagens de conforto \u00e0 fam\u00edlia.<\/p>\n<p style=\"text-align: justify;\">Veja o comunicado da escola:<\/p>\n<p style=\"text-align: justify;\">&#8220;Estamos de luto pela perda da nossa pequena Sophia. Nesse momento t\u00e3o dif\u00edcil estamos com voc\u00ea <a class=\"profileLink\" title=\"Pamela Scarceli Silva\" href=\"https:\/\/www.facebook.com\/pamela.scarcelisilva?__tn__=%2CdK-R-R&amp;eid=ARDHF0fZEogohS0r2LTOjkKuB6TXCR7qUo1nY1l90N2zCs9Cu7owP_1EGg0aCfIprfJl9eDInhPkmAqf&amp;fref=mentions\" data-hovercard=\"\/ajax\/hovercard\/user.php?id=100004305120821&amp;extragetparams=%7B%22__tn__%22%3A%22%2CdK-R-R%22%2C%22eid%22%3A%22ARDHF0fZEogohS0r2LTOjkKuB6TXCR7qUo1nY1l90N2zCs9Cu7owP_1EGg0aCfIprfJl9eDInhPkmAqf%22%2C%22fref%22%3A%22mentions%22%7D\" data-hovercard-prefer-more-content-show=\"1\">Pamela Scarceli Silva<\/a> tenha f\u00e9 que Deus ir\u00e1 consolar seu cora\u00e7\u00e3o. Sophia agora descansa nos bra\u00e7os dos anjos no c\u00e9u. Seu sorriso, sua alegria ficar\u00e1 gravado em nossos cora\u00e7\u00f5es. Sinta-se abra\u00e7ada por toda a nossa equipe&#8221;.<\/p>\n<p style=\"text-align: justify;\">Fonte: https:\/\/www.facebook.com\/guilherme.tammerik.1<\/p>\n","protected":false},"excerpt":{"rendered":"<p>Faleceu hoje a garotinha Sophia que era estudante da EMEFI Guilherme Tamemrick de Dracena. Ela estava em tratamento h\u00e1 algum tempo e hoje n\u00e3o resistiu. Deixa a m\u00e3e Pamela Scarceli Silva, pai Marcelo e irm\u00e3os. No Facebook da escola, diversas mensagens de conforto \u00e0 fam\u00edlia. Veja o comunicado da escola: &#8220;Estamos de luto pela perda [&hellip;]<\/p>\n","protected":false},"author":1,"featured_media":27445,"comment_status":"closed","ping_status":"open","sticky":false,"template":"","format":"standard","meta":{"footnotes":""},"categories":[178,110],"tags":[],"class_list":["post-27444","post","type-post","status-publish","format-standard","has-post-thumbnail","hentry","category-notadefalecimento","category-noticiasdestaque"],"_links":{"self":[{"href":"https:\/\/jorgezanoni.com.br\/2019\/wp-json\/wp\/v2\/posts\/27444","targetHints":{"allow":["GET"]}}],"collection":[{"href":"https:\/\/jorgezanoni.com.br\/2019\/wp-json\/wp\/v2\/posts"}],"about":[{"href":"https:\/\/jorgezanoni.com.br\/2019\/wp-json\/wp\/v2\/types\/post"}],"author":[{"embeddable":true,"href":"https:\/\/jorgezanoni.com.br\/2019\/wp-json\/wp\/v2\/users\/1"}],"replies":[{"embeddable":true,"href":"https:\/\/jorgezanoni.com.br\/2019\/wp-json\/wp\/v2\/comments?post=27444"}],"version-history":[{"count":0,"href":"https:\/\/jorgezanoni.com.br\/2019\/wp-json\/wp\/v2\/posts\/27444\/revisions"}],"wp:featuredmedia":[{"embeddable":true,"href":"https:\/\/jorgezanoni.com.br\/2019\/wp-json\/wp\/v2\/media\/27445"}],"wp:attachment":[{"href":"https:\/\/jorgezanoni.com.br\/2019\/wp-json\/wp\/v2\/media?parent=27444"}],"wp:term":[{"taxonomy":"category","embeddable":true,"href":"https:\/\/jorgezanoni.com.br\/2019\/wp-json\/wp\/v2\/categories?post=27444"},{"taxonomy":"post_tag","embeddable":true,"href":"https:\/\/jorgezanoni.com.br\/2019\/wp-json\/wp\/v2\/tags?post=27444"}],"curies":[{"name":"wp","href":"https:\/\/api.w.org\/{rel}","templated":true}]}}