{"id":27440,"date":"2020-06-02T22:22:04","date_gmt":"2020-06-02T22:22:04","guid":{"rendered":"https:\/\/jorgezanoni.com.br\/2019\/?p=27440"},"modified":"2020-06-02T22:22:04","modified_gmt":"2020-06-02T22:22:04","slug":"deputado-fausto-pinato-disponibiliza-recursos-a-santa-casa-de-dracena","status":"publish","type":"post","link":"https:\/\/jorgezanoni.com.br\/2019\/deputado-fausto-pinato-disponibiliza-recursos-a-santa-casa-de-dracena\/","title":{"rendered":"Deputado Fausto Pinato disponibiliza recursos \u00e0 Santa Casa de Dracena"},"content":{"rendered":"<p style=\"text-align: justify;\">A SANTA CASA DE DRACENA em raz\u00e3o dos not\u00f3rios esfor\u00e7os do Deputado Federal FAUSTO PINATO, recebeu no dia 28 de maio de 2020 do Minist\u00e9rio da Sa\u00fade o valor de R$ 100.000,00 (cem mil reais) destinado para apoio \u00e0 manuten\u00e7\u00e3o de unidades de sa\u00fade com objeto de custeio, num trabalho de fortalecimento das unidades hospitalares conveniadas<br \/>\nao SUS para aquisi\u00e7\u00e3o de material de consumo.<\/p>\n<p style=\"text-align: justify;\">Sensibilizado com a iniciativa do Deputado, o provedor da Santa Casa de Dracena, senhor Altamir Alves dos Santos, enfaticamente agradeceu pela destina\u00e7\u00e3o da verba, arguindo que antes de tudo, fazia o em nome dos pacientes assistidos pela unidade, verdadeiramente<br \/>\nbeneficiados pela melhoria, concitando-os na promo\u00e7\u00e3o de novas destina\u00e7\u00f5es, independentemente de credo pol\u00edtico-partid\u00e1rio.<\/p>\n<p style=\"text-align: justify;\">Da\u00ed a grandeza da iniciativa do nobre vereador Vitin Palhares e do deputado federal Fausto Pinato.<\/p>\n<p style=\"text-align: justify;\">A verba de custeio ser\u00e1 destinada para aquisi\u00e7\u00e3o de materiais e suprimentos para o hospital, de m\u00e9dia complexidade na aten\u00e7\u00e3o para regi\u00e3o que abrange doze munic\u00edpios.<\/p>\n<p><img loading=\"lazy\" decoding=\"async\" class=\"alignnone size-full wp-image-27441\" src=\"https:\/\/jorgezanoni.com.br\/2019\/wp-content\/uploads\/2020\/06\/santa-casa-1.jpg\" alt=\"\" width=\"1280\" height=\"979\" srcset=\"https:\/\/jorgezanoni.com.br\/2019\/wp-content\/uploads\/2020\/06\/santa-casa-1.jpg 1280w, https:\/\/jorgezanoni.com.br\/2019\/wp-content\/uploads\/2020\/06\/santa-casa-1-300x229.jpg 300w, https:\/\/jorgezanoni.com.br\/2019\/wp-content\/uploads\/2020\/06\/santa-casa-1-1024x783.jpg 1024w, https:\/\/jorgezanoni.com.br\/2019\/wp-content\/uploads\/2020\/06\/santa-casa-1-768x587.jpg 768w, https:\/\/jorgezanoni.com.br\/2019\/wp-content\/uploads\/2020\/06\/santa-casa-1-80x60.jpg 80w, https:\/\/jorgezanoni.com.br\/2019\/wp-content\/uploads\/2020\/06\/santa-casa-1-696x532.jpg 696w, https:\/\/jorgezanoni.com.br\/2019\/wp-content\/uploads\/2020\/06\/santa-casa-1-1068x817.jpg 1068w, https:\/\/jorgezanoni.com.br\/2019\/wp-content\/uploads\/2020\/06\/santa-casa-1-549x420.jpg 549w\" sizes=\"auto, (max-width: 1280px) 100vw, 1280px\" \/><\/p>\n<p style=\"text-align: justify;\">Dracena \u2013 S\u00e3o Paulo, em 02 de junho de 2020.<\/p>\n<p style=\"text-align: justify;\">Diretoria Administrativa Santa Casa de Dracena<\/p>\n","protected":false},"excerpt":{"rendered":"<p>A SANTA CASA DE DRACENA em raz\u00e3o dos not\u00f3rios esfor\u00e7os do Deputado Federal FAUSTO PINATO, recebeu no dia 28 de maio de 2020 do Minist\u00e9rio da Sa\u00fade o valor de R$ 100.000,00 (cem mil reais) destinado para apoio \u00e0 manuten\u00e7\u00e3o de unidades de sa\u00fade com objeto de custeio, num trabalho de fortalecimento das unidades hospitalares [&hellip;]<\/p>\n","protected":false},"author":1,"featured_media":27442,"comment_status":"closed","ping_status":"open","sticky":false,"template":"","format":"standard","meta":{"footnotes":""},"categories":[116],"tags":[],"class_list":["post-27440","post","type-post","status-publish","format-standard","has-post-thumbnail","hentry","category-politicaeeconomia"],"_links":{"self":[{"href":"https:\/\/jorgezanoni.com.br\/2019\/wp-json\/wp\/v2\/posts\/27440","targetHints":{"allow":["GET"]}}],"collection":[{"href":"https:\/\/jorgezanoni.com.br\/2019\/wp-json\/wp\/v2\/posts"}],"about":[{"href":"https:\/\/jorgezanoni.com.br\/2019\/wp-json\/wp\/v2\/types\/post"}],"author":[{"embeddable":true,"href":"https:\/\/jorgezanoni.com.br\/2019\/wp-json\/wp\/v2\/users\/1"}],"replies":[{"embeddable":true,"href":"https:\/\/jorgezanoni.com.br\/2019\/wp-json\/wp\/v2\/comments?post=27440"}],"version-history":[{"count":0,"href":"https:\/\/jorgezanoni.com.br\/2019\/wp-json\/wp\/v2\/posts\/27440\/revisions"}],"wp:featuredmedia":[{"embeddable":true,"href":"https:\/\/jorgezanoni.com.br\/2019\/wp-json\/wp\/v2\/media\/27442"}],"wp:attachment":[{"href":"https:\/\/jorgezanoni.com.br\/2019\/wp-json\/wp\/v2\/media?parent=27440"}],"wp:term":[{"taxonomy":"category","embeddable":true,"href":"https:\/\/jorgezanoni.com.br\/2019\/wp-json\/wp\/v2\/categories?post=27440"},{"taxonomy":"post_tag","embeddable":true,"href":"https:\/\/jorgezanoni.com.br\/2019\/wp-json\/wp\/v2\/tags?post=27440"}],"curies":[{"name":"wp","href":"https:\/\/api.w.org\/{rel}","templated":true}]}}