{"id":27430,"date":"2020-06-02T19:47:02","date_gmt":"2020-06-02T19:47:02","guid":{"rendered":"https:\/\/jorgezanoni.com.br\/2019\/?p=27430"},"modified":"2020-06-02T19:47:02","modified_gmt":"2020-06-02T19:47:02","slug":"apos-acidente-motorista-fica-quase-12-horas-preso-entre-as-ferragens-de-veiculo","status":"publish","type":"post","link":"https:\/\/jorgezanoni.com.br\/2019\/apos-acidente-motorista-fica-quase-12-horas-preso-entre-as-ferragens-de-veiculo\/","title":{"rendered":"Ap\u00f3s acidente, motorista fica quase 12 horas preso entre as ferragens de ve\u00edculo"},"content":{"rendered":"<h2 class=\"subtitulo\" style=\"text-align: justify;\"><strong>Carro ficou retido em bambuzal e motorista preso \u00e0s ferragens.<\/strong><\/h2>\n<p style=\"font-weight: 400; text-align: justify;\">Um acidente deixou por quase 12 horas o motorista de ve\u00edculo preso entre as ferragens. O acidente aconteceu por volta das 2h da madrugada e apenas por volta das 13h que o motorista conseguiu ser retirado do ve\u00edculo.<\/p>\n<p style=\"font-weight: 400; text-align: justify;\">Por volta das 2h desta segunda-feira, dia 1, o paragua\u00e7uense Leandro de Paula, de 43 anos, seguia com o seu carro, GM\/Classic File, de cor prata, pela Rodovia Vereador Jos\u00e9 Berto, km 6 + 750 m, entre as cidades de Paragua\u00e7u Paulista e Bor\u00e1, quando perdeu o controle da dire\u00e7\u00e3o do ve\u00edculo, saindo fora da pista, e colidindo em uma moita de bambu.<\/p>\n<p><img loading=\"lazy\" decoding=\"async\" class=\"alignnone size-full wp-image-27433\" src=\"https:\/\/jorgezanoni.com.br\/2019\/wp-content\/uploads\/2020\/06\/bambu1.jpg\" alt=\"\" width=\"800\" height=\"532\" srcset=\"https:\/\/jorgezanoni.com.br\/2019\/wp-content\/uploads\/2020\/06\/bambu1.jpg 800w, https:\/\/jorgezanoni.com.br\/2019\/wp-content\/uploads\/2020\/06\/bambu1-300x200.jpg 300w, https:\/\/jorgezanoni.com.br\/2019\/wp-content\/uploads\/2020\/06\/bambu1-768x511.jpg 768w, https:\/\/jorgezanoni.com.br\/2019\/wp-content\/uploads\/2020\/06\/bambu1-696x463.jpg 696w, https:\/\/jorgezanoni.com.br\/2019\/wp-content\/uploads\/2020\/06\/bambu1-632x420.jpg 632w\" sizes=\"auto, (max-width: 800px) 100vw, 800px\" \/><em>(Reprodu\u00e7\u00e3o: Portal I7\/Paragua\u00e7u Paulista).<\/em><\/p>\n<p style=\"font-weight: 400; text-align: justify;\">O carro ficou preso entre um bambuzal. A v\u00edtima ficou impossibilitada de sair do local, por estar presa entre as ferragens.\u00a0<em>(Continua ap\u00f3s a publicidade&#8230;)<\/em><\/p>\n<p><img loading=\"lazy\" decoding=\"async\" class=\"alignnone size-full wp-image-27431\" src=\"https:\/\/jorgezanoni.com.br\/2019\/wp-content\/uploads\/2020\/06\/Mercado-Bahia.png\" alt=\"\" width=\"1066\" height=\"229\" srcset=\"https:\/\/jorgezanoni.com.br\/2019\/wp-content\/uploads\/2020\/06\/Mercado-Bahia.png 1066w, https:\/\/jorgezanoni.com.br\/2019\/wp-content\/uploads\/2020\/06\/Mercado-Bahia-300x64.png 300w, https:\/\/jorgezanoni.com.br\/2019\/wp-content\/uploads\/2020\/06\/Mercado-Bahia-1024x220.png 1024w, https:\/\/jorgezanoni.com.br\/2019\/wp-content\/uploads\/2020\/06\/Mercado-Bahia-768x165.png 768w, https:\/\/jorgezanoni.com.br\/2019\/wp-content\/uploads\/2020\/06\/Mercado-Bahia-696x150.png 696w\" sizes=\"auto, (max-width: 1066px) 100vw, 1066px\" \/><\/p>\n<p style=\"font-weight: 400; text-align: justify;\">Ao amanhecer, a fam\u00edlia de Leandro sentiu a sua falta e foi at\u00e9 a Delegacia de Pol\u00edcia Civil, onde entraram em contato com o investigador de pol\u00edcia S\u00e9rginho, que decidiram fazer o trajeto da v\u00edtima.<\/p>\n<p style=\"font-weight: 400; text-align: justify;\">Atrav\u00e9s de um sinal de pneus na grama do acostamento, logo ap\u00f3s uma moita de\u00a0bambu com alguns quebrados, conseguiram chegar at\u00e9 o local onde Leandro estava.<\/p>\n<p><img loading=\"lazy\" decoding=\"async\" class=\"alignnone size-full wp-image-27434\" src=\"https:\/\/jorgezanoni.com.br\/2019\/wp-content\/uploads\/2020\/06\/bambu2.jpg\" alt=\"\" width=\"800\" height=\"532\" srcset=\"https:\/\/jorgezanoni.com.br\/2019\/wp-content\/uploads\/2020\/06\/bambu2.jpg 800w, https:\/\/jorgezanoni.com.br\/2019\/wp-content\/uploads\/2020\/06\/bambu2-300x200.jpg 300w, https:\/\/jorgezanoni.com.br\/2019\/wp-content\/uploads\/2020\/06\/bambu2-768x511.jpg 768w, https:\/\/jorgezanoni.com.br\/2019\/wp-content\/uploads\/2020\/06\/bambu2-696x463.jpg 696w, https:\/\/jorgezanoni.com.br\/2019\/wp-content\/uploads\/2020\/06\/bambu2-632x420.jpg 632w\" sizes=\"auto, (max-width: 800px) 100vw, 800px\" \/><em>(Reprodu\u00e7\u00e3o: Portal I7\/Paragua\u00e7u Paulista).<\/em><\/p>\n<p><img loading=\"lazy\" decoding=\"async\" class=\"alignnone size-full wp-image-27435\" src=\"https:\/\/jorgezanoni.com.br\/2019\/wp-content\/uploads\/2020\/06\/bambu3.jpg\" alt=\"\" width=\"800\" height=\"532\" srcset=\"https:\/\/jorgezanoni.com.br\/2019\/wp-content\/uploads\/2020\/06\/bambu3.jpg 800w, https:\/\/jorgezanoni.com.br\/2019\/wp-content\/uploads\/2020\/06\/bambu3-300x200.jpg 300w, https:\/\/jorgezanoni.com.br\/2019\/wp-content\/uploads\/2020\/06\/bambu3-768x511.jpg 768w, https:\/\/jorgezanoni.com.br\/2019\/wp-content\/uploads\/2020\/06\/bambu3-696x463.jpg 696w, https:\/\/jorgezanoni.com.br\/2019\/wp-content\/uploads\/2020\/06\/bambu3-632x420.jpg 632w\" sizes=\"auto, (max-width: 800px) 100vw, 800px\" \/><em>(Reprodu\u00e7\u00e3o: Portal I7\/Paragua\u00e7u Paulista).<\/em><\/p>\n<p style=\"font-weight: 400; text-align: justify;\">Por volta das 13h, o motorista foi retirado das ferragens e encaminhado pelo Pronto-Socorro, pelo Samu.<\/p>\n<p style=\"font-weight: 400; text-align: justify;\">De acordo com familiares de Leandro, ele teve uma pequena fratura na coluna vertebral e algumas escoria\u00e7\u00f5es pelo corpo. Em estado est\u00e1vel, ele aguarda ser transferido para um hospital de Mar\u00edlia.<\/p>\n<p style=\"text-align: justify;\">Fonte: I7<\/p>\n","protected":false},"excerpt":{"rendered":"<p>Carro ficou retido em bambuzal e motorista preso \u00e0s ferragens. Um acidente deixou por quase 12 horas o motorista de ve\u00edculo preso entre as ferragens. O acidente aconteceu por volta das 2h da madrugada e apenas por volta das 13h que o motorista conseguiu ser retirado do ve\u00edculo. Por volta das 2h desta segunda-feira, dia [&hellip;]<\/p>\n","protected":false},"author":1,"featured_media":27432,"comment_status":"closed","ping_status":"open","sticky":false,"template":"","format":"standard","meta":{"footnotes":""},"categories":[170,110],"tags":[],"class_list":["post-27430","post","type-post","status-publish","format-standard","has-post-thumbnail","hentry","category-acidentes","category-noticiasdestaque"],"_links":{"self":[{"href":"https:\/\/jorgezanoni.com.br\/2019\/wp-json\/wp\/v2\/posts\/27430","targetHints":{"allow":["GET"]}}],"collection":[{"href":"https:\/\/jorgezanoni.com.br\/2019\/wp-json\/wp\/v2\/posts"}],"about":[{"href":"https:\/\/jorgezanoni.com.br\/2019\/wp-json\/wp\/v2\/types\/post"}],"author":[{"embeddable":true,"href":"https:\/\/jorgezanoni.com.br\/2019\/wp-json\/wp\/v2\/users\/1"}],"replies":[{"embeddable":true,"href":"https:\/\/jorgezanoni.com.br\/2019\/wp-json\/wp\/v2\/comments?post=27430"}],"version-history":[{"count":0,"href":"https:\/\/jorgezanoni.com.br\/2019\/wp-json\/wp\/v2\/posts\/27430\/revisions"}],"wp:featuredmedia":[{"embeddable":true,"href":"https:\/\/jorgezanoni.com.br\/2019\/wp-json\/wp\/v2\/media\/27432"}],"wp:attachment":[{"href":"https:\/\/jorgezanoni.com.br\/2019\/wp-json\/wp\/v2\/media?parent=27430"}],"wp:term":[{"taxonomy":"category","embeddable":true,"href":"https:\/\/jorgezanoni.com.br\/2019\/wp-json\/wp\/v2\/categories?post=27430"},{"taxonomy":"post_tag","embeddable":true,"href":"https:\/\/jorgezanoni.com.br\/2019\/wp-json\/wp\/v2\/tags?post=27430"}],"curies":[{"name":"wp","href":"https:\/\/api.w.org\/{rel}","templated":true}]}}