{"id":27410,"date":"2020-06-02T15:45:39","date_gmt":"2020-06-02T15:45:39","guid":{"rendered":"https:\/\/jorgezanoni.com.br\/2019\/?p=27410"},"modified":"2020-06-02T15:45:39","modified_gmt":"2020-06-02T15:45:39","slug":"mpe-tenta-suspender-liberacao-pela-prefeitura-de-dracena-do-funcionamento-de-academias-mas-justica-indefere-pedido","status":"publish","type":"post","link":"https:\/\/jorgezanoni.com.br\/2019\/mpe-tenta-suspender-liberacao-pela-prefeitura-de-dracena-do-funcionamento-de-academias-mas-justica-indefere-pedido\/","title":{"rendered":"MPE tenta suspender libera\u00e7\u00e3o pela Prefeitura de Dracena do funcionamento de academias, mas Justi\u00e7a indefere pedido"},"content":{"rendered":"<h2 class=\"content-head__subtitle\" style=\"text-align: justify;\"><strong>Magistrada colocou que Plano S\u00e3o Paulo d\u00e1 autonomia aos munic\u00edpios para a flexibiliza\u00e7\u00e3o dos setores da economia.<\/strong><\/h2>\n<div class=\"mc-column content-text active-extra-styles \" data-block-type=\"unstyled\" data-block-weight=\"71\" data-block-id=\"2\">\n<p class=\"content-text__container \" style=\"text-align: justify;\" data-track-category=\"Link no Texto\" data-track-links=\"\">A Prefeitura de\u00a0<a href=\"http:\/\/g1.globo.com\/sp\/presidente-prudente-regiao\/cidade\/dracena.html\">Dracena\u00a0<\/a>liberou o funcionamento das academias apesar de restri\u00e7\u00f5es impostas \u00e0 Fase 3, a amarela, que n\u00e3o permite o funcionamento deste tipo de servi\u00e7o. Diante da situa\u00e7\u00e3o, o Minist\u00e9rio P\u00fablico Estadual (MPE) ingressou no F\u00f3rum da cidade com um pedido de liminar, em tutela de urg\u00eancia, para suspender o funcionamento deste tipo de atividade, sob pena de multa di\u00e1ria de R$ 50 mil, mas foi indeferido pela Justi\u00e7a.<\/p>\n<\/div>\n<div class=\"wall protected-content\">\n<div class=\"mc-column content-text active-extra-styles \" style=\"text-align: justify;\" data-block-type=\"unstyled\" data-block-weight=\"38\" data-block-id=\"3\">\n<p class=\"content-text__container \" data-track-category=\"Link no Texto\" data-track-links=\"\">Conforme o secret\u00e1rio municipal de Gabinete, Governo e Desenvolvimento Econ\u00f4mico, S\u00edlvio Aparecido Rodrigues, a cidade liberou as atividades das academias, pois, no entendimento jur\u00eddico que o munic\u00edpio defende, as atividades esportivas est\u00e3o enquadradas como essenciais pela lei federal.<\/p>\n<\/div>\n<div class=\"mc-column content-text active-extra-styles \" data-block-type=\"unstyled\" data-block-weight=\"18\" data-block-id=\"4\">\n<p class=\"content-text__container \" style=\"text-align: justify;\" data-track-category=\"Link no Texto\" data-track-links=\"\">Ele ainda explicou que existe um artigo do decreto estadual que daria a prerrogativa da retomada dessas atividades.<\/p>\n<div class=\"mc-column content-text active-extra-styles \" style=\"text-align: justify;\" data-block-type=\"unstyled\" data-block-weight=\"30\" data-block-id=\"8\">\n<p class=\"content-text__container \" data-track-category=\"Link no Texto\" data-track-links=\"\">O decreto que libera as academias \u00e9 da semana passada. No documento, ficam liberados v\u00e1rios tipos de academia e atividades esportivas, como gin\u00e1stica, muscula\u00e7\u00e3o, t\u00eanis, treinamento funcional e outros.<\/p>\n<\/div>\n<div class=\"mc-column content-text active-extra-styles \" style=\"text-align: justify;\" data-block-type=\"unstyled\" data-block-weight=\"39\" data-block-id=\"9\">\n<p class=\"content-text__container \" data-track-category=\"Link no Texto\" data-track-links=\"\">Por\u00e9m, as aulas em grupo est\u00e3o proibidas para que n\u00e3o haja contato entre os praticantes. Tamb\u00e9m \u00e9 preciso que os equipamentos passem por higieniza\u00e7\u00e3o. Al\u00e9m disso, funcion\u00e1rios e alunos precisam estar de m\u00e1scara e controlar a entrada de pessoas.<\/p>\n<\/div>\n<div class=\"mc-column content-text active-extra-styles \" style=\"text-align: justify;\" data-block-type=\"unstyled\" data-block-weight=\"13\" data-block-id=\"10\">\n<p class=\"content-text__container \" data-track-category=\"Link no Texto\" data-track-links=\"\">Os protocolos s\u00e3o definidos seguindo recomenda\u00e7\u00f5es do Conselho Federal de Educa\u00e7\u00e3o F\u00edsica.<\/p>\n<\/div>\n<div class=\"mc-column content-text active-extra-styles \" style=\"text-align: justify;\" data-block-type=\"unstyled\" data-block-weight=\"11\" data-block-id=\"11\">\n<p class=\"content-text__container \" data-track-category=\"Link no Texto\" data-track-links=\"\">Os idosos n\u00e3o ser\u00e3o permitidos nesses locais, ainda segundo as determina\u00e7\u00f5es.<\/p>\n<\/div>\n<div class=\"mc-column content-text active-extra-styles\" style=\"text-align: justify;\" data-block-type=\"raw\" data-block-weight=\"1\" data-block-id=\"12\">\n<div class=\"content-intertitle\">\n<h2>Processos<\/h2>\n<\/div>\n<\/div>\n<div class=\"mc-column content-text active-extra-styles \" style=\"text-align: justify;\" data-block-type=\"unstyled\" data-block-weight=\"93\" data-block-id=\"13\">\n<p class=\"content-text__container \" data-track-category=\"Link no Texto\" data-track-links=\"\">O MPE requereu, em tutela de urg\u00eancia, sem audi\u00eancia da parte contr\u00e1ria, a concess\u00e3o da liminar para impor \u00e0 Prefeitura de Dracena a obriga\u00e7\u00e3o de fazer em cumprir os decretos estaduais e todas as disposi\u00e7\u00f5es emanadas pelas autoridades sanit\u00e1rias do governo do Estado de S\u00e3o Paulo no que se refere \u00e0 pandemia da Covid-19 enquanto perdurar seus efeitos, suspendendo o funcionamento das atividades de academia de esportes das modalidades de gin\u00e1stica, muscula\u00e7\u00e3o, t\u00eanis, est\u00fadio personal, treinamento funcional, nata\u00e7\u00e3o, hidrogin\u00e1stica, est\u00fadio de dan\u00e7a, espa\u00e7o de pilates, espa\u00e7o com atividades de artes marciais e afins.<\/p>\n<\/div>\n<div class=\"mc-column content-text active-extra-styles \" style=\"text-align: justify;\" data-block-type=\"unstyled\" data-block-weight=\"33\" data-block-id=\"14\">\n<p class=\"content-text__container \" data-track-category=\"Link no Texto\" data-track-links=\"\">Ainda foi solicitado que o munic\u00edpio procedesse a orienta\u00e7\u00e3o \u00e0 popula\u00e7\u00e3o, fiscaliza\u00e7\u00e3o, execu\u00e7\u00e3o e cumprimento das determina\u00e7\u00f5es legais vigentes no tocante \u00e0 Vigil\u00e2ncia Epidemiol\u00f3gica, sob pena de multa di\u00e1ria de R$ 50 mil.<\/p>\n<\/div>\n<div class=\"mc-column content-text active-extra-styles \" style=\"text-align: justify;\" data-block-type=\"unstyled\" data-block-weight=\"26\" data-block-id=\"15\">\n<p class=\"content-text__container \" data-track-category=\"Link no Texto\" data-track-links=\"\">No entanto, a ju\u00edza de direito da 3\u00aa Vara Judicial da Comarca de Dracena, Aline Sugahara Bertaco, indeferiu o pedido de tutela de urg\u00eancia pleiteado.<\/p>\n<\/div>\n<div class=\"mc-column content-text active-extra-styles \" style=\"text-align: justify;\" data-block-type=\"unstyled\" data-block-weight=\"52\" data-block-id=\"16\">\n<p class=\"content-text__container \" data-track-category=\"Link no Texto\" data-track-links=\"\">A magistrada apresentou que,\u00a0<a href=\"https:\/\/g1.globo.com\/sp\/presidente-prudente-regiao\/noticia\/2020\/05\/27\/veja-como-as-medidas-da-flexibilizacao-da-quarentena-anunciadas-pelo-governo-do-estado-afetam-a-regiao-de-presidente-prudente.ghtml\">de acordo com o mapa do Plano S\u00e3o Paulo, a cidade de Dracena pertence \u00e0 \u00e1rea relativa ao Departamento Regional de Sa\u00fade (DRS) de Presidente Prudente<\/a>, que se encontra inserida na Fase 3 (amarela), na qual, de acordo com o organograma, n\u00e3o h\u00e1 previs\u00e3o de abertura de academia.<\/p>\n<\/div>\n<div class=\"mc-column content-text active-extra-styles \" style=\"text-align: justify;\" data-block-type=\"unstyled\" data-block-weight=\"53\" data-block-id=\"18\">\n<p class=\"content-text__container \" data-track-category=\"Link no Texto\" data-track-links=\"\">\u201cNo entanto, o artigo 7\u00ba do Decreto Estadual n\u00ba 64.994\/20 prev\u00ea que \u2018os munic\u00edpios paulistas inseridos nas fases laranja, amarela e verde, cujas circunst\u00e2ncias estruturais e epidemiol\u00f3gicas locais assim o permitirem, poder\u00e3o autorizar, mediante ato fundamentado de seu prefeito, a retomada gradual do atendimento presencial ao p\u00fablico de servi\u00e7os e atividades n\u00e3o essenciais\u201d.<\/p>\n<\/div>\n<div class=\"mc-column content-text active-extra-styles \" style=\"text-align: justify;\" data-block-type=\"unstyled\" data-block-weight=\"50\" data-block-id=\"19\">\n<p class=\"content-text__container \" data-track-category=\"Link no Texto\" data-track-links=\"\">Ainda foi colocado pela ju\u00edza que, \u201cno mesmo sentido, o slide de apresenta\u00e7\u00e3o do Plano S\u00e3o Paulo institu\u00eddo pelo Governo Estadual contemplou, expressamente, a autonomia das prefeituras municipais para flexibiliza\u00e7\u00e3o dos setores da economia, sendo que o Plano S\u00e3o Paulo j\u00e1 contempla os protocolos sanit\u00e1rios para o funcionamento de academias\u201d.<\/p>\n<\/div>\n<div class=\"mc-column content-text active-extra-styles \" data-block-type=\"unstyled\" data-block-weight=\"11\" data-block-id=\"20\">\n<p class=\"content-text__container \" style=\"text-align: justify;\" data-track-category=\"Link no Texto\" data-track-links=\"\">Sendo assim, indeferiu o pedido de tutela de urg\u00eancia pleiteado.<\/p>\n<p style=\"text-align: justify;\" data-track-category=\"Link no Texto\" data-track-links=\"\">Fonte: G1<\/p>\n<\/div>\n<\/div>\n<\/div>\n","protected":false},"excerpt":{"rendered":"<p>Magistrada colocou que Plano S\u00e3o Paulo d\u00e1 autonomia aos munic\u00edpios para a flexibiliza\u00e7\u00e3o dos setores da economia. A Prefeitura de\u00a0Dracena\u00a0liberou o funcionamento das academias apesar de restri\u00e7\u00f5es impostas \u00e0 Fase 3, a amarela, que n\u00e3o permite o funcionamento deste tipo de servi\u00e7o. Diante da situa\u00e7\u00e3o, o Minist\u00e9rio P\u00fablico Estadual (MPE) ingressou no F\u00f3rum da cidade [&hellip;]<\/p>\n","protected":false},"author":1,"featured_media":27411,"comment_status":"closed","ping_status":"open","sticky":false,"template":"","format":"standard","meta":{"footnotes":""},"categories":[120,110],"tags":[],"class_list":["post-27410","post","type-post","status-publish","format-standard","has-post-thumbnail","hentry","category-justicahabitacaotecnologia","category-noticiasdestaque"],"_links":{"self":[{"href":"https:\/\/jorgezanoni.com.br\/2019\/wp-json\/wp\/v2\/posts\/27410","targetHints":{"allow":["GET"]}}],"collection":[{"href":"https:\/\/jorgezanoni.com.br\/2019\/wp-json\/wp\/v2\/posts"}],"about":[{"href":"https:\/\/jorgezanoni.com.br\/2019\/wp-json\/wp\/v2\/types\/post"}],"author":[{"embeddable":true,"href":"https:\/\/jorgezanoni.com.br\/2019\/wp-json\/wp\/v2\/users\/1"}],"replies":[{"embeddable":true,"href":"https:\/\/jorgezanoni.com.br\/2019\/wp-json\/wp\/v2\/comments?post=27410"}],"version-history":[{"count":0,"href":"https:\/\/jorgezanoni.com.br\/2019\/wp-json\/wp\/v2\/posts\/27410\/revisions"}],"wp:featuredmedia":[{"embeddable":true,"href":"https:\/\/jorgezanoni.com.br\/2019\/wp-json\/wp\/v2\/media\/27411"}],"wp:attachment":[{"href":"https:\/\/jorgezanoni.com.br\/2019\/wp-json\/wp\/v2\/media?parent=27410"}],"wp:term":[{"taxonomy":"category","embeddable":true,"href":"https:\/\/jorgezanoni.com.br\/2019\/wp-json\/wp\/v2\/categories?post=27410"},{"taxonomy":"post_tag","embeddable":true,"href":"https:\/\/jorgezanoni.com.br\/2019\/wp-json\/wp\/v2\/tags?post=27410"}],"curies":[{"name":"wp","href":"https:\/\/api.w.org\/{rel}","templated":true}]}}