{"id":27407,"date":"2020-06-02T15:11:02","date_gmt":"2020-06-02T15:11:02","guid":{"rendered":"https:\/\/jorgezanoni.com.br\/2019\/?p=27407"},"modified":"2020-06-02T15:11:02","modified_gmt":"2020-06-02T15:11:02","slug":"homem-e-preso-suspeito-de-tentar-matar-a-ex-mulher-e-a-enteada-em-rancharia","status":"publish","type":"post","link":"https:\/\/jorgezanoni.com.br\/2019\/homem-e-preso-suspeito-de-tentar-matar-a-ex-mulher-e-a-enteada-em-rancharia\/","title":{"rendered":"Homem \u00e9 preso suspeito de tentar matar a ex-mulher e a enteada em Rancharia"},"content":{"rendered":"<h2 class=\"content-head__subtitle\" style=\"text-align: justify;\"><strong>Indiv\u00edduo utilizou uma faca para ferir as v\u00edtimas, de 36 e 13 anos. Crime foi na noite desta segunda-feira (1\u00ba).<\/strong><\/h2>\n<div class=\"mc-column content-text active-extra-styles \" data-block-type=\"unstyled\" data-block-weight=\"21\" data-block-id=\"2\">\n<p class=\"content-text__container \" style=\"text-align: justify;\" data-track-category=\"Link no Texto\" data-track-links=\"\">Um homem, de 29 anos, foi preso em flagrante por tentativa de feminic\u00eddio na noite desta segunda-feira (1\u00ba), em\u00a0<a href=\"https:\/\/g1.globo.com\/sp\/presidente-prudente-regiao\/cidade\/rancharia\/\">Rancharia<\/a>.<\/p>\n<\/div>\n<div class=\"wall protected-content\">\n<div class=\"mc-column content-text active-extra-styles \" style=\"text-align: justify;\" data-block-type=\"unstyled\" data-block-weight=\"23\" data-block-id=\"3\">\n<p class=\"content-text__container \" data-track-category=\"Link no Texto\" data-track-links=\"\">O homem, de acordo com a Pol\u00edcia Militar, tentou esfaquear a ex-am\u00e1sia, de 36 anos, e a filha dela, de 13 anos.<\/p>\n<\/div>\n<div class=\"mc-column content-text active-extra-styles \" style=\"text-align: justify;\" data-block-type=\"unstyled\" data-block-weight=\"28\" data-block-id=\"4\">\n<p class=\"content-text__container \" data-track-category=\"Link no Texto\" data-track-links=\"\">Conforme informado ao\u00a0<strong>G1<\/strong>\u00a0pelo delegado Pedro Jos\u00e9 da Silva, o indiv\u00edduo abordou as v\u00edtimas quando elas passavam por um terreno baldio, pr\u00f3ximo de onde elas moram.<\/p>\n<\/div>\n<div class=\"mc-column content-text active-extra-styles \" style=\"text-align: justify;\" data-block-type=\"unstyled\" data-block-weight=\"36\" data-block-id=\"5\">\n<p class=\"content-text__container \" data-track-category=\"Link no Texto\" data-track-links=\"\">&#8220;Ele tinha a inten\u00e7\u00e3o de machucar a ex-am\u00e1sia, que foi ferida levemente no pesco\u00e7o, mas ela conseguiu escapar. Ele conseguiu alcan\u00e7ar a filha dela e a machucou com uma faca&#8221;, explicou o delegado ao\u00a0<strong>G1<\/strong>.<\/p>\n<\/div>\n<div class=\"mc-column content-text active-extra-styles \" style=\"text-align: justify;\" data-block-type=\"unstyled\" data-block-weight=\"22\" data-block-id=\"6\">\n<p class=\"content-text__container \" data-track-category=\"Link no Texto\" data-track-links=\"\">De acordo com a Pol\u00edcia Militar, a crian\u00e7a foi atingida nas costas uma vez e no ombro direito por tr\u00eas vezes.<\/p>\n<\/div>\n<div class=\"mc-column content-text active-extra-styles \" style=\"text-align: justify;\" data-block-type=\"unstyled\" data-block-weight=\"32\" data-block-id=\"7\">\n<p class=\"content-text__container \" data-track-category=\"Link no Texto\" data-track-links=\"\">O homem tentou fugir, mas foi localizado e levado \u00e0 Delegacia da Pol\u00edcia Civil, em Rancharia, onde recebeu voz de pris\u00e3o em flagrante. A ocorr\u00eancia foi registrada como tentativa de feminic\u00eddio.<\/p>\n<\/div>\n<div class=\"mc-column content-text active-extra-styles \" style=\"text-align: justify;\" data-block-type=\"unstyled\" data-block-weight=\"18\" data-block-id=\"8\">\n<p class=\"content-text__container \" data-track-category=\"Link no Texto\" data-track-links=\"\">Ele permaneceu \u00e0 disposi\u00e7\u00e3o da Justi\u00e7a e aguarda por audi\u00eancia de cust\u00f3dia. A arma do crime foi apreendida.<\/p>\n<\/div>\n<div class=\"mc-column content-text active-extra-styles \" data-block-type=\"unstyled\" data-block-weight=\"19\" data-block-id=\"9\">\n<p class=\"content-text__container \" style=\"text-align: justify;\" data-track-category=\"Link no Texto\" data-track-links=\"\">&#8220;O indiv\u00edduo n\u00e3o se manifestou a respeito do crime, optou em ficar em sil\u00eancio&#8221;, acrescentou o delegado ao\u00a0<strong>G1<\/strong>.<\/p>\n<p data-track-category=\"Link no Texto\" data-track-links=\"\">Fonte: G1<\/p>\n<\/div>\n<\/div>\n","protected":false},"excerpt":{"rendered":"<p>Indiv\u00edduo utilizou uma faca para ferir as v\u00edtimas, de 36 e 13 anos. Crime foi na noite desta segunda-feira (1\u00ba). Um homem, de 29 anos, foi preso em flagrante por tentativa de feminic\u00eddio na noite desta segunda-feira (1\u00ba), em\u00a0Rancharia. O homem, de acordo com a Pol\u00edcia Militar, tentou esfaquear a ex-am\u00e1sia, de 36 anos, e [&hellip;]<\/p>\n","protected":false},"author":1,"featured_media":27408,"comment_status":"closed","ping_status":"open","sticky":false,"template":"","format":"standard","meta":{"footnotes":""},"categories":[110,2],"tags":[],"class_list":["post-27407","post","type-post","status-publish","format-standard","has-post-thumbnail","hentry","category-noticiasdestaque","category-policial"],"_links":{"self":[{"href":"https:\/\/jorgezanoni.com.br\/2019\/wp-json\/wp\/v2\/posts\/27407","targetHints":{"allow":["GET"]}}],"collection":[{"href":"https:\/\/jorgezanoni.com.br\/2019\/wp-json\/wp\/v2\/posts"}],"about":[{"href":"https:\/\/jorgezanoni.com.br\/2019\/wp-json\/wp\/v2\/types\/post"}],"author":[{"embeddable":true,"href":"https:\/\/jorgezanoni.com.br\/2019\/wp-json\/wp\/v2\/users\/1"}],"replies":[{"embeddable":true,"href":"https:\/\/jorgezanoni.com.br\/2019\/wp-json\/wp\/v2\/comments?post=27407"}],"version-history":[{"count":0,"href":"https:\/\/jorgezanoni.com.br\/2019\/wp-json\/wp\/v2\/posts\/27407\/revisions"}],"wp:featuredmedia":[{"embeddable":true,"href":"https:\/\/jorgezanoni.com.br\/2019\/wp-json\/wp\/v2\/media\/27408"}],"wp:attachment":[{"href":"https:\/\/jorgezanoni.com.br\/2019\/wp-json\/wp\/v2\/media?parent=27407"}],"wp:term":[{"taxonomy":"category","embeddable":true,"href":"https:\/\/jorgezanoni.com.br\/2019\/wp-json\/wp\/v2\/categories?post=27407"},{"taxonomy":"post_tag","embeddable":true,"href":"https:\/\/jorgezanoni.com.br\/2019\/wp-json\/wp\/v2\/tags?post=27407"}],"curies":[{"name":"wp","href":"https:\/\/api.w.org\/{rel}","templated":true}]}}