{"id":27402,"date":"2020-06-02T14:40:49","date_gmt":"2020-06-02T14:40:49","guid":{"rendered":"https:\/\/jorgezanoni.com.br\/2019\/?p=27402"},"modified":"2020-06-02T14:40:49","modified_gmt":"2020-06-02T14:40:49","slug":"tamandua-mirim-e-atropelado-e-morre-na-sp-294","status":"publish","type":"post","link":"https:\/\/jorgezanoni.com.br\/2019\/tamandua-mirim-e-atropelado-e-morre-na-sp-294\/","title":{"rendered":"Tamandu\u00e1-mirim \u00e9 atropelado e morre na SP-294"},"content":{"rendered":"<p style=\"text-align: justify;\">Um Tamandu\u00e1-mirim foi atropelado e morreu na rodovia Comandante Jo\u00e3o Ribeiro de Barros, SP-294, exatamente na divisa dos munic\u00edpios de Dracena e Junqueir\u00f3polis.<\/p>\n<p style=\"text-align: justify;\">O fato ocorreu no in\u00edcio da manh\u00e3 desta ter\u00e7a-feira (2), por\u00e9m ningu\u00e9m viu qual ve\u00edculo atropelou o pequeno animal.<\/p>\n<p style=\"text-align: justify;\">A regi\u00e3o \u00e9 conhecida como &#8220;Matinha&#8221; e de vez em quando um animal acaba morrendo nas imedia\u00e7\u00f5es. Seria interessante o DER limitar a velocidade naquele trecho como \u00e9 feito por exemplo no conhecido &#8220;Morro do Diabo&#8221;. Fica a sugest\u00e3o.<\/p>\n<p><img loading=\"lazy\" decoding=\"async\" class=\"alignnone size-full wp-image-27403\" src=\"https:\/\/jorgezanoni.com.br\/2019\/wp-content\/uploads\/2020\/06\/IMG_3885-2.jpg\" alt=\"\" width=\"800\" height=\"507\" srcset=\"https:\/\/jorgezanoni.com.br\/2019\/wp-content\/uploads\/2020\/06\/IMG_3885-2.jpg 800w, https:\/\/jorgezanoni.com.br\/2019\/wp-content\/uploads\/2020\/06\/IMG_3885-2-300x190.jpg 300w, https:\/\/jorgezanoni.com.br\/2019\/wp-content\/uploads\/2020\/06\/IMG_3885-2-768x487.jpg 768w, https:\/\/jorgezanoni.com.br\/2019\/wp-content\/uploads\/2020\/06\/IMG_3885-2-696x441.jpg 696w, https:\/\/jorgezanoni.com.br\/2019\/wp-content\/uploads\/2020\/06\/IMG_3885-2-663x420.jpg 663w\" sizes=\"auto, (max-width: 800px) 100vw, 800px\" \/> <img loading=\"lazy\" decoding=\"async\" class=\"alignnone size-full wp-image-27404\" src=\"https:\/\/jorgezanoni.com.br\/2019\/wp-content\/uploads\/2020\/06\/IMG_3886-2.jpg\" alt=\"\" width=\"800\" height=\"629\" srcset=\"https:\/\/jorgezanoni.com.br\/2019\/wp-content\/uploads\/2020\/06\/IMG_3886-2.jpg 800w, https:\/\/jorgezanoni.com.br\/2019\/wp-content\/uploads\/2020\/06\/IMG_3886-2-300x236.jpg 300w, https:\/\/jorgezanoni.com.br\/2019\/wp-content\/uploads\/2020\/06\/IMG_3886-2-768x604.jpg 768w, https:\/\/jorgezanoni.com.br\/2019\/wp-content\/uploads\/2020\/06\/IMG_3886-2-696x547.jpg 696w, https:\/\/jorgezanoni.com.br\/2019\/wp-content\/uploads\/2020\/06\/IMG_3886-2-534x420.jpg 534w\" sizes=\"auto, (max-width: 800px) 100vw, 800px\" \/><\/p>\n<p style=\"text-align: justify;\">Jorge Zanoni<\/p>\n<h1 id=\"firstHeading\" class=\"firstHeading\" lang=\"pt\" style=\"text-align: justify;\">Tamandu\u00e1-mirim<\/h1>\n<div id=\"bodyContent\" class=\"mw-body-content\">\n<div id=\"siteSub\" class=\"noprint\" style=\"text-align: justify;\"><\/div>\n<div id=\"contentSub\" style=\"text-align: justify;\"><\/div>\n<div id=\"mw-content-text\" class=\"mw-content-ltr\" dir=\"ltr\" lang=\"pt\">\n<div class=\"mw-parser-output\">\n<table class=\"infobox_v2\" border=\"0\" cellpadding=\"0\">\n<tbody>\n<tr>\n<th class=\"topo padrao\" colspan=\"2\"><span class=\"\"><span class=\"noprint\"><a title=\"Como ler uma infocaixa de taxonomia\" href=\"https:\/\/pt.wikipedia.org\/wiki\/Wikip%C3%A9dia:Como_ler_uma_caixa_taxon%C3%B3mica\"><img loading=\"lazy\" decoding=\"async\" src=\"https:\/\/upload.wikimedia.org\/wikipedia\/commons\/thumb\/3\/35\/Information_icon.svg\/15px-Information_icon.svg.png\" srcset=\"\/\/upload.wikimedia.org\/wikipedia\/commons\/thumb\/3\/35\/Information_icon.svg\/23px-Information_icon.svg.png 1.5x, \/\/upload.wikimedia.org\/wikipedia\/commons\/thumb\/3\/35\/Information_icon.svg\/30px-Information_icon.svg.png 2x\" alt=\"Como ler uma infocaixa de taxonomia\" width=\"15\" height=\"15\" data-file-width=\"620\" data-file-height=\"620\" \/><\/a><\/span>Tamandu\u00e1-mirim<sup id=\"cite_ref-MSW3_1-0\" class=\"reference\"><a href=\"https:\/\/pt.wikipedia.org\/wiki\/Tamandu%C3%A1-mirim#cite_note-MSW3-1\">[1]<\/a><\/sup><\/span><\/th>\n<\/tr>\n<tr>\n<td colspan=\"2\">\n<div><a class=\"image\" title=\"Tamandua tetradactyla\" href=\"https:\/\/pt.wikipedia.org\/wiki\/Ficheiro:T_tetradactyla_1.jpg\"><img loading=\"lazy\" decoding=\"async\" src=\"https:\/\/upload.wikimedia.org\/wikipedia\/commons\/thumb\/2\/26\/T_tetradactyla_1.jpg\/250px-T_tetradactyla_1.jpg\" srcset=\"\/\/upload.wikimedia.org\/wikipedia\/commons\/thumb\/2\/26\/T_tetradactyla_1.jpg\/375px-T_tetradactyla_1.jpg 1.5x, \/\/upload.wikimedia.org\/wikipedia\/commons\/2\/26\/T_tetradactyla_1.jpg 2x\" alt=\"Tamandua tetradactyla\" width=\"250\" height=\"325\" data-file-width=\"492\" data-file-height=\"640\" \/><\/a><br \/>\n<i>Tamandua tetradactyla<\/i><\/div>\n<\/td>\n<\/tr>\n<tr>\n<th colspan=\"2\"><a title=\"Estado de conserva\u00e7\u00e3o\" href=\"https:\/\/pt.wikipedia.org\/wiki\/Estado_de_conserva%C3%A7%C3%A3o\">Estado de conserva\u00e7\u00e3o<\/a><\/th>\n<\/tr>\n<tr>\n<td colspan=\"2\"><a class=\"image\" title=\"Esp\u00e9cie pouco preocupante\" href=\"https:\/\/pt.wikipedia.org\/wiki\/Ficheiro:Status_iucn3.1_LC_pt.svg\"><img loading=\"lazy\" decoding=\"async\" src=\"https:\/\/upload.wikimedia.org\/wikipedia\/commons\/thumb\/c\/c5\/Status_iucn3.1_LC_pt.svg\/200px-Status_iucn3.1_LC_pt.svg.png\" srcset=\"\/\/upload.wikimedia.org\/wikipedia\/commons\/thumb\/c\/c5\/Status_iucn3.1_LC_pt.svg\/300px-Status_iucn3.1_LC_pt.svg.png 1.5x, \/\/upload.wikimedia.org\/wikipedia\/commons\/thumb\/c\/c5\/Status_iucn3.1_LC_pt.svg\/400px-Status_iucn3.1_LC_pt.svg.png 2x\" alt=\"Esp\u00e9cie pouco preocupante\" width=\"200\" height=\"53\" data-file-width=\"240\" data-file-height=\"64\" \/><\/a><br \/>\n<small><a title=\"Esp\u00e9cie pouco preocupante\" href=\"https:\/\/pt.wikipedia.org\/wiki\/Esp%C3%A9cie_pouco_preocupante\">Pouco preocupante<\/a><\/small>\u00a0<small>(<a class=\"mw-redirect\" title=\"Lista Vermelha da IUCN\" href=\"https:\/\/pt.wikipedia.org\/wiki\/Lista_Vermelha_da_IUCN\">IUCN 3.1<\/a>)<\/small>\u00a0<small><sup id=\"cite_ref-iucn_2-0\" class=\"reference\"><a href=\"https:\/\/pt.wikipedia.org\/wiki\/Tamandu%C3%A1-mirim#cite_note-iucn-2\">[2]<\/a><\/sup><\/small><\/td>\n<\/tr>\n<tr>\n<th colspan=\"2\"><a title=\"Classifica\u00e7\u00e3o cient\u00edfica\" href=\"https:\/\/pt.wikipedia.org\/wiki\/Classifica%C3%A7%C3%A3o_cient%C3%ADfica\">Classifica\u00e7\u00e3o cient\u00edfica<\/a><\/th>\n<\/tr>\n<tr>\n<td colspan=\"2\">\n<table cellpadding=\"3\">\n<tbody>\n<tr>\n<td><a title=\"Reino (biologia)\" href=\"https:\/\/pt.wikipedia.org\/wiki\/Reino_(biologia)\">Reino<\/a>:<\/td>\n<td><a title=\"Animalia\" href=\"https:\/\/pt.wikipedia.org\/wiki\/Animalia\">Animalia<\/a><br \/>\n<small><\/small><\/td>\n<\/tr>\n<tr>\n<td><a title=\"Filo\" href=\"https:\/\/pt.wikipedia.org\/wiki\/Filo\">Filo<\/a>:<\/td>\n<td><a class=\"mw-redirect\" title=\"Chordata\" href=\"https:\/\/pt.wikipedia.org\/wiki\/Chordata\">Chordata<\/a><br \/>\n<small><\/small><\/td>\n<\/tr>\n<tr>\n<td><a title=\"Classe (biologia)\" href=\"https:\/\/pt.wikipedia.org\/wiki\/Classe_(biologia)\">Classe<\/a>:<\/td>\n<td><a class=\"mw-redirect\" title=\"Mammalia\" href=\"https:\/\/pt.wikipedia.org\/wiki\/Mammalia\">Mammalia<\/a><br \/>\n<small><\/small><\/td>\n<\/tr>\n<tr>\n<td><a title=\"Classe (biologia)\" href=\"https:\/\/pt.wikipedia.org\/wiki\/Classe_(biologia)\">Infraclasse<\/a>:<\/td>\n<td><a class=\"mw-redirect\" title=\"Placentalia\" href=\"https:\/\/pt.wikipedia.org\/wiki\/Placentalia\">Placentalia<\/a><br \/>\n<small><\/small><\/td>\n<\/tr>\n<tr>\n<td><a title=\"Ordem (biologia)\" href=\"https:\/\/pt.wikipedia.org\/wiki\/Ordem_(biologia)\">Superordem<\/a>:<\/td>\n<td><a title=\"Xenarthra\" href=\"https:\/\/pt.wikipedia.org\/wiki\/Xenarthra\">Xenarthra<\/a><br \/>\n<small><\/small><\/td>\n<\/tr>\n<tr>\n<td><a title=\"Ordem (biologia)\" href=\"https:\/\/pt.wikipedia.org\/wiki\/Ordem_(biologia)\">Ordem<\/a>:<\/td>\n<td><a title=\"Pilosa\" href=\"https:\/\/pt.wikipedia.org\/wiki\/Pilosa\">Pilosa<\/a><br \/>\n<small><\/small><\/td>\n<\/tr>\n<tr>\n<td><a title=\"Fam\u00edlia (biologia)\" href=\"https:\/\/pt.wikipedia.org\/wiki\/Fam%C3%ADlia_(biologia)\">Fam\u00edlia<\/a>:<\/td>\n<td><a title=\"Myrmecophagidae\" href=\"https:\/\/pt.wikipedia.org\/wiki\/Myrmecophagidae\">Myrmecophagidae<\/a><br \/>\n<small><\/small><\/td>\n<\/tr>\n<tr>\n<td><a title=\"G\u00e9nero (biologia)\" href=\"https:\/\/pt.wikipedia.org\/wiki\/G%C3%A9nero_(biologia)\">G\u00e9nero<\/a>:<\/td>\n<td><i><a title=\"Tamandua\" href=\"https:\/\/pt.wikipedia.org\/wiki\/Tamandua\">Tamandua<\/a><\/i><br \/>\n<small><\/small><\/td>\n<\/tr>\n<tr>\n<td><a title=\"Esp\u00e9cie\" href=\"https:\/\/pt.wikipedia.org\/wiki\/Esp%C3%A9cie\">Esp\u00e9cie<\/a>:<\/td>\n<td><i><b>T. tetradactyla<\/b><\/i><br \/>\n<small><\/small><\/td>\n<\/tr>\n<\/tbody>\n<\/table>\n<\/td>\n<\/tr>\n<tr>\n<th colspan=\"2\"><a title=\"Nomenclatura binomial\" href=\"https:\/\/pt.wikipedia.org\/wiki\/Nomenclatura_binomial\">Nome binomial<\/a><\/th>\n<\/tr>\n<tr>\n<td colspan=\"2\"><i><b>Tamandua tetradactyla<\/b><\/i><br \/>\n<small>(<a class=\"mw-redirect\" title=\"Carolus Linnaeus\" href=\"https:\/\/pt.wikipedia.org\/wiki\/Carolus_Linnaeus\">Linnaeus<\/a>, 1758)<\/small><\/td>\n<\/tr>\n<tr>\n<th colspan=\"2\">Distribui\u00e7\u00e3o geogr\u00e1fica<\/th>\n<\/tr>\n<tr>\n<td colspan=\"2\"><a class=\"image\" title=\"Distribui\u00e7\u00e3o geogr\u00e1fica\" href=\"https:\/\/pt.wikipedia.org\/wiki\/Ficheiro:Collared_Anteater_area.png\"><img loading=\"lazy\" decoding=\"async\" src=\"https:\/\/upload.wikimedia.org\/wikipedia\/commons\/5\/51\/Collared_Anteater_area.png\" alt=\"Distribui\u00e7\u00e3o geogr\u00e1fica\" width=\"240\" height=\"361\" data-file-width=\"212\" data-file-height=\"319\" \/><\/a><\/p>\n<div>Distribui\u00e7\u00e3o geogr\u00e1fica<\/div>\n<\/td>\n<\/tr>\n<tr>\n<th colspan=\"2\">Subesp\u00e9cies<\/th>\n<\/tr>\n<tr>\n<td colspan=\"2\">\n<ul>\n<li><i>T. t. tetradactyla<\/i>\u00a0<small>Linnaeus, 1758<\/small><\/li>\n<li><i>T. t. nigra<\/i>\u00a0<small>Geoffroy, 1803<\/small><\/li>\n<li><i>T. t. quichua<\/i>\u00a0<small>Thomas, 1927<\/small><\/li>\n<li><i>T. t. straminea<\/i>\u00a0<small>Cope, 1889<\/small><\/li>\n<\/ul>\n<\/td>\n<\/tr>\n<tr>\n<th colspan=\"2\"><a title=\"Sinon\u00edmia (taxonomia)\" href=\"https:\/\/pt.wikipedia.org\/wiki\/Sinon%C3%ADmia_(taxonomia)\">Sin\u00f3nimos<\/a><\/th>\n<\/tr>\n<tr>\n<td colspan=\"2\">\n<ul>\n<li><i>longicaudata<\/i>\u00a0<small>Turner, 1853<\/small><\/li>\n<li><i>nigra<\/i>\u00a0<small>Beaux, 1908<\/small><\/li>\n<li><i>opisthomelas<\/i>\u00a0<small>Gray, 1873<\/small><\/li>\n<li><i>tamandua<\/i>\u00a0<small>G. Cuvier, 1798<\/small><\/li>\n<li><i>mexianae<\/i>\u00a0<small>Cabrera, 1958<\/small><\/li>\n<li><i>longicauda<\/i>\u00a0<small>Vesey-FitzGerald, 1936<\/small><\/li>\n<li><i>longicauda<\/i>\u00a0<small>Rode, 1937<\/small><\/li>\n<\/ul>\n<\/td>\n<\/tr>\n<\/tbody>\n<\/table>\n<p>O <b>tamandu\u00e1-mirim<\/b>\u00a0(<a class=\"mw-redirect\" title=\"Nome cient\u00edfico\" href=\"https:\/\/pt.wikipedia.org\/wiki\/Nome_cient%C3%ADfico\">nome cient\u00edfico<\/a>:<i><b>Tamandua tetradactyla<\/b><\/i>), tamb\u00e9m chamado\u00a0<b>tamandu\u00e1-colete<\/b>,\u00a0<b>jaleco<\/b>,\u00a0<b>mambira, mbira<\/b>,\u00a0<b>melete<\/b>\u00a0ou\u00a0<b>mixila<\/b>,<sup id=\"cite_ref-3\" class=\"reference\"><a href=\"https:\/\/pt.wikipedia.org\/wiki\/Tamandu%C3%A1-mirim#cite_note-3\">[3]<\/a><\/sup>\u00a0\u00e9 um\u00a0<a class=\"mw-redirect\" title=\"Mam\u00edfero\" href=\"https:\/\/pt.wikipedia.org\/wiki\/Mam%C3%ADfero\">mam\u00edfero<\/a>\u00a0<a class=\"mw-redirect\" title=\"Xenartro\" href=\"https:\/\/pt.wikipedia.org\/wiki\/Xenartro\">xenartro<\/a>\u00a0da fam\u00edlia\u00a0<a title=\"Myrmecophagidae\" href=\"https:\/\/pt.wikipedia.org\/wiki\/Myrmecophagidae\">Myrmecophagidae<\/a>, sendo encontrado da\u00a0<a title=\"Venezuela\" href=\"https:\/\/pt.wikipedia.org\/wiki\/Venezuela\">Venezuela<\/a>\u00a0ao sul do\u00a0<a title=\"Brasil\" href=\"https:\/\/pt.wikipedia.org\/wiki\/Brasil\">Brasil<\/a>. \u00c9 uma das quatro esp\u00e9cies de\u00a0<a class=\"mw-redirect\" title=\"Tamandu\u00e1\" href=\"https:\/\/pt.wikipedia.org\/wiki\/Tamandu%C3%A1\">tamandu\u00e1s<\/a>\u00a0e junto com as\u00a0<a class=\"mw-redirect\" title=\"Bicho-pregui\u00e7a\" href=\"https:\/\/pt.wikipedia.org\/wiki\/Bicho-pregui%C3%A7a\">pregui\u00e7as<\/a>\u00a0est\u00e1 inclu\u00eddo na ordem\u00a0<a title=\"Pilosa\" href=\"https:\/\/pt.wikipedia.org\/wiki\/Pilosa\">Pilosa<\/a>. S\u00e3o reconhecidas quatro\u00a0<a title=\"Subesp\u00e9cie\" href=\"https:\/\/pt.wikipedia.org\/wiki\/Subesp%C3%A9cie\">subesp\u00e9cies<\/a>. \u00c9 um animal\u00a0<a title=\"Arbor\u00edcola\" href=\"https:\/\/pt.wikipedia.org\/wiki\/Arbor%C3%ADcola\">arbor\u00edcola<\/a>\u00a0e pode ter at\u00e9 105 cm de comprimento. \u00c9 reconhecido principalmente por um padr\u00e3o de pelagem que faz com que pare\u00e7a que ele usa um colete preto, apesar de que essa colora\u00e7\u00e3o pode variar, com indiv\u00edduos totalmente pretos ou marrons. Possui longas garras nas patas anteriores, e caminha apoiando o peso sobre os pulsos dos membros anteriores, contrastando com o\u00a0<a title=\"Tamandu\u00e1-bandeira\" href=\"https:\/\/pt.wikipedia.org\/wiki\/Tamandu%C3%A1-bandeira\">tamandu\u00e1-bandeira<\/a>, que \u00e9\u00a0<a title=\"Nodopedalia\" href=\"https:\/\/pt.wikipedia.org\/wiki\/Nodopedalia\">nodoped\u00e1lico<\/a>.<\/p>\n<p style=\"text-align: justify;\">\nPode ser encontrado em muitos ambientes, desde\u00a0<a title=\"Floresta\" href=\"https:\/\/pt.wikipedia.org\/wiki\/Floresta\">florestas<\/a>\u00a0at\u00e9\u00a0<a title=\"Savana\" href=\"https:\/\/pt.wikipedia.org\/wiki\/Savana\">savanas<\/a>, mas \u00e9 predominantemente florestal, sendo encontrado com frequ\u00eancia em bordas de florestas, preferindo\u00a0<a title=\"Forrageamento\" href=\"https:\/\/pt.wikipedia.org\/wiki\/Forrageamento\">forragear<\/a>\u00a0nesses ambientes. S\u00e3o animais solit\u00e1rios, de h\u00e1bitos que podem ser tanto diurnos quanto noturnos. Se alimenta preferencialmente de\u00a0<a title=\"Formiga\" href=\"https:\/\/pt.wikipedia.org\/wiki\/Formiga\">formigas<\/a>\u00a0e\u00a0<a class=\"mw-redirect\" title=\"Cupins\" href=\"https:\/\/pt.wikipedia.org\/wiki\/Cupins\">cupins<\/a>, preferindo as castas reprodutivas de formigas, e n\u00e3o soldados. Seus predadores incluem\u00a0<a class=\"mw-redirect\" title=\"Felino\" href=\"https:\/\/pt.wikipedia.org\/wiki\/Felino\">felinos<\/a>\u00a0de grande e m\u00e9dio porte, como a\u00a0<a class=\"mw-redirect\" title=\"On\u00e7a-pintada\" href=\"https:\/\/pt.wikipedia.org\/wiki\/On%C3%A7a-pintada\">on\u00e7a-pintada<\/a>, a\u00a0<a class=\"mw-redirect\" title=\"Su\u00e7uarana\" href=\"https:\/\/pt.wikipedia.org\/wiki\/Su%C3%A7uarana\">su\u00e7uarana<\/a>\u00a0e a\u00a0<a title=\"Jaguatirica\" href=\"https:\/\/pt.wikipedia.org\/wiki\/Jaguatirica\">jaguatirica<\/a>. Os filhotes s\u00e3o carregados nas costas da m\u00e3e, at\u00e9 que se tornem independentes, mas ocasionalmente podem ser deixados em &#8220;ninhos&#8221;.<\/p>\n<p style=\"text-align: justify;\">Est\u00e1 listado como &#8220;pouco preocupante&#8221; pela\u00a0<a class=\"mw-redirect\" title=\"IUCN\" href=\"https:\/\/pt.wikipedia.org\/wiki\/IUCN\">IUCN<\/a>. Apresenta distribui\u00e7\u00e3o geogr\u00e1fica ampla, e \u00e9 relativamente abundante nos locais em que ocorre, apesar de j\u00e1 terem ocorrido extin\u00e7\u00f5es locais. N\u00e3o parece haver grandes amea\u00e7as para o tamandu\u00e1-mirim, apesar de que a ca\u00e7a para alimento ou venda como\u00a0<a title=\"Animal de estima\u00e7\u00e3o\" href=\"https:\/\/pt.wikipedia.org\/wiki\/Animal_de_estima%C3%A7%C3%A3o\">animal de estima\u00e7\u00e3o<\/a>, preda\u00e7\u00e3o por\u00a0<a title=\"C\u00e3o\" href=\"https:\/\/pt.wikipedia.org\/wiki\/C%C3%A3o\">c\u00e3es<\/a>\u00a0representam perigo \u00e0 sobreviv\u00eancia das popula\u00e7\u00f5es dessa esp\u00e9cie. No\u00a0<a title=\"Uruguai\" href=\"https:\/\/pt.wikipedia.org\/wiki\/Uruguai\">Uruguai<\/a>, as popula\u00e7\u00f5es tendem a diminuir principalmente por conta da substitui\u00e7\u00e3o de \u00e1reas naturais por planta\u00e7\u00f5es de\u00a0<i><a title=\"Eucalyptus\" href=\"https:\/\/pt.wikipedia.org\/wiki\/Eucalyptus\">Eucalyptus<\/a><\/i>.<\/p>\n<p style=\"text-align: justify;\">Fonte: https:\/\/pt.wikipedia.org\/wiki\/Tamandu%C3%A1-mirim<\/p>\n<p>&nbsp;<\/p>\n<\/div>\n<\/div>\n<\/div>\n","protected":false},"excerpt":{"rendered":"<p>Um Tamandu\u00e1-mirim foi atropelado e morreu na rodovia Comandante Jo\u00e3o Ribeiro de Barros, SP-294, exatamente na divisa dos munic\u00edpios de Dracena e Junqueir\u00f3polis. O fato ocorreu no in\u00edcio da manh\u00e3 desta ter\u00e7a-feira (2), por\u00e9m ningu\u00e9m viu qual ve\u00edculo atropelou o pequeno animal. A regi\u00e3o \u00e9 conhecida como &#8220;Matinha&#8221; e de vez em quando um animal [&hellip;]<\/p>\n","protected":false},"author":1,"featured_media":27405,"comment_status":"closed","ping_status":"open","sticky":false,"template":"","format":"standard","meta":{"footnotes":""},"categories":[176,110],"tags":[],"class_list":["post-27402","post","type-post","status-publish","format-standard","has-post-thumbnail","hentry","category-meioambienteeagricultura","category-noticiasdestaque"],"_links":{"self":[{"href":"https:\/\/jorgezanoni.com.br\/2019\/wp-json\/wp\/v2\/posts\/27402","targetHints":{"allow":["GET"]}}],"collection":[{"href":"https:\/\/jorgezanoni.com.br\/2019\/wp-json\/wp\/v2\/posts"}],"about":[{"href":"https:\/\/jorgezanoni.com.br\/2019\/wp-json\/wp\/v2\/types\/post"}],"author":[{"embeddable":true,"href":"https:\/\/jorgezanoni.com.br\/2019\/wp-json\/wp\/v2\/users\/1"}],"replies":[{"embeddable":true,"href":"https:\/\/jorgezanoni.com.br\/2019\/wp-json\/wp\/v2\/comments?post=27402"}],"version-history":[{"count":0,"href":"https:\/\/jorgezanoni.com.br\/2019\/wp-json\/wp\/v2\/posts\/27402\/revisions"}],"wp:featuredmedia":[{"embeddable":true,"href":"https:\/\/jorgezanoni.com.br\/2019\/wp-json\/wp\/v2\/media\/27405"}],"wp:attachment":[{"href":"https:\/\/jorgezanoni.com.br\/2019\/wp-json\/wp\/v2\/media?parent=27402"}],"wp:term":[{"taxonomy":"category","embeddable":true,"href":"https:\/\/jorgezanoni.com.br\/2019\/wp-json\/wp\/v2\/categories?post=27402"},{"taxonomy":"post_tag","embeddable":true,"href":"https:\/\/jorgezanoni.com.br\/2019\/wp-json\/wp\/v2\/tags?post=27402"}],"curies":[{"name":"wp","href":"https:\/\/api.w.org\/{rel}","templated":true}]}}