{"id":27371,"date":"2020-06-01T23:09:43","date_gmt":"2020-06-01T23:09:43","guid":{"rendered":"https:\/\/jorgezanoni.com.br\/2019\/?p=27371"},"modified":"2020-06-01T23:09:43","modified_gmt":"2020-06-01T23:09:43","slug":"policia-investiga-acidente-que-matou-casal-de-adamantina-velorio-so-acontece-amanha","status":"publish","type":"post","link":"https:\/\/jorgezanoni.com.br\/2019\/policia-investiga-acidente-que-matou-casal-de-adamantina-velorio-so-acontece-amanha\/","title":{"rendered":"Pol\u00edcia investiga acidente que matou casal de Adamantina, vel\u00f3rio s\u00f3 acontece amanh\u00e3"},"content":{"rendered":"<p style=\"text-align: justify;\">A Pol\u00edcia iniciou a investiga\u00e7\u00e3o sobre o acidente ocorrido por volta das 16h30 no km 64 da Rodovia Pl\u00e1cido Rocha, trecho pertencente \u00e0 Valpara\u00edso (pr\u00f3ximo da ponte do Rio Aguape\u00ed) e que vitimou fatalmente o casal adamantinense Nelson Gomes de Brito, 61 anos, e sua companheira S\u00f4nia Aparecida de Aquino, 59 anos, ambos residentes em Adamantina.<\/p>\n<p style=\"text-align: justify;\"><strong>CLIQUE AQUI E VEJA A MAT\u00c9RIA DO ACIDENTE<br \/>\n<\/strong><br \/>\nSegundo informa\u00e7\u00f5es da Pol\u00edcia, chegando no local, a equipe de servi\u00e7o encontrou o caminh\u00e3o Mercedes-Benz Axor, com placas de Adamantina, atrelado a dois semirreboques.<\/p>\n<p style=\"text-align: justify;\">O condutor do ve\u00edculo, um ajudante de motorista de 59 anos, tamb\u00e9m residente em Adamantina, disse aos policiais que seguia pela pista e quando atravessava a ponte, percebeu um Ford Belina no acostamento do lado direito.<\/p>\n<p style=\"text-align: justify;\">De acordo com ele, de repente o condutor do carro tentou cruzar a pista na frente do caminh\u00e3o, sendo imposs\u00edvel evitar a colis\u00e3o.<\/p>\n<p style=\"text-align: justify;\">\n<p style=\"text-align: justify;\"><strong>SOCORRO<\/strong><\/p>\n<p style=\"text-align: justify;\">Ele disse ainda que estava na velocidade padr\u00e3o de aproximadamente 70 quil\u00f4metros por hora e que o outro ve\u00edculo entrou na pista muito r\u00e1pido e bem pr\u00f3ximo ao caminh\u00e3o.<\/p>\n<p style=\"text-align: justify;\">Com a colis\u00e3o, a Belina foi jogada para o lado esquerdo do caminh\u00e3o e ele freou em seguida, foi at\u00e9 o carro para tentar socorrer os ocupantes. Ainda segundo o motorista, logo ap\u00f3s a colis\u00e3o, um carro da usina para a qual presta servi\u00e7o passou pelo local e o socorro foi acionado.<\/p>\n<p style=\"text-align: justify;\">O ajudante de motorista fez o teste do baf\u00f4metro, que constatou que ele n\u00e3o havia ingerido bebida alco\u00f3lica.<\/p>\n<p style=\"text-align: justify;\"><strong>PER\u00cdCIA<\/strong><\/p>\n<p style=\"text-align: justify;\">Equipe do Instituto de Criminal\u00edstica realizou per\u00edcia no local do acidente coletando dados e imagens que ser\u00e3o anexadas ao laudo que deve ser emitido nos pr\u00f3ximos dias sendo juntado ao inqu\u00e9rito policial.<\/p>\n<p style=\"text-align: justify;\">Os corpos foram encaminhados ao IML (Instituto M\u00e9dico Legal) para exame necrosc\u00f3pico e um boletim de homic\u00eddio culposo (sem inten\u00e7\u00e3o) na dire\u00e7\u00e3o de ve\u00edculo foi registrado.<\/p>\n<p style=\"text-align: justify;\"><strong>FAM\u00cdLIA SOFRE COM A DEMORA NA LIBERA\u00c7\u00c3O DOS CORPOS PELO IML<br \/>\n<\/strong><br \/>\nNa tarde desta segunda-feira (1), nossa reportagem falou com familiares das v\u00edtimas fatais que al\u00e9m de sofrerem a perda do ente querido, tamb\u00e9m foram obrigados a esperar a morosidade do Instituto M\u00e9dico Legal de Ara\u00e7atuba na realiza\u00e7\u00e3o dos exames nos corpos.<\/p>\n<p style=\"text-align: justify;\">Segundo a fam\u00edlia, os corpos foram entregues no IML pela Funer\u00e1ria Flor de L\u00f3tus \u00e0s 19h de domingo e s\u00f3 foram liberados hoje, \u00e0s 11h39, ou seja, ap\u00f3s quase 17 horas de longa e dolorosa espera.<\/p>\n<p style=\"text-align: justify;\">Por conta do prazo e do tempo h\u00e1bil para vel\u00f3rio, que \u00e9 de apenas quatro horas devido o decreto do Covid-19, a fam\u00edlia achou por bem realizar o vel\u00f3rio com in\u00edcio \u00e0s 6h desta ter\u00e7a-feira (2) e sepultamento \u00e0s 10h no Cemit\u00e9rio da Saudade em Adamantina.<\/p>\n<p style=\"text-align: justify;\">Fonte: Hoje Mais<\/p>\n<p>&nbsp;<\/p>\n","protected":false},"excerpt":{"rendered":"<p>A Pol\u00edcia iniciou a investiga\u00e7\u00e3o sobre o acidente ocorrido por volta das 16h30 no km 64 da Rodovia Pl\u00e1cido Rocha, trecho pertencente \u00e0 Valpara\u00edso (pr\u00f3ximo da ponte do Rio Aguape\u00ed) e que vitimou fatalmente o casal adamantinense Nelson Gomes de Brito, 61 anos, e sua companheira S\u00f4nia Aparecida de Aquino, 59 anos, ambos residentes em [&hellip;]<\/p>\n","protected":false},"author":1,"featured_media":27372,"comment_status":"closed","ping_status":"open","sticky":false,"template":"","format":"standard","meta":{"footnotes":""},"categories":[170,110],"tags":[],"class_list":["post-27371","post","type-post","status-publish","format-standard","has-post-thumbnail","hentry","category-acidentes","category-noticiasdestaque"],"_links":{"self":[{"href":"https:\/\/jorgezanoni.com.br\/2019\/wp-json\/wp\/v2\/posts\/27371","targetHints":{"allow":["GET"]}}],"collection":[{"href":"https:\/\/jorgezanoni.com.br\/2019\/wp-json\/wp\/v2\/posts"}],"about":[{"href":"https:\/\/jorgezanoni.com.br\/2019\/wp-json\/wp\/v2\/types\/post"}],"author":[{"embeddable":true,"href":"https:\/\/jorgezanoni.com.br\/2019\/wp-json\/wp\/v2\/users\/1"}],"replies":[{"embeddable":true,"href":"https:\/\/jorgezanoni.com.br\/2019\/wp-json\/wp\/v2\/comments?post=27371"}],"version-history":[{"count":0,"href":"https:\/\/jorgezanoni.com.br\/2019\/wp-json\/wp\/v2\/posts\/27371\/revisions"}],"wp:featuredmedia":[{"embeddable":true,"href":"https:\/\/jorgezanoni.com.br\/2019\/wp-json\/wp\/v2\/media\/27372"}],"wp:attachment":[{"href":"https:\/\/jorgezanoni.com.br\/2019\/wp-json\/wp\/v2\/media?parent=27371"}],"wp:term":[{"taxonomy":"category","embeddable":true,"href":"https:\/\/jorgezanoni.com.br\/2019\/wp-json\/wp\/v2\/categories?post=27371"},{"taxonomy":"post_tag","embeddable":true,"href":"https:\/\/jorgezanoni.com.br\/2019\/wp-json\/wp\/v2\/tags?post=27371"}],"curies":[{"name":"wp","href":"https:\/\/api.w.org\/{rel}","templated":true}]}}