{"id":27368,"date":"2020-06-01T22:51:28","date_gmt":"2020-06-01T22:51:28","guid":{"rendered":"https:\/\/jorgezanoni.com.br\/2019\/?p=27368"},"modified":"2020-06-01T22:51:28","modified_gmt":"2020-06-01T22:51:28","slug":"mulher-fica-ferida-em-colisao-envolvendo-dois-veiculos-sp-294-no-municipio-de-iacri","status":"publish","type":"post","link":"https:\/\/jorgezanoni.com.br\/2019\/mulher-fica-ferida-em-colisao-envolvendo-dois-veiculos-sp-294-no-municipio-de-iacri\/","title":{"rendered":"Mulher fica ferida em colis\u00e3o envolvendo dois ve\u00edculos SP-294, no munic\u00edpio de Iacri"},"content":{"rendered":"<p style=\"text-align: justify;\">Uma mulher sofreu ferimentos e precisou de cuidados m\u00e9dicos ap\u00f3s acidente envolvendo dois ve\u00edculos na Rodovia Comandante Jo\u00e3o Ribeiro de Barros (SP-294), altura do munic\u00edpio de Iacri, no in\u00edcio da noite deste domingo, dia 31. Os motoristas do Monza e da Fiat Toro n\u00e3o sofreram ferimentos. A colis\u00e3o lateral aconteceu por volta das 19h30.<\/p>\n<p>Segundo informa\u00e7\u00f5es, a picape Fiat Toro seguia pela rodovia e na altura do quil\u00f4metro 540 mais 700 metros o ve\u00edculo Monza, que saia de uma propriedade rural, adentrou a rodovia e ocorreu a colis\u00e3o lateral. Com v\u00e1rios ferimentos, a passageira do Monza foi socorrida pela unidade do Corpo de Bombeiros para a Santa Casa de Tup\u00e3.<\/p>\n<p>Os motoristas nadasofreram ferimentos, por\u00e9m o condutor do Monza, ap\u00f3s realizar teste do etil\u00f4metro, que acusou ingest\u00e3o de bebida alco\u00f3lica, foi conduzido para a Central de Pol\u00edcia Judici\u00e1ria (CPJ) de Tup\u00e3 pela Pol\u00edcia Militar Rodovi\u00e1ria para demais provid\u00eancias e registro da ocorr\u00eancia.<\/p>\n<p style=\"text-align: justify;\">Fonte: Bastos J\u00e1<\/p>\n","protected":false},"excerpt":{"rendered":"<p>Uma mulher sofreu ferimentos e precisou de cuidados m\u00e9dicos ap\u00f3s acidente envolvendo dois ve\u00edculos na Rodovia Comandante Jo\u00e3o Ribeiro de Barros (SP-294), altura do munic\u00edpio de Iacri, no in\u00edcio da noite deste domingo, dia 31. Os motoristas do Monza e da Fiat Toro n\u00e3o sofreram ferimentos. A colis\u00e3o lateral aconteceu por volta das 19h30. Segundo [&hellip;]<\/p>\n","protected":false},"author":1,"featured_media":27369,"comment_status":"closed","ping_status":"open","sticky":false,"template":"","format":"standard","meta":{"footnotes":""},"categories":[170,110],"tags":[],"class_list":["post-27368","post","type-post","status-publish","format-standard","has-post-thumbnail","hentry","category-acidentes","category-noticiasdestaque"],"_links":{"self":[{"href":"https:\/\/jorgezanoni.com.br\/2019\/wp-json\/wp\/v2\/posts\/27368","targetHints":{"allow":["GET"]}}],"collection":[{"href":"https:\/\/jorgezanoni.com.br\/2019\/wp-json\/wp\/v2\/posts"}],"about":[{"href":"https:\/\/jorgezanoni.com.br\/2019\/wp-json\/wp\/v2\/types\/post"}],"author":[{"embeddable":true,"href":"https:\/\/jorgezanoni.com.br\/2019\/wp-json\/wp\/v2\/users\/1"}],"replies":[{"embeddable":true,"href":"https:\/\/jorgezanoni.com.br\/2019\/wp-json\/wp\/v2\/comments?post=27368"}],"version-history":[{"count":0,"href":"https:\/\/jorgezanoni.com.br\/2019\/wp-json\/wp\/v2\/posts\/27368\/revisions"}],"wp:featuredmedia":[{"embeddable":true,"href":"https:\/\/jorgezanoni.com.br\/2019\/wp-json\/wp\/v2\/media\/27369"}],"wp:attachment":[{"href":"https:\/\/jorgezanoni.com.br\/2019\/wp-json\/wp\/v2\/media?parent=27368"}],"wp:term":[{"taxonomy":"category","embeddable":true,"href":"https:\/\/jorgezanoni.com.br\/2019\/wp-json\/wp\/v2\/categories?post=27368"},{"taxonomy":"post_tag","embeddable":true,"href":"https:\/\/jorgezanoni.com.br\/2019\/wp-json\/wp\/v2\/tags?post=27368"}],"curies":[{"name":"wp","href":"https:\/\/api.w.org\/{rel}","templated":true}]}}