{"id":27362,"date":"2020-06-01T22:01:33","date_gmt":"2020-06-01T22:01:33","guid":{"rendered":"https:\/\/jorgezanoni.com.br\/2019\/?p=27362"},"modified":"2020-06-01T22:01:33","modified_gmt":"2020-06-01T22:01:33","slug":"alunos-de-medicina-da-unifadra-dracena-criam-o-projeto-amar","status":"publish","type":"post","link":"https:\/\/jorgezanoni.com.br\/2019\/alunos-de-medicina-da-unifadra-dracena-criam-o-projeto-amar\/","title":{"rendered":"Alunos de Medicina da Unifadra Dracena criam o Projeto Amar"},"content":{"rendered":"<div style=\"text-align: justify;\">Nossa primeira a\u00e7\u00e3o do PROJETO AMAR, criado pela Atl\u00e9tica e Centro Acad\u00eamico de Medicina de Dracena, ser\u00e1 ent\u00e3o uma arrecada\u00e7\u00e3o para que possamos levantar recursos para confec\u00e7\u00e3o de 50 cestas b\u00e1sicas, (R$39,90 reais\/cada).<br \/>\n.<br \/>\nAs cestas ser\u00e3o destinadas \u00e0 popula\u00e7\u00e3o mais carente do munic\u00edpio, tendo em vista este per\u00edodo de pandemia, e a maior vulnerabilidade em que essas fam\u00edlias se encontram.<br \/>\n.<br \/>\nContamos com sua ajuda para doar qualquer valor e divulgar o link para que outras pessoas tamb\u00e9m possam ajudar.<br \/>\n.<br \/>\nQue possamos praticar o amor, solidariedade e respeito ao pr\u00f3ximo!<\/p>\n<p><a href=\"http:\/\/vaka.me\/1059211\" target=\"_blank\" rel=\"noopener noreferrer\">http:\/\/vaka.me\/1059211<\/a><\/div>\n<div style=\"text-align: justify;\"><\/div>\n<div class=\"gmail_signature\" dir=\"ltr\">\n<div dir=\"ltr\" style=\"text-align: justify;\"><b>Carolina Colnago<br \/>\nAssistente de Comunica\u00e7\u00e3o\u00a0<\/b><br \/>\n<b>Funda\u00e7\u00e3o Dracenense de Educa\u00e7\u00e3o e Cultura<\/b><\/div>\n<\/div>\n","protected":false},"excerpt":{"rendered":"<p>Nossa primeira a\u00e7\u00e3o do PROJETO AMAR, criado pela Atl\u00e9tica e Centro Acad\u00eamico de Medicina de Dracena, ser\u00e1 ent\u00e3o uma arrecada\u00e7\u00e3o para que possamos levantar recursos para confec\u00e7\u00e3o de 50 cestas b\u00e1sicas, (R$39,90 reais\/cada). . As cestas ser\u00e3o destinadas \u00e0 popula\u00e7\u00e3o mais carente do munic\u00edpio, tendo em vista este per\u00edodo de pandemia, e a maior vulnerabilidade [&hellip;]<\/p>\n","protected":false},"author":1,"featured_media":27363,"comment_status":"closed","ping_status":"open","sticky":false,"template":"","format":"standard","meta":{"footnotes":""},"categories":[122],"tags":[],"class_list":["post-27362","post","type-post","status-publish","format-standard","has-post-thumbnail","hentry","category-saudeeducacaoeconcurso"],"_links":{"self":[{"href":"https:\/\/jorgezanoni.com.br\/2019\/wp-json\/wp\/v2\/posts\/27362","targetHints":{"allow":["GET"]}}],"collection":[{"href":"https:\/\/jorgezanoni.com.br\/2019\/wp-json\/wp\/v2\/posts"}],"about":[{"href":"https:\/\/jorgezanoni.com.br\/2019\/wp-json\/wp\/v2\/types\/post"}],"author":[{"embeddable":true,"href":"https:\/\/jorgezanoni.com.br\/2019\/wp-json\/wp\/v2\/users\/1"}],"replies":[{"embeddable":true,"href":"https:\/\/jorgezanoni.com.br\/2019\/wp-json\/wp\/v2\/comments?post=27362"}],"version-history":[{"count":0,"href":"https:\/\/jorgezanoni.com.br\/2019\/wp-json\/wp\/v2\/posts\/27362\/revisions"}],"wp:featuredmedia":[{"embeddable":true,"href":"https:\/\/jorgezanoni.com.br\/2019\/wp-json\/wp\/v2\/media\/27363"}],"wp:attachment":[{"href":"https:\/\/jorgezanoni.com.br\/2019\/wp-json\/wp\/v2\/media?parent=27362"}],"wp:term":[{"taxonomy":"category","embeddable":true,"href":"https:\/\/jorgezanoni.com.br\/2019\/wp-json\/wp\/v2\/categories?post=27362"},{"taxonomy":"post_tag","embeddable":true,"href":"https:\/\/jorgezanoni.com.br\/2019\/wp-json\/wp\/v2\/tags?post=27362"}],"curies":[{"name":"wp","href":"https:\/\/api.w.org\/{rel}","templated":true}]}}