{"id":27351,"date":"2020-06-01T21:09:25","date_gmt":"2020-06-01T21:09:25","guid":{"rendered":"https:\/\/jorgezanoni.com.br\/2019\/?p=27351"},"modified":"2020-06-01T21:09:25","modified_gmt":"2020-06-01T21:09:25","slug":"menina-que-se-feriu-ao-cair-de-egua-no-comeco-do-ano-morre-aos-15-anos","status":"publish","type":"post","link":"https:\/\/jorgezanoni.com.br\/2019\/menina-que-se-feriu-ao-cair-de-egua-no-comeco-do-ano-morre-aos-15-anos\/","title":{"rendered":"Menina que se feriu ao cair de \u00e9gua no come\u00e7o do ano morre aos 15 anos"},"content":{"rendered":"<p style=\"text-align: justify;\">A floridense Julia Tamaio Ramos, 15 anos, que sofreu uma queda ap\u00f3s uma \u00e9gua em que montava disparar pr\u00f3ximo ao Clube dos Veteranos em fevereiro deste ano, faleceu nesta segunda-feira (1).<\/p>\n<p style=\"text-align: justify;\"><strong><a href=\"https:\/\/ifolharegional.com.br\/2020\/02\/23\/florida-adolescente-fica-ferida-em-queda-de-animal\/\">CLIQUE AQUI E VEJA A REPORTAGEM SOBRE A QUEDA DO CAVALO<\/a><br \/>\n<\/strong><br \/>\nSegundo informa\u00e7\u00f5es cedidas por familiares \u00e0 reportagem do jornal e site Folha Regional, a causa morte estaria ligada a problemas card\u00edacos, devido uma anemia falciforme detectada\u00a0quando a adolescente ainda era crian\u00e7a.<\/p>\n<p style=\"text-align: justify;\">Ela j\u00e1 havia se recuperado da queda que a deixou debilitada por algum tempo, mas sofreu uma crise de dor muito forte, foi internada e transferida para Mar\u00edlia onde acabou falecendo.<\/p>\n<p style=\"text-align: justify;\">Familiares de Julia relataram \u00e0 reportagem que ela tinha muito amor por animais e inclusive o sonho de ser veterin\u00e1ria.<\/p>\n<p style=\"text-align: justify;\">A despedida da adolescente est\u00e1 acontecendo no Vel\u00f3rio Municipal de Fl\u00f3rida Paulista, reservado aos familiares e amigos mais pr\u00f3ximos devido \u00e0s recomenda\u00e7\u00f5es dos \u00f3rg\u00e3os de sa\u00fade tendo em vista o risco de transmiss\u00e3o do Covid-19.<\/p>\n<p style=\"text-align: justify;\">O sepultamento de Julia est\u00e1 programado para ocorrer \u00e0s 18h desta segunda-feira no Cemit\u00e9rio Municipal.<\/p>\n<p style=\"text-align: justify;\">Fonte: Folha Regional &#8211; Foto\/Facebook<\/p>\n<p style=\"text-align: justify;\">\n","protected":false},"excerpt":{"rendered":"<p>A floridense Julia Tamaio Ramos, 15 anos, que sofreu uma queda ap\u00f3s uma \u00e9gua em que montava disparar pr\u00f3ximo ao Clube dos Veteranos em fevereiro deste ano, faleceu nesta segunda-feira (1). CLIQUE AQUI E VEJA A REPORTAGEM SOBRE A QUEDA DO CAVALO Segundo informa\u00e7\u00f5es cedidas por familiares \u00e0 reportagem do jornal e site Folha Regional, [&hellip;]<\/p>\n","protected":false},"author":1,"featured_media":27352,"comment_status":"closed","ping_status":"open","sticky":false,"template":"","format":"standard","meta":{"footnotes":""},"categories":[170,110],"tags":[],"class_list":["post-27351","post","type-post","status-publish","format-standard","has-post-thumbnail","hentry","category-acidentes","category-noticiasdestaque"],"_links":{"self":[{"href":"https:\/\/jorgezanoni.com.br\/2019\/wp-json\/wp\/v2\/posts\/27351","targetHints":{"allow":["GET"]}}],"collection":[{"href":"https:\/\/jorgezanoni.com.br\/2019\/wp-json\/wp\/v2\/posts"}],"about":[{"href":"https:\/\/jorgezanoni.com.br\/2019\/wp-json\/wp\/v2\/types\/post"}],"author":[{"embeddable":true,"href":"https:\/\/jorgezanoni.com.br\/2019\/wp-json\/wp\/v2\/users\/1"}],"replies":[{"embeddable":true,"href":"https:\/\/jorgezanoni.com.br\/2019\/wp-json\/wp\/v2\/comments?post=27351"}],"version-history":[{"count":0,"href":"https:\/\/jorgezanoni.com.br\/2019\/wp-json\/wp\/v2\/posts\/27351\/revisions"}],"wp:featuredmedia":[{"embeddable":true,"href":"https:\/\/jorgezanoni.com.br\/2019\/wp-json\/wp\/v2\/media\/27352"}],"wp:attachment":[{"href":"https:\/\/jorgezanoni.com.br\/2019\/wp-json\/wp\/v2\/media?parent=27351"}],"wp:term":[{"taxonomy":"category","embeddable":true,"href":"https:\/\/jorgezanoni.com.br\/2019\/wp-json\/wp\/v2\/categories?post=27351"},{"taxonomy":"post_tag","embeddable":true,"href":"https:\/\/jorgezanoni.com.br\/2019\/wp-json\/wp\/v2\/tags?post=27351"}],"curies":[{"name":"wp","href":"https:\/\/api.w.org\/{rel}","templated":true}]}}