{"id":27348,"date":"2020-06-01T20:58:54","date_gmt":"2020-06-01T20:58:54","guid":{"rendered":"https:\/\/jorgezanoni.com.br\/2019\/?p=27348"},"modified":"2020-06-01T20:58:54","modified_gmt":"2020-06-01T20:58:54","slug":"casal-morto-em-acidente-ontem-era-morador-do-jardim-brasil-em-adamantina","status":"publish","type":"post","link":"https:\/\/jorgezanoni.com.br\/2019\/casal-morto-em-acidente-ontem-era-morador-do-jardim-brasil-em-adamantina\/","title":{"rendered":"Casal morto em acidente ontem era morador do Jardim Brasil em Adamantina"},"content":{"rendered":"<p style=\"text-align: justify;\">O casal morto em um grave acidente entre uma Belina e um caminh\u00e3o canavieiro na tarde deste domingo (31) pr\u00f3ximo da ponte do Rio Aguapei na Rodovia Pl\u00e1cido Rocha, trecho pertencente \u00e0 Valpara\u00edso, era morador do Jardim Brasil em Adamantina.<\/p>\n<p style=\"text-align: justify;\"><a href=\"https:\/\/adamantinanet.com.br\/2020\/05\/31\/duas-pessoas-morrem-em-acidente-entre-carro-e-caminhao\/\"><strong><em>CLIQUE AQUI E REVEJA A MAT\u00c9RIA DO ACIDENTE<br \/>\n<\/em><\/strong><\/a><br \/>\nNelson Gomes de Brito, de 61 anos, e S\u00f4nia Aparecida Aquino, de 59 anos, n\u00e3o resistiram aos ferimentos e acabaram falecendo ainda no local do acidente.<\/p>\n<p style=\"text-align: justify;\">Segundo a funer\u00e1ria respons\u00e1vel pelo vel\u00f3rio e sepultamento dos adamantinenses, a libera\u00e7\u00e3o dos corpos pelo Instituto M\u00e9dico Legal (IML) de Ara\u00e7atuba era aguardada at\u00e9 a manh\u00e3 desta segunda-feira (1).<\/p>\n<p style=\"text-align: justify;\">Ainda n\u00e3o h\u00e1 uma previs\u00e3o para o in\u00edcio do vel\u00f3rio que por medidas de seguran\u00e7a e sa\u00fade p\u00fablica diante do novo coronav\u00edrus (Covid-19), h\u00e1 restri\u00e7\u00f5es no n\u00famero de pessoas no loca do vel\u00f3rio, reservado apenas aos familiares mais pr\u00f3ximos. O sepultamento ser\u00e1 no Cemit\u00e9rio de Adamantina.<\/p>\n<p style=\"text-align: justify;\">Fonte: adamantinanet.com.br<\/p>\n","protected":false},"excerpt":{"rendered":"<p>O casal morto em um grave acidente entre uma Belina e um caminh\u00e3o canavieiro na tarde deste domingo (31) pr\u00f3ximo da ponte do Rio Aguapei na Rodovia Pl\u00e1cido Rocha, trecho pertencente \u00e0 Valpara\u00edso, era morador do Jardim Brasil em Adamantina. CLIQUE AQUI E REVEJA A MAT\u00c9RIA DO ACIDENTE Nelson Gomes de Brito, de 61 anos, [&hellip;]<\/p>\n","protected":false},"author":1,"featured_media":27349,"comment_status":"closed","ping_status":"open","sticky":false,"template":"","format":"standard","meta":{"footnotes":""},"categories":[170,110],"tags":[],"class_list":["post-27348","post","type-post","status-publish","format-standard","has-post-thumbnail","hentry","category-acidentes","category-noticiasdestaque"],"_links":{"self":[{"href":"https:\/\/jorgezanoni.com.br\/2019\/wp-json\/wp\/v2\/posts\/27348","targetHints":{"allow":["GET"]}}],"collection":[{"href":"https:\/\/jorgezanoni.com.br\/2019\/wp-json\/wp\/v2\/posts"}],"about":[{"href":"https:\/\/jorgezanoni.com.br\/2019\/wp-json\/wp\/v2\/types\/post"}],"author":[{"embeddable":true,"href":"https:\/\/jorgezanoni.com.br\/2019\/wp-json\/wp\/v2\/users\/1"}],"replies":[{"embeddable":true,"href":"https:\/\/jorgezanoni.com.br\/2019\/wp-json\/wp\/v2\/comments?post=27348"}],"version-history":[{"count":0,"href":"https:\/\/jorgezanoni.com.br\/2019\/wp-json\/wp\/v2\/posts\/27348\/revisions"}],"wp:featuredmedia":[{"embeddable":true,"href":"https:\/\/jorgezanoni.com.br\/2019\/wp-json\/wp\/v2\/media\/27349"}],"wp:attachment":[{"href":"https:\/\/jorgezanoni.com.br\/2019\/wp-json\/wp\/v2\/media?parent=27348"}],"wp:term":[{"taxonomy":"category","embeddable":true,"href":"https:\/\/jorgezanoni.com.br\/2019\/wp-json\/wp\/v2\/categories?post=27348"},{"taxonomy":"post_tag","embeddable":true,"href":"https:\/\/jorgezanoni.com.br\/2019\/wp-json\/wp\/v2\/tags?post=27348"}],"curies":[{"name":"wp","href":"https:\/\/api.w.org\/{rel}","templated":true}]}}