{"id":27345,"date":"2020-06-01T14:04:12","date_gmt":"2020-06-01T14:04:12","guid":{"rendered":"https:\/\/jorgezanoni.com.br\/2019\/?p=27345"},"modified":"2020-06-01T14:04:12","modified_gmt":"2020-06-01T14:04:12","slug":"posto-de-combustiveis-e-alvo-de-roubo-em-ouro-verde","status":"publish","type":"post","link":"https:\/\/jorgezanoni.com.br\/2019\/posto-de-combustiveis-e-alvo-de-roubo-em-ouro-verde\/","title":{"rendered":"Posto de Combust\u00edveis \u00e9 alvo de roubo em Ouro Verde"},"content":{"rendered":"<h1 style=\"text-align: justify;\"><a href=\"https:\/\/25bpmi.blogspot.com\/2020\/06\/em-ouro-verde-posto-de-combustivel-e.html\" data-item-type=\"post\" data-id=\"3146999016487140026\">EM OURO VERDE: POSTO DE COMBUST\u00cdVEL \u00c9 ALVO DE ROUBO<\/a><\/h1>\n<p style=\"text-align: justify;\">Na madrugada de hoje (01) por volta das 03h46min na cidade de Ouro Verde conforme declara\u00e7\u00e3o da v\u00edtima, estava de servi\u00e7o como frentista no posto de combust\u00edvel quando dois indiv\u00edduos, um de cor branca e outro de cor parda e ambos trajando camisetas escuras e capacetes de motociclistas na cabe\u00e7a, e um deles com a m\u00e3o sob a camiseta fazia men\u00e7\u00e3o de estar armado e anunciando o roubo, atrav\u00e9s de for\u00e7a f\u00edsica subtra\u00edram a quantia aproximada de R$900,00 reais em diversas notas correntes, e se evadiram \u00e0 p\u00e9 sentido \u00e0 Prefeitura. Foram efetuadas v\u00e1rias buscas mas n\u00e3o foram localizados.<\/p>\n<p style=\"text-align: justify;\"><strong>#25BPMI\u00a0\u00a0\u00a0\u00a0\u00a0\u00a0\u00a0\u00a0\u00a0\u00a0\u00a0\u00a0\u00a0\u00a0\u00a0\u00a0\u00a0<\/strong><\/p>\n<p style=\"text-align: justify;\"><strong>#POLICIAMILITARSP<\/strong><\/p>\n<p style=\"text-align: justify;\"><strong>#AFOR\u00c7AP\u00daBLICADES\u00c3OPAULO<\/strong><\/p>\n<p><strong>COMUNICA\u00c7\u00c3O SOCIAL DO 25\u00ba BPM\/I &#8211; Dracena e regi\u00e3o.<\/strong><\/p>\n","protected":false},"excerpt":{"rendered":"<p>EM OURO VERDE: POSTO DE COMBUST\u00cdVEL \u00c9 ALVO DE ROUBO Na madrugada de hoje (01) por volta das 03h46min na cidade de Ouro Verde conforme declara\u00e7\u00e3o da v\u00edtima, estava de servi\u00e7o como frentista no posto de combust\u00edvel quando dois indiv\u00edduos, um de cor branca e outro de cor parda e ambos trajando camisetas escuras e [&hellip;]<\/p>\n","protected":false},"author":1,"featured_media":27346,"comment_status":"closed","ping_status":"open","sticky":false,"template":"","format":"standard","meta":{"footnotes":""},"categories":[110,2],"tags":[],"class_list":["post-27345","post","type-post","status-publish","format-standard","has-post-thumbnail","hentry","category-noticiasdestaque","category-policial"],"_links":{"self":[{"href":"https:\/\/jorgezanoni.com.br\/2019\/wp-json\/wp\/v2\/posts\/27345","targetHints":{"allow":["GET"]}}],"collection":[{"href":"https:\/\/jorgezanoni.com.br\/2019\/wp-json\/wp\/v2\/posts"}],"about":[{"href":"https:\/\/jorgezanoni.com.br\/2019\/wp-json\/wp\/v2\/types\/post"}],"author":[{"embeddable":true,"href":"https:\/\/jorgezanoni.com.br\/2019\/wp-json\/wp\/v2\/users\/1"}],"replies":[{"embeddable":true,"href":"https:\/\/jorgezanoni.com.br\/2019\/wp-json\/wp\/v2\/comments?post=27345"}],"version-history":[{"count":0,"href":"https:\/\/jorgezanoni.com.br\/2019\/wp-json\/wp\/v2\/posts\/27345\/revisions"}],"wp:featuredmedia":[{"embeddable":true,"href":"https:\/\/jorgezanoni.com.br\/2019\/wp-json\/wp\/v2\/media\/27346"}],"wp:attachment":[{"href":"https:\/\/jorgezanoni.com.br\/2019\/wp-json\/wp\/v2\/media?parent=27345"}],"wp:term":[{"taxonomy":"category","embeddable":true,"href":"https:\/\/jorgezanoni.com.br\/2019\/wp-json\/wp\/v2\/categories?post=27345"},{"taxonomy":"post_tag","embeddable":true,"href":"https:\/\/jorgezanoni.com.br\/2019\/wp-json\/wp\/v2\/tags?post=27345"}],"curies":[{"name":"wp","href":"https:\/\/api.w.org\/{rel}","templated":true}]}}