{"id":27333,"date":"2020-06-01T13:35:20","date_gmt":"2020-06-01T13:35:20","guid":{"rendered":"https:\/\/jorgezanoni.com.br\/2019\/?p=27333"},"modified":"2020-06-01T13:35:51","modified_gmt":"2020-06-01T13:35:51","slug":"aeard-associacao-dos-engenheiros-arquitetos-e-agronomos-da-regiao-de-dracena-realiza-a-campanha-xo-corona","status":"publish","type":"post","link":"https:\/\/jorgezanoni.com.br\/2019\/aeard-associacao-dos-engenheiros-arquitetos-e-agronomos-da-regiao-de-dracena-realiza-a-campanha-xo-corona\/","title":{"rendered":"AEARD \u2013 Associa\u00e7\u00e3o dos Engenheiros, Arquitetos e Agr\u00f4nomos da regi\u00e3o de Dracena realiza a campanha &#8220;X\u00f4 Corona&#8221;"},"content":{"rendered":"<p style=\"text-align: justify;\">Durante o m\u00eas de junho, a AEARD estar\u00e1 arrecadando produtos de Higiene e Limpeza, para serem entregues a fam\u00edlias carentes. Os locais de arrecada\u00e7\u00e3o s\u00e3o: Posto Central, Posto Brasil e na pr\u00f3pria Associa\u00e7\u00e3o na rua Miguel do Nascimento pr\u00f3ximo ao Cemit\u00e9rio Municipal.<\/p>\n<p style=\"text-align: justify;\">Assista ao v\u00eddeo explicativo do presidente da Associa\u00e7\u00e3o, Engenheiro Carlos Crociolli:<\/p>\n<div style=\"width: 568px;\" class=\"wp-video\"><video class=\"wp-video-shortcode\" id=\"video-27333-1\" width=\"568\" height=\"320\" preload=\"metadata\" controls=\"controls\"><source type=\"video\/mp4\" src=\"https:\/\/jorgezanoni.com.br\/2019\/wp-content\/uploads\/2020\/06\/WhatsApp-Video-2020-06-01-at-10.16.59.mp4?_=1\" \/><a href=\"https:\/\/jorgezanoni.com.br\/2019\/wp-content\/uploads\/2020\/06\/WhatsApp-Video-2020-06-01-at-10.16.59.mp4\">https:\/\/jorgezanoni.com.br\/2019\/wp-content\/uploads\/2020\/06\/WhatsApp-Video-2020-06-01-at-10.16.59.mp4<\/a><\/video><\/div>\n<p><img loading=\"lazy\" decoding=\"async\" class=\"alignnone size-full wp-image-27336\" src=\"https:\/\/jorgezanoni.com.br\/2019\/wp-content\/uploads\/2020\/06\/xo1.jpg\" alt=\"\" width=\"960\" height=\"1280\" srcset=\"https:\/\/jorgezanoni.com.br\/2019\/wp-content\/uploads\/2020\/06\/xo1.jpg 960w, https:\/\/jorgezanoni.com.br\/2019\/wp-content\/uploads\/2020\/06\/xo1-225x300.jpg 225w, https:\/\/jorgezanoni.com.br\/2019\/wp-content\/uploads\/2020\/06\/xo1-768x1024.jpg 768w, https:\/\/jorgezanoni.com.br\/2019\/wp-content\/uploads\/2020\/06\/xo1-696x928.jpg 696w, https:\/\/jorgezanoni.com.br\/2019\/wp-content\/uploads\/2020\/06\/xo1-315x420.jpg 315w\" sizes=\"auto, (max-width: 960px) 100vw, 960px\" \/> <img loading=\"lazy\" decoding=\"async\" class=\"alignnone size-full wp-image-27337\" src=\"https:\/\/jorgezanoni.com.br\/2019\/wp-content\/uploads\/2020\/06\/xo2.jpg\" alt=\"\" width=\"960\" height=\"1280\" srcset=\"https:\/\/jorgezanoni.com.br\/2019\/wp-content\/uploads\/2020\/06\/xo2.jpg 960w, https:\/\/jorgezanoni.com.br\/2019\/wp-content\/uploads\/2020\/06\/xo2-225x300.jpg 225w, https:\/\/jorgezanoni.com.br\/2019\/wp-content\/uploads\/2020\/06\/xo2-768x1024.jpg 768w, https:\/\/jorgezanoni.com.br\/2019\/wp-content\/uploads\/2020\/06\/xo2-696x928.jpg 696w, https:\/\/jorgezanoni.com.br\/2019\/wp-content\/uploads\/2020\/06\/xo2-315x420.jpg 315w\" sizes=\"auto, (max-width: 960px) 100vw, 960px\" \/><\/p>\n<p>&nbsp;<\/p>\n","protected":false},"excerpt":{"rendered":"<p>Durante o m\u00eas de junho, a AEARD estar\u00e1 arrecadando produtos de Higiene e Limpeza, para serem entregues a fam\u00edlias carentes. Os locais de arrecada\u00e7\u00e3o s\u00e3o: Posto Central, Posto Brasil e na pr\u00f3pria Associa\u00e7\u00e3o na rua Miguel do Nascimento pr\u00f3ximo ao Cemit\u00e9rio Municipal. Assista ao v\u00eddeo explicativo do presidente da Associa\u00e7\u00e3o, Engenheiro Carlos Crociolli: &nbsp;<\/p>\n","protected":false},"author":1,"featured_media":27335,"comment_status":"closed","ping_status":"open","sticky":false,"template":"","format":"video","meta":{"footnotes":""},"categories":[110,118,169],"tags":[],"class_list":["post-27333","post","type-post","status-publish","format-video","has-post-thumbnail","hentry","category-noticiasdestaque","category-religiaoesolidariedade","category-videos","post_format-post-format-video"],"_links":{"self":[{"href":"https:\/\/jorgezanoni.com.br\/2019\/wp-json\/wp\/v2\/posts\/27333","targetHints":{"allow":["GET"]}}],"collection":[{"href":"https:\/\/jorgezanoni.com.br\/2019\/wp-json\/wp\/v2\/posts"}],"about":[{"href":"https:\/\/jorgezanoni.com.br\/2019\/wp-json\/wp\/v2\/types\/post"}],"author":[{"embeddable":true,"href":"https:\/\/jorgezanoni.com.br\/2019\/wp-json\/wp\/v2\/users\/1"}],"replies":[{"embeddable":true,"href":"https:\/\/jorgezanoni.com.br\/2019\/wp-json\/wp\/v2\/comments?post=27333"}],"version-history":[{"count":0,"href":"https:\/\/jorgezanoni.com.br\/2019\/wp-json\/wp\/v2\/posts\/27333\/revisions"}],"wp:featuredmedia":[{"embeddable":true,"href":"https:\/\/jorgezanoni.com.br\/2019\/wp-json\/wp\/v2\/media\/27335"}],"wp:attachment":[{"href":"https:\/\/jorgezanoni.com.br\/2019\/wp-json\/wp\/v2\/media?parent=27333"}],"wp:term":[{"taxonomy":"category","embeddable":true,"href":"https:\/\/jorgezanoni.com.br\/2019\/wp-json\/wp\/v2\/categories?post=27333"},{"taxonomy":"post_tag","embeddable":true,"href":"https:\/\/jorgezanoni.com.br\/2019\/wp-json\/wp\/v2\/tags?post=27333"}],"curies":[{"name":"wp","href":"https:\/\/api.w.org\/{rel}","templated":true}]}}