{"id":2732,"date":"2019-08-04T02:21:08","date_gmt":"2019-08-04T02:21:08","guid":{"rendered":"https:\/\/jorgezanoni.com.br\/2019\/?p=2732"},"modified":"2019-08-04T02:21:28","modified_gmt":"2019-08-04T02:21:28","slug":"idoso-aponta-local-em-banheiro-onde-enterrou-corpo-de-mulher-em-mt-apos-confessar-crime-24-anos-depois","status":"publish","type":"post","link":"https:\/\/jorgezanoni.com.br\/2019\/idoso-aponta-local-em-banheiro-onde-enterrou-corpo-de-mulher-em-mt-apos-confessar-crime-24-anos-depois\/","title":{"rendered":"Idoso aponta local em banheiro onde enterrou corpo de mulher em MT ap\u00f3s confessar crime 24 anos depois"},"content":{"rendered":"<h2 class=\"content-head__subtitle\" style=\"text-align: justify;\">Jairo Narciso da Silva, de 64 anos, matou a mulher em outubro de 1994 e a enterrou no banheiro. Depois do crime, ele registrou um boletim de ocorr\u00eancia alegando que a mulher havia deixado o lar.<\/h2>\n<div class=\"mc-column content-text active-extra-styles \" data-block-type=\"unstyled\" data-block-weight=\"41\" data-block-id=\"2\">\n<p class=\"content-text__container \" style=\"text-align: justify;\" data-track-category=\"Link no Texto\" data-track-links=\"\">Jairo Narciso da Silva, de 64 anos, acompanhou a Pol\u00edcia Civil durante as escava\u00e7\u00f5es dentro do banheiro de uma resid\u00eancia em Sinop, a 503 km de Cuiab\u00e1, na busca pelos restos mortais de Luzineide Leal Milit\u00e3o, ex-mulher dele, na sexta-feira (2).<\/p>\n<\/div>\n<div class=\"wall protected-content\">\n<div class=\"mc-column content-text active-extra-styles \" style=\"text-align: justify;\" data-block-type=\"unstyled\" data-block-weight=\"19\" data-block-id=\"3\">\n<p class=\"content-text__container \" data-track-category=\"Link no Texto\" data-track-links=\"\">Os trabalhos tiveram in\u00edcio depois que ele procurou a pol\u00edcia<a href=\"https:\/\/g1.globo.com\/mt\/mato-grosso\/noticia\/2019\/07\/31\/idoso-procura-policia-e-diz-ter-matado-mulher-e-enterrado-corpo-no-banheiro-ha-24-anos-em-mt.ghtml\">\u00a0e confessou ter matado a v\u00edtima, h\u00e1 24 anos<\/a>.<\/p>\n<\/div>\n<div class=\"mc-column content-text active-extra-styles \" data-block-type=\"unstyled\" data-block-weight=\"27\" data-block-id=\"4\">\n<p class=\"content-text__container \" style=\"text-align: justify;\" data-track-category=\"Link no Texto\" data-track-links=\"\">Antes da escava\u00e7\u00e3o, Jairo apontou o local dentro do c\u00f4modo onde o corpo da ex-mulher foi enterrado junto com outros objetos, entre eles os documentos de Luzineide.<\/p>\n<p data-track-category=\"Link no Texto\" data-track-links=\"\"><img loading=\"lazy\" decoding=\"async\" class=\"alignnone size-full wp-image-2733\" src=\"https:\/\/jorgezanoni.com.br\/2019\/wp-content\/uploads\/2019\/08\/wc1.jpg\" alt=\"\" width=\"1000\" height=\"875\" srcset=\"https:\/\/jorgezanoni.com.br\/2019\/wp-content\/uploads\/2019\/08\/wc1.jpg 1000w, https:\/\/jorgezanoni.com.br\/2019\/wp-content\/uploads\/2019\/08\/wc1-300x263.jpg 300w, https:\/\/jorgezanoni.com.br\/2019\/wp-content\/uploads\/2019\/08\/wc1-768x672.jpg 768w, https:\/\/jorgezanoni.com.br\/2019\/wp-content\/uploads\/2019\/08\/wc1-696x609.jpg 696w, https:\/\/jorgezanoni.com.br\/2019\/wp-content\/uploads\/2019\/08\/wc1-480x420.jpg 480w\" sizes=\"auto, (max-width: 1000px) 100vw, 1000px\" \/><\/p>\n<div class=\"row medium-uncollapsed content-media content-photo\" data-block-type=\"backstage-photo\" data-block-id=\"5\">\n<div class=\"mc-column content-media__container\">\n<p class=\"content-media__description \" style=\"text-align: justify;\">Luzineide Leal Milit\u00e3o de 28 anos, foi morta pelo marido em 1994 em Sinop \u2014 Foto: Arquivo pessoal<\/p>\n<\/div>\n<\/div>\n<div class=\"mc-column content-text active-extra-styles \" data-block-type=\"unstyled\" data-block-weight=\"24\" data-block-id=\"6\">\n<p class=\"content-text__container \" style=\"text-align: justify;\" data-track-category=\"Link no Texto\" data-track-links=\"\">Os ossos, uma bolsa e a identidade estavam em um buraco,\u00a0<a href=\"https:\/\/g1.globo.com\/mt\/mato-grosso\/noticia\/2019\/08\/02\/policia-encontra-ossos-e-documentos-que-seriam-de-mulher-morta-pelo-marido-ha-24-anos-em-mt.ghtml\">a 60 cent\u00edmetros de profundidade, abaixo do piso do banheiro da casa<\/a>.<\/p>\n<div class=\"mc-column content-text active-extra-styles \" style=\"text-align: justify;\" data-block-type=\"unstyled\" data-block-weight=\"27\" data-block-id=\"8\">\n<p class=\"content-text__container \" data-track-category=\"Link no Texto\" data-track-links=\"\">A ossada ser\u00e1 encaminhada para per\u00edcia e DNA,\u00a0<a href=\"https:\/\/g1.globo.com\/mt\/mato-grosso\/noticia\/2019\/08\/02\/irmao-diz-que-desconfiava-que-mulher-havia-sido-assassinada-pelo-marido-ha-24-anos-em-mt.ghtml\">que confirmar\u00e1 que se trata da v\u00edtima em quest\u00e3o<\/a>. O resultado deve ser divulgado entre 30 e 60 dias.<\/p>\n<\/div>\n<div class=\"mc-column content-text active-extra-styles \" data-block-type=\"unstyled\" data-block-weight=\"15\" data-block-id=\"9\">\n<p class=\"content-text__container \" style=\"text-align: justify;\" data-track-category=\"Link no Texto\" data-track-links=\"\">O crime, segundo Jairo, foi cometido em outubro de 1994 e motivado por ci\u00fames.<\/p>\n<p data-track-category=\"Link no Texto\" data-track-links=\"\"><img loading=\"lazy\" decoding=\"async\" class=\"alignnone size-full wp-image-2734\" src=\"https:\/\/jorgezanoni.com.br\/2019\/wp-content\/uploads\/2019\/08\/wc2.jpeg\" alt=\"\" width=\"1000\" height=\"750\" srcset=\"https:\/\/jorgezanoni.com.br\/2019\/wp-content\/uploads\/2019\/08\/wc2.jpeg 1000w, https:\/\/jorgezanoni.com.br\/2019\/wp-content\/uploads\/2019\/08\/wc2-300x225.jpeg 300w, https:\/\/jorgezanoni.com.br\/2019\/wp-content\/uploads\/2019\/08\/wc2-768x576.jpeg 768w, https:\/\/jorgezanoni.com.br\/2019\/wp-content\/uploads\/2019\/08\/wc2-80x60.jpeg 80w, https:\/\/jorgezanoni.com.br\/2019\/wp-content\/uploads\/2019\/08\/wc2-265x198.jpeg 265w, https:\/\/jorgezanoni.com.br\/2019\/wp-content\/uploads\/2019\/08\/wc2-696x522.jpeg 696w, https:\/\/jorgezanoni.com.br\/2019\/wp-content\/uploads\/2019\/08\/wc2-560x420.jpeg 560w\" sizes=\"auto, (max-width: 1000px) 100vw, 1000px\" \/><\/p>\n<div class=\"row medium-uncollapsed content-media content-photo\" data-block-type=\"backstage-photo\" data-block-id=\"10\">\n<div class=\"mc-column content-media__container\">\n<p class=\"content-media__description \" style=\"text-align: justify;\">Jairo Narciso da Silva (de branco), de 64 anos, chegou escoltado por policiais para acompanhar a escava\u00e7\u00e3o dos restos mortais da mulher dele em Sinop \u2014 Foto: Poliana Mazzo\/TV Centro Am\u00e9rica<\/p>\n<\/div>\n<\/div>\n<div class=\"mc-column content-text active-extra-styles \" style=\"text-align: justify;\" data-block-type=\"unstyled\" data-block-weight=\"36\" data-block-id=\"11\">\n<p class=\"content-text__container \" data-track-category=\"Link no Texto\" data-track-links=\"\">Jairo disse ter matado a mulher no quarto do casal, enquanto ela dormia. Ele disse que usou uma barra de ferro para golpe\u00e1-la na cabe\u00e7a. Entretanto, ao perceber que ela n\u00e3o havia morrido, ele a asfixiou.<\/p>\n<\/div>\n<div class=\"mc-column content-text active-extra-styles \" style=\"text-align: justify;\" data-block-type=\"unstyled\" data-block-weight=\"13\" data-block-id=\"12\">\n<p class=\"content-text__container \" data-track-category=\"Link no Texto\" data-track-links=\"\">\u00c0 \u00e9poca, a casa estava em obras e logo depois foi vendida.<\/p>\n<\/div>\n<div class=\"mc-column content-text active-extra-styles \" data-block-type=\"unstyled\" data-block-weight=\"33\" data-block-id=\"13\">\n<p class=\"content-text__container \" style=\"text-align: justify;\" data-track-category=\"Link no Texto\" data-track-links=\"\">No mesmo per\u00edodo, o idoso registrou um boletim de ocorr\u00eancia para comunicar o desaparecimento da mulher. No documento ele alegou abandono do lar. No registro feito \u00e0 m\u00e3o, ele era identificado como v\u00edtima.<\/p>\n<p data-track-category=\"Link no Texto\" data-track-links=\"\"><img loading=\"lazy\" decoding=\"async\" class=\"alignnone size-full wp-image-2735\" src=\"https:\/\/jorgezanoni.com.br\/2019\/wp-content\/uploads\/2019\/08\/wc3.jpg\" alt=\"\" width=\"1000\" height=\"1000\" srcset=\"https:\/\/jorgezanoni.com.br\/2019\/wp-content\/uploads\/2019\/08\/wc3.jpg 1000w, https:\/\/jorgezanoni.com.br\/2019\/wp-content\/uploads\/2019\/08\/wc3-150x150.jpg 150w, https:\/\/jorgezanoni.com.br\/2019\/wp-content\/uploads\/2019\/08\/wc3-300x300.jpg 300w, https:\/\/jorgezanoni.com.br\/2019\/wp-content\/uploads\/2019\/08\/wc3-768x768.jpg 768w, https:\/\/jorgezanoni.com.br\/2019\/wp-content\/uploads\/2019\/08\/wc3-696x696.jpg 696w, https:\/\/jorgezanoni.com.br\/2019\/wp-content\/uploads\/2019\/08\/wc3-420x420.jpg 420w\" sizes=\"auto, (max-width: 1000px) 100vw, 1000px\" \/><\/p>\n<div class=\"row medium-uncollapsed content-media content-photo\" data-block-type=\"backstage-photo\" data-block-id=\"14\">\n<div class=\"mc-column content-media__container\">\n<p class=\"content-media__description \" style=\"text-align: justify;\">Documentos pessoais da v\u00edtima tamb\u00e9m foram encontrados \u2014 Foto: Divulga\u00e7\u00e3o<\/p>\n<\/div>\n<\/div>\n<div class=\"content-ads content-ads--reveal\" style=\"text-align: justify;\" data-block-type=\"ads\" data-block-id=\"15\">\n<div id=\"banner_materia__a9da60ce-7de9-467d-b8db-24673cde7331\" class=\"tag-manager-publicidade-container mc-has-reveal mc-has-ad-lazyload tag-manager-publicidade-banner_materia__a9da60ce-7de9-467d-b8db-24673cde7331 tag-manager-publicidade-container--carregado tag-manager-publicidade-container--visivel\" data-id=\"banner_materia__a9da60ce-7de9-467d-b8db-24673cde7331\" data-google-query-id=\"COWf6_SS6OMCFQlmwQod5kcC6Q\" data-cid=\"138274345242\" data-lid=\"5083620444\">\n<div class=\"mc-column content-text active-extra-styles\" data-block-type=\"raw\" data-block-weight=\"1\" data-block-id=\"16\">\n<div class=\"content-intertitle\">\n<h2>Escava\u00e7\u00e3o<\/h2>\n<\/div>\n<\/div>\n<div class=\"mc-column content-text active-extra-styles \" data-block-type=\"unstyled\" data-block-weight=\"42\" data-block-id=\"17\">\n<p class=\"content-text__container \" data-track-category=\"Link no Texto\" data-track-links=\"\">Os dois filhos da v\u00edtima acompanham os policiais. Muito abalados com o caso, eles n\u00e3o quiseram falar com a imprensa. Eles s\u00f3 ficaram sabendo do homic\u00eddio essa semana e, at\u00e9 ent\u00e3o, acreditavam que a m\u00e3e havia abandonado a fam\u00edlia, conforme Jairo alegava.<\/p>\n<\/div>\n<div class=\"mc-column content-text active-extra-styles \" data-block-type=\"unstyled\" data-block-weight=\"26\" data-block-id=\"18\">\n<p class=\"content-text__container \" data-track-category=\"Link no Texto\" data-track-links=\"\">Duas irm\u00e3s da v\u00edtima entraram na casa e acompanharam de perto o trabalho da pol\u00edcia. Al\u00e9m da escava\u00e7\u00e3o, os policiais devem fazer a reconstitui\u00e7\u00e3o do crime.<\/p>\n<\/div>\n<div class=\"mc-column content-text active-extra-styles \" data-block-type=\"unstyled\" data-block-weight=\"25\" data-block-id=\"19\">\n<p class=\"content-text__container \" data-track-category=\"Link no Texto\" data-track-links=\"\">Do lado de fora, a escava\u00e7\u00e3o foi observada por moradores, jornalistas e curiosos. A casa fica na Avenida das Ita\u00fabas, no Bairro Jardim das Palmeiras.<\/p>\n<p data-track-category=\"Link no Texto\" data-track-links=\"\"><img loading=\"lazy\" decoding=\"async\" class=\"alignnone size-full wp-image-2736\" src=\"https:\/\/jorgezanoni.com.br\/2019\/wp-content\/uploads\/2019\/08\/wc4.jpeg\" alt=\"\" width=\"1000\" height=\"563\" srcset=\"https:\/\/jorgezanoni.com.br\/2019\/wp-content\/uploads\/2019\/08\/wc4.jpeg 1000w, https:\/\/jorgezanoni.com.br\/2019\/wp-content\/uploads\/2019\/08\/wc4-300x169.jpeg 300w, https:\/\/jorgezanoni.com.br\/2019\/wp-content\/uploads\/2019\/08\/wc4-768x432.jpeg 768w, https:\/\/jorgezanoni.com.br\/2019\/wp-content\/uploads\/2019\/08\/wc4-696x392.jpeg 696w, https:\/\/jorgezanoni.com.br\/2019\/wp-content\/uploads\/2019\/08\/wc4-746x420.jpeg 746w\" sizes=\"auto, (max-width: 1000px) 100vw, 1000px\" \/><\/p>\n<p style=\"text-align: justify;\" data-track-category=\"Link no Texto\" data-track-links=\"\">Entulho retirado do local come\u00e7ou a ser colocado na frente da casa, em Sinop \u2014 Foto: Poliana Mazzo\/TV Centro Am\u00e9rica<\/p>\n<p data-track-category=\"Link no Texto\" data-track-links=\"\">Fonte: G1<\/p>\n<\/div>\n<\/div>\n<\/div>\n<\/div>\n<p style=\"text-align: justify;\" data-track-category=\"Link no Texto\" data-track-links=\"\">\n<\/div>\n<\/div>\n<\/div>\n<\/div>\n","protected":false},"excerpt":{"rendered":"<p>Jairo Narciso da Silva, de 64 anos, matou a mulher em outubro de 1994 e a enterrou no banheiro. Depois do crime, ele registrou um boletim de ocorr\u00eancia alegando que a mulher havia deixado o lar. Jairo Narciso da Silva, de 64 anos, acompanhou a Pol\u00edcia Civil durante as escava\u00e7\u00f5es dentro do banheiro de uma [&hellip;]<\/p>\n","protected":false},"author":1,"featured_media":2737,"comment_status":"closed","ping_status":"open","sticky":false,"template":"","format":"standard","meta":{"footnotes":""},"categories":[110,2],"tags":[],"class_list":["post-2732","post","type-post","status-publish","format-standard","has-post-thumbnail","hentry","category-noticiasdestaque","category-policial"],"_links":{"self":[{"href":"https:\/\/jorgezanoni.com.br\/2019\/wp-json\/wp\/v2\/posts\/2732","targetHints":{"allow":["GET"]}}],"collection":[{"href":"https:\/\/jorgezanoni.com.br\/2019\/wp-json\/wp\/v2\/posts"}],"about":[{"href":"https:\/\/jorgezanoni.com.br\/2019\/wp-json\/wp\/v2\/types\/post"}],"author":[{"embeddable":true,"href":"https:\/\/jorgezanoni.com.br\/2019\/wp-json\/wp\/v2\/users\/1"}],"replies":[{"embeddable":true,"href":"https:\/\/jorgezanoni.com.br\/2019\/wp-json\/wp\/v2\/comments?post=2732"}],"version-history":[{"count":0,"href":"https:\/\/jorgezanoni.com.br\/2019\/wp-json\/wp\/v2\/posts\/2732\/revisions"}],"wp:featuredmedia":[{"embeddable":true,"href":"https:\/\/jorgezanoni.com.br\/2019\/wp-json\/wp\/v2\/media\/2737"}],"wp:attachment":[{"href":"https:\/\/jorgezanoni.com.br\/2019\/wp-json\/wp\/v2\/media?parent=2732"}],"wp:term":[{"taxonomy":"category","embeddable":true,"href":"https:\/\/jorgezanoni.com.br\/2019\/wp-json\/wp\/v2\/categories?post=2732"},{"taxonomy":"post_tag","embeddable":true,"href":"https:\/\/jorgezanoni.com.br\/2019\/wp-json\/wp\/v2\/tags?post=2732"}],"curies":[{"name":"wp","href":"https:\/\/api.w.org\/{rel}","templated":true}]}}