{"id":27307,"date":"2020-05-31T22:24:55","date_gmt":"2020-05-31T22:24:55","guid":{"rendered":"https:\/\/jorgezanoni.com.br\/2019\/?p=27307"},"modified":"2020-05-31T22:24:55","modified_gmt":"2020-05-31T22:24:55","slug":"duas-pessoas-morrem-em-acidente-entre-carro-e-caminhao","status":"publish","type":"post","link":"https:\/\/jorgezanoni.com.br\/2019\/duas-pessoas-morrem-em-acidente-entre-carro-e-caminhao\/","title":{"rendered":"Duas pessoas morrem em acidente entre carro e caminh\u00e3o"},"content":{"rendered":"<p style=\"text-align: justify;\">Um grave acidente ocorreu no final da tarde deste domingo (30) envolvendo um carro e um caminh\u00e3o canavieiro.<\/p>\n<p style=\"text-align: justify;\">As primeiras informa\u00e7\u00f5es obtidas pela reportagem d\u00e3o conta que um carro \u00e9 um caminh\u00e3o teriam colidido frontalmente na Rodovia Pl\u00e1cido Rocha nas proximidades da ponte do Rio Aguape\u00ed, trecho pertencente \u00e0 Valpara\u00edso.<\/p>\n<div class=\"tiled-gallery type-rectangular\" style=\"text-align: justify;\" data-original-width=\"740\" data-carousel-extra=\"null\">\n<div class=\"gallery-row\" data-original-width=\"740\" data-original-height=\"411\">\n<div class=\"gallery-group images-1\" data-original-width=\"329\" data-original-height=\"411\">\n<div class=\"tiled-gallery-item tiled-gallery-item-large\"><a href=\"https:\/\/adamantinanet.com.br\/2020\/05\/31\/duas-pessoas-morrem-em-acidente-entre-carro-e-caminhao\/capa-97\/\"><img loading=\"lazy\" decoding=\"async\" class=\"jetpack-lazy-image jetpack-lazy-image--handled\" title=\"capa\" src=\"https:\/\/i2.wp.com\/adamantinanet.com.br\/wp-content\/uploads\/2020\/05\/capa-5.jpg?w=325&amp;h=407&amp;ssl=1\" alt=\"capa\" width=\"325\" height=\"407\" data-attachment-id=\"68147\" data-orig-file=\"https:\/\/adamantinanet.com.br\/wp-content\/uploads\/2020\/05\/capa-5.jpg\" data-orig-size=\"661,830\" data-comments-opened=\"\" data-image-meta=\"{&quot;aperture&quot;:&quot;0&quot;,&quot;credit&quot;:&quot;&quot;,&quot;camera&quot;:&quot;&quot;,&quot;caption&quot;:&quot;&quot;,&quot;created_timestamp&quot;:&quot;0&quot;,&quot;copyright&quot;:&quot;&quot;,&quot;focal_length&quot;:&quot;0&quot;,&quot;iso&quot;:&quot;0&quot;,&quot;shutter_speed&quot;:&quot;0&quot;,&quot;title&quot;:&quot;&quot;,&quot;orientation&quot;:&quot;0&quot;}\" data-image-title=\"capa\" data-image-description=\"\" data-medium-file=\"https:\/\/i2.wp.com\/adamantinanet.com.br\/wp-content\/uploads\/2020\/05\/capa-5.jpg?fit=239%2C300&amp;ssl=1\" data-large-file=\"https:\/\/i2.wp.com\/adamantinanet.com.br\/wp-content\/uploads\/2020\/05\/capa-5.jpg?fit=661%2C830&amp;ssl=1\" data-original-width=\"325\" data-original-height=\"407\" data-lazy-loaded=\"1\" \/><\/a><\/div>\n<\/div>\n<div class=\"gallery-group images-1\" data-original-width=\"411\" data-original-height=\"411\">\n<div class=\"tiled-gallery-item tiled-gallery-item-large\"><a href=\"https:\/\/adamantinanet.com.br\/2020\/05\/31\/duas-pessoas-morrem-em-acidente-entre-carro-e-caminhao\/de0ce755-224a-418f-ba04-0b0533a57158-1\/\"><img loading=\"lazy\" decoding=\"async\" class=\"jetpack-lazy-image jetpack-lazy-image--handled\" title=\"de0ce755-224a-418f-ba04-0b0533a57158 (1)\" src=\"https:\/\/i1.wp.com\/adamantinanet.com.br\/wp-content\/uploads\/2020\/05\/de0ce755-224a-418f-ba04-0b0533a57158-1.jpg?w=407&amp;h=407&amp;crop=1&amp;ssl=1\" alt=\"de0ce755-224a-418f-ba04-0b0533a57158 (1)\" width=\"407\" height=\"407\" data-attachment-id=\"68148\" data-orig-file=\"https:\/\/adamantinanet.com.br\/wp-content\/uploads\/2020\/05\/de0ce755-224a-418f-ba04-0b0533a57158-1.jpg\" data-orig-size=\"1280,1280\" data-comments-opened=\"\" data-image-meta=\"{&quot;aperture&quot;:&quot;0&quot;,&quot;credit&quot;:&quot;&quot;,&quot;camera&quot;:&quot;&quot;,&quot;caption&quot;:&quot;&quot;,&quot;created_timestamp&quot;:&quot;0&quot;,&quot;copyright&quot;:&quot;&quot;,&quot;focal_length&quot;:&quot;0&quot;,&quot;iso&quot;:&quot;0&quot;,&quot;shutter_speed&quot;:&quot;0&quot;,&quot;title&quot;:&quot;&quot;,&quot;orientation&quot;:&quot;0&quot;}\" data-image-title=\"de0ce755-224a-418f-ba04-0b0533a57158 (1)\" data-image-description=\"\" data-medium-file=\"https:\/\/i1.wp.com\/adamantinanet.com.br\/wp-content\/uploads\/2020\/05\/de0ce755-224a-418f-ba04-0b0533a57158-1.jpg?fit=300%2C300&amp;ssl=1\" data-large-file=\"https:\/\/i1.wp.com\/adamantinanet.com.br\/wp-content\/uploads\/2020\/05\/de0ce755-224a-418f-ba04-0b0533a57158-1.jpg?fit=740%2C740&amp;ssl=1\" data-original-width=\"407\" data-original-height=\"407\" data-lazy-loaded=\"1\" \/><\/a><\/div>\n<\/div>\n<\/div>\n<\/div>\n<p style=\"text-align: justify;\">Um homem e uma mulher que estavam no carro n\u00e3o resistiu ao impacto e acabaram falecendo.<\/p>\n<p style=\"text-align: justify;\">Nossa reportagem segue acompanhando esta ocorr\u00eancia e maiores informa\u00e7\u00f5es ser\u00e3o adicionadas \u00e0 est\u00e1 mat\u00e9ria a qualquer momento.<\/p>\n<p style=\"text-align: justify;\">Fonte: Folha Regional<\/p>\n","protected":false},"excerpt":{"rendered":"<p>Um grave acidente ocorreu no final da tarde deste domingo (30) envolvendo um carro e um caminh\u00e3o canavieiro. As primeiras informa\u00e7\u00f5es obtidas pela reportagem d\u00e3o conta que um carro \u00e9 um caminh\u00e3o teriam colidido frontalmente na Rodovia Pl\u00e1cido Rocha nas proximidades da ponte do Rio Aguape\u00ed, trecho pertencente \u00e0 Valpara\u00edso. Um homem e uma mulher [&hellip;]<\/p>\n","protected":false},"author":1,"featured_media":27308,"comment_status":"closed","ping_status":"open","sticky":false,"template":"","format":"standard","meta":{"footnotes":""},"categories":[170,110],"tags":[],"class_list":["post-27307","post","type-post","status-publish","format-standard","has-post-thumbnail","hentry","category-acidentes","category-noticiasdestaque"],"_links":{"self":[{"href":"https:\/\/jorgezanoni.com.br\/2019\/wp-json\/wp\/v2\/posts\/27307","targetHints":{"allow":["GET"]}}],"collection":[{"href":"https:\/\/jorgezanoni.com.br\/2019\/wp-json\/wp\/v2\/posts"}],"about":[{"href":"https:\/\/jorgezanoni.com.br\/2019\/wp-json\/wp\/v2\/types\/post"}],"author":[{"embeddable":true,"href":"https:\/\/jorgezanoni.com.br\/2019\/wp-json\/wp\/v2\/users\/1"}],"replies":[{"embeddable":true,"href":"https:\/\/jorgezanoni.com.br\/2019\/wp-json\/wp\/v2\/comments?post=27307"}],"version-history":[{"count":0,"href":"https:\/\/jorgezanoni.com.br\/2019\/wp-json\/wp\/v2\/posts\/27307\/revisions"}],"wp:featuredmedia":[{"embeddable":true,"href":"https:\/\/jorgezanoni.com.br\/2019\/wp-json\/wp\/v2\/media\/27308"}],"wp:attachment":[{"href":"https:\/\/jorgezanoni.com.br\/2019\/wp-json\/wp\/v2\/media?parent=27307"}],"wp:term":[{"taxonomy":"category","embeddable":true,"href":"https:\/\/jorgezanoni.com.br\/2019\/wp-json\/wp\/v2\/categories?post=27307"},{"taxonomy":"post_tag","embeddable":true,"href":"https:\/\/jorgezanoni.com.br\/2019\/wp-json\/wp\/v2\/tags?post=27307"}],"curies":[{"name":"wp","href":"https:\/\/api.w.org\/{rel}","templated":true}]}}