{"id":27291,"date":"2020-05-31T14:48:55","date_gmt":"2020-05-31T14:48:55","guid":{"rendered":"https:\/\/jorgezanoni.com.br\/2019\/?p=27291"},"modified":"2020-05-31T14:49:21","modified_gmt":"2020-05-31T14:49:21","slug":"bebe-morre-apos-incendio-atingir-casa-em-bairro-de-lins","status":"publish","type":"post","link":"https:\/\/jorgezanoni.com.br\/2019\/bebe-morre-apos-incendio-atingir-casa-em-bairro-de-lins\/","title":{"rendered":"Beb\u00ea morre ap\u00f3s inc\u00eandio atingir casa em bairro de Lins"},"content":{"rendered":"<h2 class=\"content-head__subtitle\" style=\"text-align: justify;\"><strong>Menino de 8 meses estava no ber\u00e7o e chamas atingiram o teto do quarto que desabou. Outras duas crian\u00e7as conseguiram se salvar, al\u00e9m dos pais.<\/strong><\/h2>\n<div data-google-av-aid=\"&quot;0&quot;data-google-av-naid=&quot;1&quot;data-google-av-slift=&quot;&quot;data-google-av-cpmav=&quot;&quot;data-google-av-btr=&quot;&quot;data-google-av-itpl=&quot;20&quot;data-google-av-rs=&quot;4&quot;\">\n<div data-rp-type=\"&quot;trp-display-creative&quot;\" data-rp-impression-id=\"&quot;b8197715-6571-4034-afef-4b7e9924a728&quot;\" data-rp-aqid=\"&quot;4114:fitmedia-684&quot;\" data-rp-acct-id=\"&quot;20238&quot;\">\n<div id=\"beeswax-ad-wrapper\" style=\"position: relative;\">\n<div class=\"mc-column content-text active-extra-styles \" data-block-type=\"unstyled\" data-block-weight=\"29\" data-block-id=\"2\">\n<p class=\"content-text__container \" style=\"text-align: justify;\" data-track-category=\"Link no Texto\" data-track-links=\"\">Um beb\u00ea de oito meses morreu dentro do ber\u00e7o durante um inc\u00eandio na resid\u00eancia da fam\u00edlia que mora no bairro Ribeiro, em Lins, na manh\u00e3 deste domingo (31).<\/p>\n<\/div>\n<div class=\"wall protected-content\">\n<div class=\"mc-column content-text active-extra-styles \" style=\"text-align: justify;\" data-block-type=\"unstyled\" data-block-weight=\"43\" data-block-id=\"3\">\n<p class=\"content-text__container \" data-track-category=\"Link no Texto\" data-track-links=\"\">Segundo a Pol\u00edcia Militar, no quarto estavam tr\u00eas crian\u00e7as que acordaram com as chamas no c\u00f4modo. Duas delas que s\u00e3o mais velhas, mas n\u00e3o tiveram as idades informadas, foram chamar os pais e o beb\u00ea, Heitor Henrique dos Santos, ficou no ber\u00e7o.<\/p>\n<\/div>\n<div class=\"row medium-uncollapsed content-media content-photo\" data-block-type=\"backstage-photo\" data-block-id=\"4\">\n<div class=\"mc-column content-media__container\">\n<figure style=\"text-align: justify;\"><img decoding=\"async\" class=\"i-amphtml-fill-content i-amphtml-replaced-content\" src=\"https:\/\/s2.glbimg.com\/TKHEfok8baufL2dW3EETwroDA7w=\/0x0:960x1280\/984x0\/smart\/filters:strip_icc()\/i.s3.glbimg.com\/v1\/AUTH_59edd422c0c84a879bd37670ae4f538a\/internal_photos\/bs\/2020\/c\/Q\/W8xXQuShqsILlNBA5EGA\/whatsapp-image-2020-05-31-at-10.17.04-1-.jpeg\" sizes=\"(max-width: 1242px) 648px, 100vw\" srcset=\"https:\/\/s2.glbimg.com\/FRABADLivC2UsLaQcfe0dPClP7o=\/0x0:960x1280\/1000x0\/smart\/filters:strip_icc()\/i.s3.glbimg.com\/v1\/AUTH_59edd422c0c84a879bd37670ae4f538a\/internal_photos\/bs\/2020\/c\/Q\/W8xXQuShqsILlNBA5EGA\/whatsapp-image-2020-05-31-at-10.17.04-1-.jpeg 1000w, https:\/\/s2.glbimg.com\/TKHEfok8baufL2dW3EETwroDA7w=\/0x0:960x1280\/984x0\/smart\/filters:strip_icc()\/i.s3.glbimg.com\/v1\/AUTH_59edd422c0c84a879bd37670ae4f538a\/internal_photos\/bs\/2020\/c\/Q\/W8xXQuShqsILlNBA5EGA\/whatsapp-image-2020-05-31-at-10.17.04-1-.jpeg 984w, https:\/\/s2.glbimg.com\/ENhIhxQCwKNiV7ufARAiCg84rmQ=\/0x0:960x1280\/640x0\/smart\/filters:strip_icc()\/i.s3.glbimg.com\/v1\/AUTH_59edd422c0c84a879bd37670ae4f538a\/internal_photos\/bs\/2020\/c\/Q\/W8xXQuShqsILlNBA5EGA\/whatsapp-image-2020-05-31-at-10.17.04-1-.jpeg 640w, https:\/\/s2.glbimg.com\/-drwD31aDO1_hda1uNMXPEw8q28=\/0x0:960x1280\/600x0\/smart\/filters:strip_icc()\/i.s3.glbimg.com\/v1\/AUTH_59edd422c0c84a879bd37670ae4f538a\/internal_photos\/bs\/2020\/c\/Q\/W8xXQuShqsILlNBA5EGA\/whatsapp-image-2020-05-31-at-10.17.04-1-.jpeg 600w\" alt=\"Teto do quarto desabou e atingiu o ber\u00e7o onde estava o beb\u00ea em Lins \u2014 Foto: J. Serafim \/ Divulga\u00e7\u00e3o \" \/><\/figure>\n<p class=\"content-media__description \" style=\"text-align: justify;\">Teto do quarto desabou e atingiu o ber\u00e7o onde estava o beb\u00ea em Lins \u2014 Foto: J. Serafim \/ Divulga\u00e7\u00e3o<\/p>\n<p style=\"text-align: justify;\">Quando os pais chegaram no quarto, o teto h\u00e1 havia desabado em chamas sobre o ber\u00e7o do beb\u00ea. Ainda de acordo com as informa\u00e7\u00f5es PM, a princ\u00edpio, a causa do inc\u00eandio pode ser um curto circuito.<\/p>\n<div class=\"mc-column content-text active-extra-styles \" style=\"text-align: justify;\" data-block-type=\"unstyled\" data-block-weight=\"27\" data-block-id=\"7\">\n<p class=\"content-text__container \" data-track-category=\"Link no Texto\" data-track-links=\"\">A resid\u00eancia feita de alvenaria com forro no teto. Somente a cozinha n\u00e3o foi destru\u00edda pelo inc\u00eandio. A per\u00edcia foi acionada para apurar as causas do inc\u00eandio.<\/p>\n<\/div>\n<div class=\"row medium-uncollapsed content-media content-photo\" data-block-type=\"backstage-photo\" data-block-id=\"8\">\n<div class=\"mc-column content-media__container\">\n<figure style=\"text-align: justify;\"><img decoding=\"async\" class=\"i-amphtml-fill-content i-amphtml-replaced-content\" src=\"https:\/\/s2.glbimg.com\/YBWR1lJITbKHfIKw2OzNzB9Nly4=\/0x0:845x798\/984x0\/smart\/filters:strip_icc()\/i.s3.glbimg.com\/v1\/AUTH_59edd422c0c84a879bd37670ae4f538a\/internal_photos\/bs\/2020\/x\/B\/MJx4J8Q4SE13OVFA2MQw\/whatsapp-image-2020-05-31-at-10.17.04.jpeg\" sizes=\"(max-width: 1242px) 648px, 100vw\" srcset=\"https:\/\/s2.glbimg.com\/a5Tqz19uXpKk1Tm9EzgftgADVdY=\/0x0:845x798\/1000x0\/smart\/filters:strip_icc()\/i.s3.glbimg.com\/v1\/AUTH_59edd422c0c84a879bd37670ae4f538a\/internal_photos\/bs\/2020\/x\/B\/MJx4J8Q4SE13OVFA2MQw\/whatsapp-image-2020-05-31-at-10.17.04.jpeg 1000w, https:\/\/s2.glbimg.com\/YBWR1lJITbKHfIKw2OzNzB9Nly4=\/0x0:845x798\/984x0\/smart\/filters:strip_icc()\/i.s3.glbimg.com\/v1\/AUTH_59edd422c0c84a879bd37670ae4f538a\/internal_photos\/bs\/2020\/x\/B\/MJx4J8Q4SE13OVFA2MQw\/whatsapp-image-2020-05-31-at-10.17.04.jpeg 984w, https:\/\/s2.glbimg.com\/54MEbgH5nr7lm9U0Cd4mFAmDTAA=\/0x0:845x798\/640x0\/smart\/filters:strip_icc()\/i.s3.glbimg.com\/v1\/AUTH_59edd422c0c84a879bd37670ae4f538a\/internal_photos\/bs\/2020\/x\/B\/MJx4J8Q4SE13OVFA2MQw\/whatsapp-image-2020-05-31-at-10.17.04.jpeg 640w, https:\/\/s2.glbimg.com\/I-xKjJVrYdmxFDhiIQihyONwwKg=\/0x0:845x798\/600x0\/smart\/filters:strip_icc()\/i.s3.glbimg.com\/v1\/AUTH_59edd422c0c84a879bd37670ae4f538a\/internal_photos\/bs\/2020\/x\/B\/MJx4J8Q4SE13OVFA2MQw\/whatsapp-image-2020-05-31-at-10.17.04.jpeg 600w\" alt=\"Bombeiros foram acionados para combater o inc\u00eandio na casa em Lins \u2014 Foto: J.Serafim \/ Divulga\u00e7\u00e3o \" \/><\/figure>\n<p class=\"content-media__description \" style=\"text-align: justify;\">Bombeiros foram acionados para combater o inc\u00eandio na casa em Lins \u2014 Foto: J.Serafim \/ Divulga\u00e7\u00e3o<\/p>\n<p style=\"text-align: justify;\">Fonte: G1<\/p>\n<\/div>\n<\/div>\n<p>&nbsp;<\/p>\n<\/div>\n<\/div>\n<\/div>\n<\/div>\n<\/div>\n<\/div>\n","protected":false},"excerpt":{"rendered":"<p>Menino de 8 meses estava no ber\u00e7o e chamas atingiram o teto do quarto que desabou. Outras duas crian\u00e7as conseguiram se salvar, al\u00e9m dos pais. Um beb\u00ea de oito meses morreu dentro do ber\u00e7o durante um inc\u00eandio na resid\u00eancia da fam\u00edlia que mora no bairro Ribeiro, em Lins, na manh\u00e3 deste domingo (31). Segundo a [&hellip;]<\/p>\n","protected":false},"author":1,"featured_media":27292,"comment_status":"closed","ping_status":"open","sticky":false,"template":"","format":"standard","meta":{"footnotes":""},"categories":[110,2],"tags":[],"class_list":["post-27291","post","type-post","status-publish","format-standard","has-post-thumbnail","hentry","category-noticiasdestaque","category-policial"],"_links":{"self":[{"href":"https:\/\/jorgezanoni.com.br\/2019\/wp-json\/wp\/v2\/posts\/27291","targetHints":{"allow":["GET"]}}],"collection":[{"href":"https:\/\/jorgezanoni.com.br\/2019\/wp-json\/wp\/v2\/posts"}],"about":[{"href":"https:\/\/jorgezanoni.com.br\/2019\/wp-json\/wp\/v2\/types\/post"}],"author":[{"embeddable":true,"href":"https:\/\/jorgezanoni.com.br\/2019\/wp-json\/wp\/v2\/users\/1"}],"replies":[{"embeddable":true,"href":"https:\/\/jorgezanoni.com.br\/2019\/wp-json\/wp\/v2\/comments?post=27291"}],"version-history":[{"count":0,"href":"https:\/\/jorgezanoni.com.br\/2019\/wp-json\/wp\/v2\/posts\/27291\/revisions"}],"wp:featuredmedia":[{"embeddable":true,"href":"https:\/\/jorgezanoni.com.br\/2019\/wp-json\/wp\/v2\/media\/27292"}],"wp:attachment":[{"href":"https:\/\/jorgezanoni.com.br\/2019\/wp-json\/wp\/v2\/media?parent=27291"}],"wp:term":[{"taxonomy":"category","embeddable":true,"href":"https:\/\/jorgezanoni.com.br\/2019\/wp-json\/wp\/v2\/categories?post=27291"},{"taxonomy":"post_tag","embeddable":true,"href":"https:\/\/jorgezanoni.com.br\/2019\/wp-json\/wp\/v2\/tags?post=27291"}],"curies":[{"name":"wp","href":"https:\/\/api.w.org\/{rel}","templated":true}]}}