{"id":27287,"date":"2020-05-31T13:55:58","date_gmt":"2020-05-31T13:55:58","guid":{"rendered":"https:\/\/jorgezanoni.com.br\/2019\/?p=27287"},"modified":"2020-05-31T13:55:58","modified_gmt":"2020-05-31T13:55:58","slug":"pm-prende-homem-de-63-anos-acusado-de-abusar-de-crianca","status":"publish","type":"post","link":"https:\/\/jorgezanoni.com.br\/2019\/pm-prende-homem-de-63-anos-acusado-de-abusar-de-crianca\/","title":{"rendered":"PM prende homem de 63 anos acusado de abusar de crian\u00e7a"},"content":{"rendered":"<p style=\"text-align: justify;\">A Pol\u00edcia Militar de Fl\u00f3rida Paulista prendeu em flagrante um homem pelo crime de abuso de vulner\u00e1vel na tarde deste s\u00e1bado (30).<\/p>\n<p style=\"text-align: justify;\">Segundo informa\u00e7\u00f5es cedidas pela Pol\u00edcia Militar \u00e0 reportagem do jornal e site Folha Regional, ap\u00f3s ser acionada via Centro de Opera\u00e7\u00f5es da Pol\u00edcia Militar, o \u201cCOPOM\u201d, a equipe em servi\u00e7o deslocou-se at\u00e9 a Avenida Vereador Augusto Roque, onde em contato com a m\u00e3e da crian\u00e7a de oito anos de idade, foi informada que a filha havia sido v\u00edtima de ass\u00e9dio sexual. (continua depois da publicidade)<\/p>\n<p><img loading=\"lazy\" decoding=\"async\" class=\"alignnone size-full wp-image-27288\" src=\"https:\/\/jorgezanoni.com.br\/2019\/wp-content\/uploads\/2020\/05\/CCAA.gif\" alt=\"\" width=\"300\" height=\"100\" \/><\/p>\n<p style=\"text-align: justify;\">A Pol\u00edcia Militar informou tamb\u00e9m que a m\u00e3e em seu depoimento, relatou que havia pedido para a filha ir at\u00e9 a casa do autor para pegar alguns lim\u00f5es e que quando a crian\u00e7a retornou \u00e0 sua resid\u00eancia, informou que o homem havia a for\u00e7ado \u00e0 sentar no sof\u00e1 e em seguida, teria a beijado e passado as m\u00e3os em suas partes \u00edntimas, fato confirmado pela crian\u00e7a na presen\u00e7a do Conselho Tutelar.<\/p>\n<p style=\"text-align: justify;\">A Pol\u00edcia Militar realizou patrulhamento e obteve \u00eaxito em localizar o suposto autor que recebeu voz de pris\u00e3o em flagrante e junto com as demais partes (m\u00e3e e filha v\u00edtima do abuso) foi conduzido at\u00e9 o Plant\u00e3o Policial localizado em Adamantina onde a ocorr\u00eancia foi apresentada.<\/p>\n<p style=\"text-align: justify;\">O delegado Dr. Ricardo Dourado dos Santos ap\u00f3s tomar ci\u00eancia dos fatos, determinou a pris\u00e3o em flagrante do autor pelo crime de estupro de vulner\u00e1vel, fazendo assim que o mesmo fosse colocado \u00e0 disposi\u00e7\u00e3o da Justi\u00e7a na Cadeia P\u00fablica de Adamantina.<\/p>\n<p>Fonte: Folha Regional<\/p>\n","protected":false},"excerpt":{"rendered":"<p>A Pol\u00edcia Militar de Fl\u00f3rida Paulista prendeu em flagrante um homem pelo crime de abuso de vulner\u00e1vel na tarde deste s\u00e1bado (30). Segundo informa\u00e7\u00f5es cedidas pela Pol\u00edcia Militar \u00e0 reportagem do jornal e site Folha Regional, ap\u00f3s ser acionada via Centro de Opera\u00e7\u00f5es da Pol\u00edcia Militar, o \u201cCOPOM\u201d, a equipe em servi\u00e7o deslocou-se at\u00e9 a [&hellip;]<\/p>\n","protected":false},"author":1,"featured_media":27289,"comment_status":"closed","ping_status":"open","sticky":false,"template":"","format":"standard","meta":{"footnotes":""},"categories":[110,2],"tags":[],"class_list":["post-27287","post","type-post","status-publish","format-standard","has-post-thumbnail","hentry","category-noticiasdestaque","category-policial"],"_links":{"self":[{"href":"https:\/\/jorgezanoni.com.br\/2019\/wp-json\/wp\/v2\/posts\/27287","targetHints":{"allow":["GET"]}}],"collection":[{"href":"https:\/\/jorgezanoni.com.br\/2019\/wp-json\/wp\/v2\/posts"}],"about":[{"href":"https:\/\/jorgezanoni.com.br\/2019\/wp-json\/wp\/v2\/types\/post"}],"author":[{"embeddable":true,"href":"https:\/\/jorgezanoni.com.br\/2019\/wp-json\/wp\/v2\/users\/1"}],"replies":[{"embeddable":true,"href":"https:\/\/jorgezanoni.com.br\/2019\/wp-json\/wp\/v2\/comments?post=27287"}],"version-history":[{"count":0,"href":"https:\/\/jorgezanoni.com.br\/2019\/wp-json\/wp\/v2\/posts\/27287\/revisions"}],"wp:featuredmedia":[{"embeddable":true,"href":"https:\/\/jorgezanoni.com.br\/2019\/wp-json\/wp\/v2\/media\/27289"}],"wp:attachment":[{"href":"https:\/\/jorgezanoni.com.br\/2019\/wp-json\/wp\/v2\/media?parent=27287"}],"wp:term":[{"taxonomy":"category","embeddable":true,"href":"https:\/\/jorgezanoni.com.br\/2019\/wp-json\/wp\/v2\/categories?post=27287"},{"taxonomy":"post_tag","embeddable":true,"href":"https:\/\/jorgezanoni.com.br\/2019\/wp-json\/wp\/v2\/tags?post=27287"}],"curies":[{"name":"wp","href":"https:\/\/api.w.org\/{rel}","templated":true}]}}