{"id":27267,"date":"2020-05-31T00:05:21","date_gmt":"2020-05-31T00:05:21","guid":{"rendered":"https:\/\/jorgezanoni.com.br\/2019\/?p=27267"},"modified":"2020-05-31T00:05:21","modified_gmt":"2020-05-31T00:05:21","slug":"batida-entre-carretas-deixa-dois-motoristas-feridos-em-estrada-rural","status":"publish","type":"post","link":"https:\/\/jorgezanoni.com.br\/2019\/batida-entre-carretas-deixa-dois-motoristas-feridos-em-estrada-rural\/","title":{"rendered":"Batida entre carretas deixa dois motoristas feridos em estrada rural"},"content":{"rendered":"<h2 class=\"content-head__subtitle\" style=\"text-align: justify;\"><strong>Segundo os bombeiros, resgate de um dos motoristas que ficou preso \u00e0s ferragens durou seis horas. Ele foi levado em estado considerado grave para hospital de Lins. Acidente foi em vicinal de Cafel\u00e2ndia.<\/strong><\/h2>\n<div class=\"mc-column content-text active-extra-styles \" data-block-type=\"unstyled\" data-block-weight=\"32\" data-block-id=\"2\">\n<p class=\"content-text__container \" style=\"text-align: justify;\" data-track-category=\"Link no Texto\" data-track-links=\"\">Dois homens ficaram feridos ap\u00f3s uma colis\u00e3o frontal envolvendo duas carretas do tipo bitrem, em uma estrada rural de Cafel\u00e2ndia (SP) pr\u00f3ximo \u00e0 usina de Lins, na manh\u00e3 deste s\u00e1bado (30).<\/p>\n<\/div>\n<div class=\"wall protected-content\">\n<div class=\"mc-column content-text active-extra-styles \" style=\"text-align: justify;\" data-block-type=\"unstyled\" data-block-weight=\"26\" data-block-id=\"3\">\n<p class=\"content-text__container \" data-track-category=\"Link no Texto\" data-track-links=\"\">De acordo com informa\u00e7\u00f5es do Corpo de Bombeiros, o motorista de uma das carretas ficou preso \u00e0s ferragens e o resgate demorou cerca de seis horas.<\/p>\n<\/div>\n<div class=\"mc-column content-text active-extra-styles \" data-block-type=\"unstyled\" data-block-weight=\"28\" data-block-id=\"4\">\n<p class=\"content-text__container \" style=\"text-align: justify;\" data-track-category=\"Link no Texto\" data-track-links=\"\">Ele foi socorrido pelos bombeiros em estado considerado grave e levado para o Hospital S\u00e3o Francisco, em Lins. O motorista da outra carreta foi socorrido com ferimentos leves.<\/p>\n<div class=\"row medium-uncollapsed content-media content-photo\" style=\"text-align: justify;\" data-block-type=\"backstage-photo\" data-block-id=\"5\">\n<div class=\"mc-column content-media__container\">\n<figure><img decoding=\"async\" class=\"i-amphtml-fill-content i-amphtml-replaced-content\" src=\"https:\/\/s2.glbimg.com\/e5h9opAUfb9inmaRCJwqfXc5cDk=\/0x0:1280x960\/984x0\/smart\/filters:strip_icc()\/i.s3.glbimg.com\/v1\/AUTH_59edd422c0c84a879bd37670ae4f538a\/internal_photos\/bs\/2020\/1\/6\/A0IKsfSfAe1xbIGcjSNA\/j-serafim-3-.jpeg\" sizes=\"(max-width: 1242px) 648px, 100vw\" srcset=\"https:\/\/s2.glbimg.com\/G2us9QDM12wB0ogaNYq8aeUUmao=\/0x0:1280x960\/1000x0\/smart\/filters:strip_icc()\/i.s3.glbimg.com\/v1\/AUTH_59edd422c0c84a879bd37670ae4f538a\/internal_photos\/bs\/2020\/1\/6\/A0IKsfSfAe1xbIGcjSNA\/j-serafim-3-.jpeg 1000w, https:\/\/s2.glbimg.com\/e5h9opAUfb9inmaRCJwqfXc5cDk=\/0x0:1280x960\/984x0\/smart\/filters:strip_icc()\/i.s3.glbimg.com\/v1\/AUTH_59edd422c0c84a879bd37670ae4f538a\/internal_photos\/bs\/2020\/1\/6\/A0IKsfSfAe1xbIGcjSNA\/j-serafim-3-.jpeg 984w, https:\/\/s2.glbimg.com\/k2BX0SQO9wagsEcsoYS-sBG4qqI=\/0x0:1280x960\/640x0\/smart\/filters:strip_icc()\/i.s3.glbimg.com\/v1\/AUTH_59edd422c0c84a879bd37670ae4f538a\/internal_photos\/bs\/2020\/1\/6\/A0IKsfSfAe1xbIGcjSNA\/j-serafim-3-.jpeg 640w, https:\/\/s2.glbimg.com\/5i5HPRt9Wowh8XS-Lrx-GusvQ-Q=\/0x0:1280x960\/600x0\/smart\/filters:strip_icc()\/i.s3.glbimg.com\/v1\/AUTH_59edd422c0c84a879bd37670ae4f538a\/internal_photos\/bs\/2020\/1\/6\/A0IKsfSfAe1xbIGcjSNA\/j-serafim-3-.jpeg 600w\" alt=\"Caminh\u00f5es do tipo bitrem ficaram destru\u00eddos ap\u00f3s a batida frontal \u2014 Foto: J. Serafim\/Divulga\u00e7\u00e3o\" \/><\/figure>\n<p class=\"content-media__description \">Caminh\u00f5es do tipo bitrem ficaram destru\u00eddos ap\u00f3s a batida frontal \u2014 Foto: J. Serafim\/Divulga\u00e7\u00e3o<\/p>\n<\/div>\n<\/div>\n<div class=\"row medium-uncollapsed content-media content-photo\" data-block-type=\"backstage-photo\" data-block-id=\"6\">\n<div class=\"mc-column content-media__container\">\n<figure style=\"text-align: justify;\"><img decoding=\"async\" class=\"i-amphtml-fill-content i-amphtml-replaced-content\" src=\"https:\/\/s2.glbimg.com\/Cg0vyPVsDC7TVVp22UAvVIjXIoA=\/0x0:720x1280\/984x0\/smart\/filters:strip_icc()\/i.s3.glbimg.com\/v1\/AUTH_59edd422c0c84a879bd37670ae4f538a\/internal_photos\/bs\/2020\/J\/c\/cRLUQPSpOp5AKWsgIphQ\/j-serafim-1-.jpeg\" sizes=\"(max-width: 1242px) 648px, 100vw\" srcset=\"https:\/\/s2.glbimg.com\/jF8Y2Dn0k04deomy24jrsnZ1iQU=\/0x0:720x1280\/1000x0\/smart\/filters:strip_icc()\/i.s3.glbimg.com\/v1\/AUTH_59edd422c0c84a879bd37670ae4f538a\/internal_photos\/bs\/2020\/J\/c\/cRLUQPSpOp5AKWsgIphQ\/j-serafim-1-.jpeg 1000w, https:\/\/s2.glbimg.com\/Cg0vyPVsDC7TVVp22UAvVIjXIoA=\/0x0:720x1280\/984x0\/smart\/filters:strip_icc()\/i.s3.glbimg.com\/v1\/AUTH_59edd422c0c84a879bd37670ae4f538a\/internal_photos\/bs\/2020\/J\/c\/cRLUQPSpOp5AKWsgIphQ\/j-serafim-1-.jpeg 984w, https:\/\/s2.glbimg.com\/0TKXh_Vs-5ApgDzqJO8y1P2xCwU=\/0x0:720x1280\/640x0\/smart\/filters:strip_icc()\/i.s3.glbimg.com\/v1\/AUTH_59edd422c0c84a879bd37670ae4f538a\/internal_photos\/bs\/2020\/J\/c\/cRLUQPSpOp5AKWsgIphQ\/j-serafim-1-.jpeg 640w, https:\/\/s2.glbimg.com\/ClxliBs1hsLt3XJsZceDTW5KFBo=\/0x0:720x1280\/600x0\/smart\/filters:strip_icc()\/i.s3.glbimg.com\/v1\/AUTH_59edd422c0c84a879bd37670ae4f538a\/internal_photos\/bs\/2020\/J\/c\/cRLUQPSpOp5AKWsgIphQ\/j-serafim-1-.jpeg 600w\" alt=\"Resgate de um dos motorista preso \u00e0s ferragens durou cerca de seis horas, segundo os bombeiros \u2014 Foto: J. Serafim\/Divulga\u00e7\u00e3o\" \/><\/figure>\n<p class=\"content-media__description \" style=\"text-align: justify;\">Resgate de um dos motorista preso \u00e0s ferragens durou cerca de seis horas, segundo os bombeiros \u2014 Foto: J. Serafim\/Divulga\u00e7\u00e3o<\/p>\n<p style=\"text-align: justify;\">Fonte: G1<\/p>\n<\/div>\n<\/div>\n<\/div>\n<\/div>\n","protected":false},"excerpt":{"rendered":"<p>Segundo os bombeiros, resgate de um dos motoristas que ficou preso \u00e0s ferragens durou seis horas. Ele foi levado em estado considerado grave para hospital de Lins. Acidente foi em vicinal de Cafel\u00e2ndia. Dois homens ficaram feridos ap\u00f3s uma colis\u00e3o frontal envolvendo duas carretas do tipo bitrem, em uma estrada rural de Cafel\u00e2ndia (SP) pr\u00f3ximo [&hellip;]<\/p>\n","protected":false},"author":1,"featured_media":27268,"comment_status":"closed","ping_status":"open","sticky":false,"template":"","format":"standard","meta":{"footnotes":""},"categories":[170,110],"tags":[],"class_list":["post-27267","post","type-post","status-publish","format-standard","has-post-thumbnail","hentry","category-acidentes","category-noticiasdestaque"],"_links":{"self":[{"href":"https:\/\/jorgezanoni.com.br\/2019\/wp-json\/wp\/v2\/posts\/27267","targetHints":{"allow":["GET"]}}],"collection":[{"href":"https:\/\/jorgezanoni.com.br\/2019\/wp-json\/wp\/v2\/posts"}],"about":[{"href":"https:\/\/jorgezanoni.com.br\/2019\/wp-json\/wp\/v2\/types\/post"}],"author":[{"embeddable":true,"href":"https:\/\/jorgezanoni.com.br\/2019\/wp-json\/wp\/v2\/users\/1"}],"replies":[{"embeddable":true,"href":"https:\/\/jorgezanoni.com.br\/2019\/wp-json\/wp\/v2\/comments?post=27267"}],"version-history":[{"count":0,"href":"https:\/\/jorgezanoni.com.br\/2019\/wp-json\/wp\/v2\/posts\/27267\/revisions"}],"wp:featuredmedia":[{"embeddable":true,"href":"https:\/\/jorgezanoni.com.br\/2019\/wp-json\/wp\/v2\/media\/27268"}],"wp:attachment":[{"href":"https:\/\/jorgezanoni.com.br\/2019\/wp-json\/wp\/v2\/media?parent=27267"}],"wp:term":[{"taxonomy":"category","embeddable":true,"href":"https:\/\/jorgezanoni.com.br\/2019\/wp-json\/wp\/v2\/categories?post=27267"},{"taxonomy":"post_tag","embeddable":true,"href":"https:\/\/jorgezanoni.com.br\/2019\/wp-json\/wp\/v2\/tags?post=27267"}],"curies":[{"name":"wp","href":"https:\/\/api.w.org\/{rel}","templated":true}]}}