{"id":27264,"date":"2020-05-30T23:36:03","date_gmt":"2020-05-30T23:36:03","guid":{"rendered":"https:\/\/jorgezanoni.com.br\/2019\/?p=27264"},"modified":"2020-05-30T23:36:03","modified_gmt":"2020-05-30T23:36:03","slug":"filho-e-preso-por-violencia-domestica-e-carcere-privado-contra-os-pais-em-dracena","status":"publish","type":"post","link":"https:\/\/jorgezanoni.com.br\/2019\/filho-e-preso-por-violencia-domestica-e-carcere-privado-contra-os-pais-em-dracena\/","title":{"rendered":"Filho \u00e9 preso por viol\u00eancia dom\u00e9stica e c\u00e1rcere privado contra os pais em Dracena"},"content":{"rendered":"<p style=\"text-align: justify;\">EM DRACENA: FILHO \u00c9 PRESO POR VIOL\u00caNCIA DOM\u00c9STICA E C\u00c1RCERE PRIVADO CONTRA OS PAIS.<\/p>\n<p style=\"text-align: justify;\">Na manh\u00e3 de hoje (30) por volta das 07h14min a Pol\u00edcia Militar em Dracena foi solicitada via 190. No local a porta de acesso a resid\u00eancia estava trancada e a v\u00edtima de 65 anos pedia socorro em uma janela do quarto, informando que seu filho, o autor de 40 anos, a mantinha trancada no quarto juntamente com seu marido, v\u00edtima de 76 anos, e de posse de uma faca os amea\u00e7ava. A v\u00edtima autorizou a quebra do vidro da porta, que d\u00e1 acesso ao corredor do sobrado, para que a equipe da Pol\u00edcia Militar conseguisse ter acesso ao quarto, local em que estavam todos trancados. No interior da resid\u00eancia a v\u00edtima conseguiu achar uma chave e abriu a porta, o autor encontrava se com um corte no dedo indicador direito, com bastante sangramento. Foi dado voz de pris\u00e3o em flagrante ao autor e socorrido pela Unidade de Resgate ao Pronto Atendimento Municipal. A v\u00edtima (m\u00e3e) emocionalmente abalada foi atendida no PAM e liberada, ap\u00f3s medicada. Foram apreendidos uma faca tipo peixeira e um fac\u00e3o.<br \/>\nO autor permaneceu em cirurgia no dedo indicado direito pela Santa Casa local.<br \/>\nFoi ratificado a pris\u00e3o em flagrante, por c\u00e1rcere privado, viol\u00eancia dom\u00e9stica e amea\u00e7a, sendo solicitado escolta policial pois o autor encontrava se em atendimento m\u00e9dico, permanecendo a disposi\u00e7\u00e3o da Justi\u00e7a.<\/p>\n<p style=\"text-align: justify;\">#25BPMI<br \/>\n#POLICIAMILITARSP<br \/>\n#AFOR\u00c7AP\u00daBLICADES\u00c3OPAULO<br \/>\nCOMUNICA\u00c7\u00c3O SOCIAL DO 25\u00ba BPM\/I &#8211; Dracena e regi\u00e3o.<\/p>\n","protected":false},"excerpt":{"rendered":"<p>EM DRACENA: FILHO \u00c9 PRESO POR VIOL\u00caNCIA DOM\u00c9STICA E C\u00c1RCERE PRIVADO CONTRA OS PAIS. Na manh\u00e3 de hoje (30) por volta das 07h14min a Pol\u00edcia Militar em Dracena foi solicitada via 190. No local a porta de acesso a resid\u00eancia estava trancada e a v\u00edtima de 65 anos pedia socorro em uma janela do quarto, [&hellip;]<\/p>\n","protected":false},"author":1,"featured_media":27265,"comment_status":"closed","ping_status":"open","sticky":false,"template":"","format":"standard","meta":{"footnotes":""},"categories":[110,2],"tags":[],"class_list":["post-27264","post","type-post","status-publish","format-standard","has-post-thumbnail","hentry","category-noticiasdestaque","category-policial"],"_links":{"self":[{"href":"https:\/\/jorgezanoni.com.br\/2019\/wp-json\/wp\/v2\/posts\/27264","targetHints":{"allow":["GET"]}}],"collection":[{"href":"https:\/\/jorgezanoni.com.br\/2019\/wp-json\/wp\/v2\/posts"}],"about":[{"href":"https:\/\/jorgezanoni.com.br\/2019\/wp-json\/wp\/v2\/types\/post"}],"author":[{"embeddable":true,"href":"https:\/\/jorgezanoni.com.br\/2019\/wp-json\/wp\/v2\/users\/1"}],"replies":[{"embeddable":true,"href":"https:\/\/jorgezanoni.com.br\/2019\/wp-json\/wp\/v2\/comments?post=27264"}],"version-history":[{"count":0,"href":"https:\/\/jorgezanoni.com.br\/2019\/wp-json\/wp\/v2\/posts\/27264\/revisions"}],"wp:featuredmedia":[{"embeddable":true,"href":"https:\/\/jorgezanoni.com.br\/2019\/wp-json\/wp\/v2\/media\/27265"}],"wp:attachment":[{"href":"https:\/\/jorgezanoni.com.br\/2019\/wp-json\/wp\/v2\/media?parent=27264"}],"wp:term":[{"taxonomy":"category","embeddable":true,"href":"https:\/\/jorgezanoni.com.br\/2019\/wp-json\/wp\/v2\/categories?post=27264"},{"taxonomy":"post_tag","embeddable":true,"href":"https:\/\/jorgezanoni.com.br\/2019\/wp-json\/wp\/v2\/tags?post=27264"}],"curies":[{"name":"wp","href":"https:\/\/api.w.org\/{rel}","templated":true}]}}