{"id":27250,"date":"2020-05-30T21:30:58","date_gmt":"2020-05-30T21:30:58","guid":{"rendered":"https:\/\/jorgezanoni.com.br\/2019\/?p=27250"},"modified":"2020-05-30T21:40:06","modified_gmt":"2020-05-30T21:40:06","slug":"carro-e-caminhao-batem-na-entrada-do-bairro-sao-cristovao-em-dracena","status":"publish","type":"post","link":"https:\/\/jorgezanoni.com.br\/2019\/carro-e-caminhao-batem-na-entrada-do-bairro-sao-cristovao-em-dracena\/","title":{"rendered":"Carro e caminh\u00e3o batem na entrada do bairro S\u00e3o Crist\u00f3v\u00e3o em Dracena"},"content":{"rendered":"<p><strong>Motorista do carro sofreu escoria\u00e7\u00f5es diversas pelo corpo e foi socorrido.<\/strong><\/p>\n<p style=\"text-align: justify;\">Por volta de 15:50 Horas desta sexta-feira (29), foi registrado um acidente de tr\u00e2nsito com v\u00edtima na esquina das ruas S\u00e3o Crist\u00f3v\u00e3o com a rua Fortaleza, atr\u00e1s da Fapidra em Dracena.<\/p>\n<p style=\"text-align: justify;\">Segundo informa\u00e7\u00f5es obtidas no local pela reportagem do Site JZ, um caminh\u00e3o Volkswagen com placas de Campo Grande\/MS carregado com bebidas, transitava na Rua Fortaleza no sentido centro ao Parque Dracena, e o ve\u00edculo Parati placas de Dracena, dirigido por um jovem de 22 anos, fazia o sentido contr\u00e1rio.<\/p>\n<p style=\"text-align: justify;\">O rapaz foi entrar a esquerda na rua S\u00e3o Crist\u00f3v\u00e3o e virou na frente do caminh\u00e3o que n\u00e3o teve tempo para fazer nada, arrastando o ve\u00edculo por alguns metros.<\/p>\n<p style=\"text-align: justify;\"><span class=\"text_exposed_show\">O jovem condutor da Parati sofreu escoria\u00e7\u00f5es leves no corpo e foi socorrido por uma Unidade de Resgate do Corpo de Bombeiros e levado at\u00e9 o Pronto Atendimento Municipal. <\/span><\/p>\n<p style=\"text-align: justify;\"><span class=\"text_exposed_show\">A Pol\u00edcia Militar compareceu no local, registrou o B.O e controlou o tr\u00e2nsito, j\u00e1 a Pol\u00edcia T\u00e9cnica apurou dados e vai apontar as causas do acidente.<\/span><\/p>\n<p><img loading=\"lazy\" decoding=\"async\" class=\"alignnone size-full wp-image-27255\" src=\"https:\/\/jorgezanoni.com.br\/2019\/wp-content\/uploads\/2020\/05\/2020-05-30-8-1.png\" alt=\"\" width=\"492\" height=\"287\" srcset=\"https:\/\/jorgezanoni.com.br\/2019\/wp-content\/uploads\/2020\/05\/2020-05-30-8-1.png 492w, https:\/\/jorgezanoni.com.br\/2019\/wp-content\/uploads\/2020\/05\/2020-05-30-8-1-300x175.png 300w\" sizes=\"auto, (max-width: 492px) 100vw, 492px\" \/> <img loading=\"lazy\" decoding=\"async\" class=\"alignnone size-full wp-image-27256\" src=\"https:\/\/jorgezanoni.com.br\/2019\/wp-content\/uploads\/2020\/05\/2020-05-30-9-1.png\" alt=\"\" width=\"481\" height=\"279\" srcset=\"https:\/\/jorgezanoni.com.br\/2019\/wp-content\/uploads\/2020\/05\/2020-05-30-9-1.png 481w, https:\/\/jorgezanoni.com.br\/2019\/wp-content\/uploads\/2020\/05\/2020-05-30-9-1-300x174.png 300w\" sizes=\"auto, (max-width: 481px) 100vw, 481px\" \/> <img loading=\"lazy\" decoding=\"async\" class=\"alignnone size-full wp-image-27258\" src=\"https:\/\/jorgezanoni.com.br\/2019\/wp-content\/uploads\/2020\/05\/IMG_3794-1.jpg\" alt=\"\" width=\"700\" height=\"525\" srcset=\"https:\/\/jorgezanoni.com.br\/2019\/wp-content\/uploads\/2020\/05\/IMG_3794-1.jpg 700w, https:\/\/jorgezanoni.com.br\/2019\/wp-content\/uploads\/2020\/05\/IMG_3794-1-300x225.jpg 300w, https:\/\/jorgezanoni.com.br\/2019\/wp-content\/uploads\/2020\/05\/IMG_3794-1-80x60.jpg 80w, https:\/\/jorgezanoni.com.br\/2019\/wp-content\/uploads\/2020\/05\/IMG_3794-1-265x198.jpg 265w, https:\/\/jorgezanoni.com.br\/2019\/wp-content\/uploads\/2020\/05\/IMG_3794-1-696x522.jpg 696w, https:\/\/jorgezanoni.com.br\/2019\/wp-content\/uploads\/2020\/05\/IMG_3794-1-560x420.jpg 560w\" sizes=\"auto, (max-width: 700px) 100vw, 700px\" \/><\/p>\n<p>Jorge Zanoni<\/p>\n","protected":false},"excerpt":{"rendered":"<p>Motorista do carro sofreu escoria\u00e7\u00f5es diversas pelo corpo e foi socorrido. Por volta de 15:50 Horas desta sexta-feira (29), foi registrado um acidente de tr\u00e2nsito com v\u00edtima na esquina das ruas S\u00e3o Crist\u00f3v\u00e3o com a rua Fortaleza, atr\u00e1s da Fapidra em Dracena. Segundo informa\u00e7\u00f5es obtidas no local pela reportagem do Site JZ, um caminh\u00e3o Volkswagen [&hellip;]<\/p>\n","protected":false},"author":1,"featured_media":27257,"comment_status":"closed","ping_status":"open","sticky":false,"template":"","format":"standard","meta":{"footnotes":""},"categories":[170,110],"tags":[],"class_list":["post-27250","post","type-post","status-publish","format-standard","has-post-thumbnail","hentry","category-acidentes","category-noticiasdestaque"],"_links":{"self":[{"href":"https:\/\/jorgezanoni.com.br\/2019\/wp-json\/wp\/v2\/posts\/27250","targetHints":{"allow":["GET"]}}],"collection":[{"href":"https:\/\/jorgezanoni.com.br\/2019\/wp-json\/wp\/v2\/posts"}],"about":[{"href":"https:\/\/jorgezanoni.com.br\/2019\/wp-json\/wp\/v2\/types\/post"}],"author":[{"embeddable":true,"href":"https:\/\/jorgezanoni.com.br\/2019\/wp-json\/wp\/v2\/users\/1"}],"replies":[{"embeddable":true,"href":"https:\/\/jorgezanoni.com.br\/2019\/wp-json\/wp\/v2\/comments?post=27250"}],"version-history":[{"count":0,"href":"https:\/\/jorgezanoni.com.br\/2019\/wp-json\/wp\/v2\/posts\/27250\/revisions"}],"wp:featuredmedia":[{"embeddable":true,"href":"https:\/\/jorgezanoni.com.br\/2019\/wp-json\/wp\/v2\/media\/27257"}],"wp:attachment":[{"href":"https:\/\/jorgezanoni.com.br\/2019\/wp-json\/wp\/v2\/media?parent=27250"}],"wp:term":[{"taxonomy":"category","embeddable":true,"href":"https:\/\/jorgezanoni.com.br\/2019\/wp-json\/wp\/v2\/categories?post=27250"},{"taxonomy":"post_tag","embeddable":true,"href":"https:\/\/jorgezanoni.com.br\/2019\/wp-json\/wp\/v2\/tags?post=27250"}],"curies":[{"name":"wp","href":"https:\/\/api.w.org\/{rel}","templated":true}]}}