{"id":27224,"date":"2020-05-30T19:59:32","date_gmt":"2020-05-30T19:59:32","guid":{"rendered":"https:\/\/jorgezanoni.com.br\/2019\/?p=27224"},"modified":"2020-05-30T19:59:32","modified_gmt":"2020-05-30T19:59:32","slug":"aniversariantes-do-dia-30-05-20","status":"publish","type":"post","link":"https:\/\/jorgezanoni.com.br\/2019\/aniversariantes-do-dia-30-05-20\/","title":{"rendered":"Aniversariantes do Dia 30\/05\/20"},"content":{"rendered":"<p>PARABENIZAMOS OS ANIVERSARIANTES DE HOJE:<\/p>\n<p><img loading=\"lazy\" decoding=\"async\" class=\"alignnone size-full wp-image-27225\" src=\"https:\/\/jorgezanoni.com.br\/2019\/wp-content\/uploads\/2020\/05\/Ana-Laura-Braz-Martins-peris-c-a-av\u00f3-Marlene.jpg\" alt=\"\" width=\"720\" height=\"1280\" srcset=\"https:\/\/jorgezanoni.com.br\/2019\/wp-content\/uploads\/2020\/05\/Ana-Laura-Braz-Martins-peris-c-a-av\u00f3-Marlene.jpg 720w, https:\/\/jorgezanoni.com.br\/2019\/wp-content\/uploads\/2020\/05\/Ana-Laura-Braz-Martins-peris-c-a-av\u00f3-Marlene-169x300.jpg 169w, https:\/\/jorgezanoni.com.br\/2019\/wp-content\/uploads\/2020\/05\/Ana-Laura-Braz-Martins-peris-c-a-av\u00f3-Marlene-576x1024.jpg 576w, https:\/\/jorgezanoni.com.br\/2019\/wp-content\/uploads\/2020\/05\/Ana-Laura-Braz-Martins-peris-c-a-av\u00f3-Marlene-696x1237.jpg 696w, https:\/\/jorgezanoni.com.br\/2019\/wp-content\/uploads\/2020\/05\/Ana-Laura-Braz-Martins-peris-c-a-av\u00f3-Marlene-236x420.jpg 236w\" sizes=\"auto, (max-width: 720px) 100vw, 720px\" \/>Ana Laura Braz Martins Peres com a av\u00f3 Marlene<\/p>\n<p><img loading=\"lazy\" decoding=\"async\" class=\"alignnone size-full wp-image-27226\" src=\"https:\/\/jorgezanoni.com.br\/2019\/wp-content\/uploads\/2020\/05\/Ana-Paula-Coser.jpg\" alt=\"\" width=\"388\" height=\"960\" srcset=\"https:\/\/jorgezanoni.com.br\/2019\/wp-content\/uploads\/2020\/05\/Ana-Paula-Coser.jpg 388w, https:\/\/jorgezanoni.com.br\/2019\/wp-content\/uploads\/2020\/05\/Ana-Paula-Coser-121x300.jpg 121w, https:\/\/jorgezanoni.com.br\/2019\/wp-content\/uploads\/2020\/05\/Ana-Paula-Coser-170x420.jpg 170w\" sizes=\"auto, (max-width: 388px) 100vw, 388px\" \/> Ana Paula Coser<\/p>\n<p><img loading=\"lazy\" decoding=\"async\" class=\"alignnone size-full wp-image-27228\" src=\"https:\/\/jorgezanoni.com.br\/2019\/wp-content\/uploads\/2020\/05\/Carolina-Zanoni-Vinicius-Cenedeze.jpg\" alt=\"\" width=\"960\" height=\"908\" srcset=\"https:\/\/jorgezanoni.com.br\/2019\/wp-content\/uploads\/2020\/05\/Carolina-Zanoni-Vinicius-Cenedeze.jpg 960w, https:\/\/jorgezanoni.com.br\/2019\/wp-content\/uploads\/2020\/05\/Carolina-Zanoni-Vinicius-Cenedeze-300x284.jpg 300w, https:\/\/jorgezanoni.com.br\/2019\/wp-content\/uploads\/2020\/05\/Carolina-Zanoni-Vinicius-Cenedeze-768x726.jpg 768w, https:\/\/jorgezanoni.com.br\/2019\/wp-content\/uploads\/2020\/05\/Carolina-Zanoni-Vinicius-Cenedeze-696x658.jpg 696w, https:\/\/jorgezanoni.com.br\/2019\/wp-content\/uploads\/2020\/05\/Carolina-Zanoni-Vinicius-Cenedeze-444x420.jpg 444w\" sizes=\"auto, (max-width: 960px) 100vw, 960px\" \/>Carolina Zanoni Vinicius Cenedeze<\/p>\n<p><img loading=\"lazy\" decoding=\"async\" class=\"alignnone size-full wp-image-27229\" src=\"https:\/\/jorgezanoni.com.br\/2019\/wp-content\/uploads\/2020\/05\/Emilia-Farias.jpg\" alt=\"\" width=\"828\" height=\"1280\" srcset=\"https:\/\/jorgezanoni.com.br\/2019\/wp-content\/uploads\/2020\/05\/Emilia-Farias.jpg 828w, https:\/\/jorgezanoni.com.br\/2019\/wp-content\/uploads\/2020\/05\/Emilia-Farias-194x300.jpg 194w, https:\/\/jorgezanoni.com.br\/2019\/wp-content\/uploads\/2020\/05\/Emilia-Farias-662x1024.jpg 662w, https:\/\/jorgezanoni.com.br\/2019\/wp-content\/uploads\/2020\/05\/Emilia-Farias-768x1187.jpg 768w, https:\/\/jorgezanoni.com.br\/2019\/wp-content\/uploads\/2020\/05\/Emilia-Farias-696x1076.jpg 696w, https:\/\/jorgezanoni.com.br\/2019\/wp-content\/uploads\/2020\/05\/Emilia-Farias-272x420.jpg 272w\" sizes=\"auto, (max-width: 828px) 100vw, 828px\" \/>Emilia Farias<\/p>\n<p><img loading=\"lazy\" decoding=\"async\" class=\"alignnone size-full wp-image-27230\" src=\"https:\/\/jorgezanoni.com.br\/2019\/wp-content\/uploads\/2020\/05\/Ester-Barbosa.jpg\" alt=\"\" width=\"622\" height=\"485\" srcset=\"https:\/\/jorgezanoni.com.br\/2019\/wp-content\/uploads\/2020\/05\/Ester-Barbosa.jpg 622w, https:\/\/jorgezanoni.com.br\/2019\/wp-content\/uploads\/2020\/05\/Ester-Barbosa-300x234.jpg 300w, https:\/\/jorgezanoni.com.br\/2019\/wp-content\/uploads\/2020\/05\/Ester-Barbosa-539x420.jpg 539w\" sizes=\"auto, (max-width: 622px) 100vw, 622px\" \/> Ester Barbosa<\/p>\n<p><img loading=\"lazy\" decoding=\"async\" class=\"alignnone size-full wp-image-27231\" src=\"https:\/\/jorgezanoni.com.br\/2019\/wp-content\/uploads\/2020\/05\/Farima-Freitas.jpg\" alt=\"\" width=\"900\" height=\"900\" srcset=\"https:\/\/jorgezanoni.com.br\/2019\/wp-content\/uploads\/2020\/05\/Farima-Freitas.jpg 900w, https:\/\/jorgezanoni.com.br\/2019\/wp-content\/uploads\/2020\/05\/Farima-Freitas-300x300.jpg 300w, https:\/\/jorgezanoni.com.br\/2019\/wp-content\/uploads\/2020\/05\/Farima-Freitas-150x150.jpg 150w, https:\/\/jorgezanoni.com.br\/2019\/wp-content\/uploads\/2020\/05\/Farima-Freitas-768x768.jpg 768w, https:\/\/jorgezanoni.com.br\/2019\/wp-content\/uploads\/2020\/05\/Farima-Freitas-696x696.jpg 696w, https:\/\/jorgezanoni.com.br\/2019\/wp-content\/uploads\/2020\/05\/Farima-Freitas-420x420.jpg 420w\" sizes=\"auto, (max-width: 900px) 100vw, 900px\" \/>Fatima Freitas<\/p>\n<p><img loading=\"lazy\" decoding=\"async\" class=\"alignnone size-full wp-image-27233\" src=\"https:\/\/jorgezanoni.com.br\/2019\/wp-content\/uploads\/2020\/05\/Gabriel-Zanoni.jpg\" alt=\"\" width=\"960\" height=\"960\" srcset=\"https:\/\/jorgezanoni.com.br\/2019\/wp-content\/uploads\/2020\/05\/Gabriel-Zanoni.jpg 960w, https:\/\/jorgezanoni.com.br\/2019\/wp-content\/uploads\/2020\/05\/Gabriel-Zanoni-300x300.jpg 300w, https:\/\/jorgezanoni.com.br\/2019\/wp-content\/uploads\/2020\/05\/Gabriel-Zanoni-150x150.jpg 150w, https:\/\/jorgezanoni.com.br\/2019\/wp-content\/uploads\/2020\/05\/Gabriel-Zanoni-768x768.jpg 768w, https:\/\/jorgezanoni.com.br\/2019\/wp-content\/uploads\/2020\/05\/Gabriel-Zanoni-696x696.jpg 696w, https:\/\/jorgezanoni.com.br\/2019\/wp-content\/uploads\/2020\/05\/Gabriel-Zanoni-420x420.jpg 420w\" sizes=\"auto, (max-width: 960px) 100vw, 960px\" \/>Gabriel Zanoni<\/p>\n<p><img loading=\"lazy\" decoding=\"async\" class=\"alignnone size-full wp-image-27234\" src=\"https:\/\/jorgezanoni.com.br\/2019\/wp-content\/uploads\/2020\/05\/JACKELINE-FRANCIELY-LOURENCETTI-30.jpg\" alt=\"\" width=\"960\" height=\"954\" srcset=\"https:\/\/jorgezanoni.com.br\/2019\/wp-content\/uploads\/2020\/05\/JACKELINE-FRANCIELY-LOURENCETTI-30.jpg 960w, https:\/\/jorgezanoni.com.br\/2019\/wp-content\/uploads\/2020\/05\/JACKELINE-FRANCIELY-LOURENCETTI-30-300x298.jpg 300w, https:\/\/jorgezanoni.com.br\/2019\/wp-content\/uploads\/2020\/05\/JACKELINE-FRANCIELY-LOURENCETTI-30-150x150.jpg 150w, https:\/\/jorgezanoni.com.br\/2019\/wp-content\/uploads\/2020\/05\/JACKELINE-FRANCIELY-LOURENCETTI-30-768x763.jpg 768w, https:\/\/jorgezanoni.com.br\/2019\/wp-content\/uploads\/2020\/05\/JACKELINE-FRANCIELY-LOURENCETTI-30-696x692.jpg 696w, https:\/\/jorgezanoni.com.br\/2019\/wp-content\/uploads\/2020\/05\/JACKELINE-FRANCIELY-LOURENCETTI-30-423x420.jpg 423w\" sizes=\"auto, (max-width: 960px) 100vw, 960px\" \/>Jackeline Franciely Lourencetti<\/p>\n<p><img loading=\"lazy\" decoding=\"async\" class=\"alignnone size-full wp-image-27235\" src=\"https:\/\/jorgezanoni.com.br\/2019\/wp-content\/uploads\/2020\/05\/Jo\u00e3o-Avelar.jpg\" alt=\"\" width=\"960\" height=\"952\" srcset=\"https:\/\/jorgezanoni.com.br\/2019\/wp-content\/uploads\/2020\/05\/Jo\u00e3o-Avelar.jpg 960w, https:\/\/jorgezanoni.com.br\/2019\/wp-content\/uploads\/2020\/05\/Jo\u00e3o-Avelar-300x298.jpg 300w, https:\/\/jorgezanoni.com.br\/2019\/wp-content\/uploads\/2020\/05\/Jo\u00e3o-Avelar-150x150.jpg 150w, https:\/\/jorgezanoni.com.br\/2019\/wp-content\/uploads\/2020\/05\/Jo\u00e3o-Avelar-768x762.jpg 768w, https:\/\/jorgezanoni.com.br\/2019\/wp-content\/uploads\/2020\/05\/Jo\u00e3o-Avelar-696x690.jpg 696w, https:\/\/jorgezanoni.com.br\/2019\/wp-content\/uploads\/2020\/05\/Jo\u00e3o-Avelar-424x420.jpg 424w\" sizes=\"auto, (max-width: 960px) 100vw, 960px\" \/>Jo\u00e3o Avelar<\/p>\n<p><img loading=\"lazy\" decoding=\"async\" class=\"alignnone size-full wp-image-27236\" src=\"https:\/\/jorgezanoni.com.br\/2019\/wp-content\/uploads\/2020\/05\/Lu-Brasil.jpg\" alt=\"\" width=\"244\" height=\"244\" srcset=\"https:\/\/jorgezanoni.com.br\/2019\/wp-content\/uploads\/2020\/05\/Lu-Brasil.jpg 244w, https:\/\/jorgezanoni.com.br\/2019\/wp-content\/uploads\/2020\/05\/Lu-Brasil-150x150.jpg 150w\" sizes=\"auto, (max-width: 244px) 100vw, 244px\" \/> Lu Brasil<\/p>\n<p><img loading=\"lazy\" decoding=\"async\" class=\"alignnone size-full wp-image-27237\" src=\"https:\/\/jorgezanoni.com.br\/2019\/wp-content\/uploads\/2020\/05\/M\u00e1rcia-Farias.jpg\" alt=\"\" width=\"960\" height=\"960\" srcset=\"https:\/\/jorgezanoni.com.br\/2019\/wp-content\/uploads\/2020\/05\/M\u00e1rcia-Farias.jpg 960w, https:\/\/jorgezanoni.com.br\/2019\/wp-content\/uploads\/2020\/05\/M\u00e1rcia-Farias-300x300.jpg 300w, https:\/\/jorgezanoni.com.br\/2019\/wp-content\/uploads\/2020\/05\/M\u00e1rcia-Farias-150x150.jpg 150w, https:\/\/jorgezanoni.com.br\/2019\/wp-content\/uploads\/2020\/05\/M\u00e1rcia-Farias-768x768.jpg 768w, https:\/\/jorgezanoni.com.br\/2019\/wp-content\/uploads\/2020\/05\/M\u00e1rcia-Farias-696x696.jpg 696w, https:\/\/jorgezanoni.com.br\/2019\/wp-content\/uploads\/2020\/05\/M\u00e1rcia-Farias-420x420.jpg 420w\" sizes=\"auto, (max-width: 960px) 100vw, 960px\" \/>M\u00e1rcia Farias<\/p>\n<p><img loading=\"lazy\" decoding=\"async\" class=\"alignnone size-full wp-image-27238\" src=\"https:\/\/jorgezanoni.com.br\/2019\/wp-content\/uploads\/2020\/05\/Maria-In\u00eas.jpg\" alt=\"\" width=\"640\" height=\"640\" srcset=\"https:\/\/jorgezanoni.com.br\/2019\/wp-content\/uploads\/2020\/05\/Maria-In\u00eas.jpg 640w, https:\/\/jorgezanoni.com.br\/2019\/wp-content\/uploads\/2020\/05\/Maria-In\u00eas-300x300.jpg 300w, https:\/\/jorgezanoni.com.br\/2019\/wp-content\/uploads\/2020\/05\/Maria-In\u00eas-150x150.jpg 150w, https:\/\/jorgezanoni.com.br\/2019\/wp-content\/uploads\/2020\/05\/Maria-In\u00eas-420x420.jpg 420w\" sizes=\"auto, (max-width: 640px) 100vw, 640px\" \/> Maria In\u00eas Cremom Miguel<img loading=\"lazy\" decoding=\"async\" class=\"alignnone size-full wp-image-27239\" src=\"https:\/\/jorgezanoni.com.br\/2019\/wp-content\/uploads\/2020\/05\/Maria-Santana.jpg\" alt=\"\" width=\"950\" height=\"960\" srcset=\"https:\/\/jorgezanoni.com.br\/2019\/wp-content\/uploads\/2020\/05\/Maria-Santana.jpg 950w, https:\/\/jorgezanoni.com.br\/2019\/wp-content\/uploads\/2020\/05\/Maria-Santana-297x300.jpg 297w, https:\/\/jorgezanoni.com.br\/2019\/wp-content\/uploads\/2020\/05\/Maria-Santana-768x776.jpg 768w, https:\/\/jorgezanoni.com.br\/2019\/wp-content\/uploads\/2020\/05\/Maria-Santana-696x703.jpg 696w, https:\/\/jorgezanoni.com.br\/2019\/wp-content\/uploads\/2020\/05\/Maria-Santana-416x420.jpg 416w\" sizes=\"auto, (max-width: 950px) 100vw, 950px\" \/>Maria Santana<\/p>\n<p><img loading=\"lazy\" decoding=\"async\" class=\"alignnone size-full wp-image-27240\" src=\"https:\/\/jorgezanoni.com.br\/2019\/wp-content\/uploads\/2020\/05\/Mariana-Pires-Maciel.jpg\" alt=\"\" width=\"720\" height=\"729\" srcset=\"https:\/\/jorgezanoni.com.br\/2019\/wp-content\/uploads\/2020\/05\/Mariana-Pires-Maciel.jpg 720w, https:\/\/jorgezanoni.com.br\/2019\/wp-content\/uploads\/2020\/05\/Mariana-Pires-Maciel-296x300.jpg 296w, https:\/\/jorgezanoni.com.br\/2019\/wp-content\/uploads\/2020\/05\/Mariana-Pires-Maciel-696x705.jpg 696w, https:\/\/jorgezanoni.com.br\/2019\/wp-content\/uploads\/2020\/05\/Mariana-Pires-Maciel-415x420.jpg 415w\" sizes=\"auto, (max-width: 720px) 100vw, 720px\" \/>Mariana Pieres Maciel<img loading=\"lazy\" decoding=\"async\" class=\"alignnone size-full wp-image-27241\" src=\"https:\/\/jorgezanoni.com.br\/2019\/wp-content\/uploads\/2020\/05\/Marli-e-Galego-Cinedeze.jpg\" alt=\"\" width=\"722\" height=\"721\" srcset=\"https:\/\/jorgezanoni.com.br\/2019\/wp-content\/uploads\/2020\/05\/Marli-e-Galego-Cinedeze.jpg 722w, https:\/\/jorgezanoni.com.br\/2019\/wp-content\/uploads\/2020\/05\/Marli-e-Galego-Cinedeze-300x300.jpg 300w, https:\/\/jorgezanoni.com.br\/2019\/wp-content\/uploads\/2020\/05\/Marli-e-Galego-Cinedeze-150x150.jpg 150w, https:\/\/jorgezanoni.com.br\/2019\/wp-content\/uploads\/2020\/05\/Marli-e-Galego-Cinedeze-696x695.jpg 696w, https:\/\/jorgezanoni.com.br\/2019\/wp-content\/uploads\/2020\/05\/Marli-e-Galego-Cinedeze-421x420.jpg 421w\" sizes=\"auto, (max-width: 722px) 100vw, 722px\" \/>Marli e Galego Cinedeze<\/p>\n<p><img loading=\"lazy\" decoding=\"async\" class=\"alignnone size-full wp-image-27242\" src=\"https:\/\/jorgezanoni.com.br\/2019\/wp-content\/uploads\/2020\/05\/Regina-Orikassa-1.jpg\" alt=\"\" width=\"960\" height=\"960\" srcset=\"https:\/\/jorgezanoni.com.br\/2019\/wp-content\/uploads\/2020\/05\/Regina-Orikassa-1.jpg 960w, https:\/\/jorgezanoni.com.br\/2019\/wp-content\/uploads\/2020\/05\/Regina-Orikassa-1-300x300.jpg 300w, https:\/\/jorgezanoni.com.br\/2019\/wp-content\/uploads\/2020\/05\/Regina-Orikassa-1-150x150.jpg 150w, https:\/\/jorgezanoni.com.br\/2019\/wp-content\/uploads\/2020\/05\/Regina-Orikassa-1-768x768.jpg 768w, https:\/\/jorgezanoni.com.br\/2019\/wp-content\/uploads\/2020\/05\/Regina-Orikassa-1-696x696.jpg 696w, https:\/\/jorgezanoni.com.br\/2019\/wp-content\/uploads\/2020\/05\/Regina-Orikassa-1-420x420.jpg 420w\" sizes=\"auto, (max-width: 960px) 100vw, 960px\" \/>Regina Orikassa<\/p>\n<p><img loading=\"lazy\" decoding=\"async\" class=\"alignnone size-full wp-image-27244\" src=\"https:\/\/jorgezanoni.com.br\/2019\/wp-content\/uploads\/2020\/05\/Renilson-Monteiro.jpg\" alt=\"\" width=\"670\" height=\"960\" srcset=\"https:\/\/jorgezanoni.com.br\/2019\/wp-content\/uploads\/2020\/05\/Renilson-Monteiro.jpg 670w, https:\/\/jorgezanoni.com.br\/2019\/wp-content\/uploads\/2020\/05\/Renilson-Monteiro-209x300.jpg 209w, https:\/\/jorgezanoni.com.br\/2019\/wp-content\/uploads\/2020\/05\/Renilson-Monteiro-293x420.jpg 293w\" sizes=\"auto, (max-width: 670px) 100vw, 670px\" \/>Renilson Moiteiro<\/p>\n","protected":false},"excerpt":{"rendered":"<p>PARABENIZAMOS OS ANIVERSARIANTES DE HOJE: Ana Laura Braz Martins Peres com a av\u00f3 Marlene Ana Paula Coser Carolina Zanoni Vinicius Cenedeze Emilia Farias Ester Barbosa Fatima Freitas Gabriel Zanoni Jackeline Franciely Lourencetti Jo\u00e3o Avelar Lu Brasil M\u00e1rcia Farias Maria In\u00eas Cremom MiguelMaria Santana Mariana Pieres MacielMarli e Galego Cinedeze Regina Orikassa Renilson Moiteiro<\/p>\n","protected":false},"author":1,"featured_media":27240,"comment_status":"closed","ping_status":"open","sticky":false,"template":"","format":"standard","meta":{"footnotes":""},"categories":[174],"tags":[],"class_list":["post-27224","post","type-post","status-publish","format-standard","has-post-thumbnail","hentry","category-aniversariantes"],"_links":{"self":[{"href":"https:\/\/jorgezanoni.com.br\/2019\/wp-json\/wp\/v2\/posts\/27224","targetHints":{"allow":["GET"]}}],"collection":[{"href":"https:\/\/jorgezanoni.com.br\/2019\/wp-json\/wp\/v2\/posts"}],"about":[{"href":"https:\/\/jorgezanoni.com.br\/2019\/wp-json\/wp\/v2\/types\/post"}],"author":[{"embeddable":true,"href":"https:\/\/jorgezanoni.com.br\/2019\/wp-json\/wp\/v2\/users\/1"}],"replies":[{"embeddable":true,"href":"https:\/\/jorgezanoni.com.br\/2019\/wp-json\/wp\/v2\/comments?post=27224"}],"version-history":[{"count":0,"href":"https:\/\/jorgezanoni.com.br\/2019\/wp-json\/wp\/v2\/posts\/27224\/revisions"}],"wp:featuredmedia":[{"embeddable":true,"href":"https:\/\/jorgezanoni.com.br\/2019\/wp-json\/wp\/v2\/media\/27240"}],"wp:attachment":[{"href":"https:\/\/jorgezanoni.com.br\/2019\/wp-json\/wp\/v2\/media?parent=27224"}],"wp:term":[{"taxonomy":"category","embeddable":true,"href":"https:\/\/jorgezanoni.com.br\/2019\/wp-json\/wp\/v2\/categories?post=27224"},{"taxonomy":"post_tag","embeddable":true,"href":"https:\/\/jorgezanoni.com.br\/2019\/wp-json\/wp\/v2\/tags?post=27224"}],"curies":[{"name":"wp","href":"https:\/\/api.w.org\/{rel}","templated":true}]}}