{"id":27186,"date":"2020-05-30T01:41:45","date_gmt":"2020-05-30T01:41:45","guid":{"rendered":"https:\/\/jorgezanoni.com.br\/2019\/?p=27186"},"modified":"2020-05-30T01:41:45","modified_gmt":"2020-05-30T01:41:45","slug":"prefeitura-de-presidente-prudente-divulga-plano-de-retomada-das-atividades-economicas-na-cidade-veja-o-decreto-na-integra","status":"publish","type":"post","link":"https:\/\/jorgezanoni.com.br\/2019\/prefeitura-de-presidente-prudente-divulga-plano-de-retomada-das-atividades-economicas-na-cidade-veja-o-decreto-na-integra\/","title":{"rendered":"Prefeitura de Presidente Prudente divulga plano de retomada das atividades econ\u00f4micas na cidade; veja o decreto na \u00edntegra"},"content":{"rendered":"<h2 class=\"content-head__subtitle\" style=\"text-align: justify;\"><strong>Para alguns estabelecimentos foram impostas restri\u00e7\u00f5es e uso obrigat\u00f3rio de m\u00e1scara. Outros locais ainda dever\u00e3o permanecer fechados.<\/strong><\/h2>\n<div class=\"mc-column content-text active-extra-styles \" data-block-type=\"unstyled\" data-block-weight=\"40\" data-block-id=\"2\">\n<p class=\"content-text__container \" style=\"text-align: justify;\" data-track-category=\"Link no Texto\" data-track-links=\"\">A Prefeitura de\u00a0<a href=\"http:\/\/g1.globo.com\/sp\/presidente-prudente-regiao\/cidade\/presidente-prudente.html\">Presidente Prudente\u00a0<\/a>divulgou, nesta sexta-feira (29), o plano de retomada das atividades econ\u00f4micas na cidade. A primeira fase \u00e9 a 3, a amarela, deve come\u00e7ar na pr\u00f3xima segunda-feira (1\u00ba) e tem a dura\u00e7\u00e3o de 14 dias.<\/p>\n<\/div>\n<div class=\"wall protected-content\">\n<div class=\"mc-column content-text active-extra-styles \" style=\"text-align: justify;\" data-block-type=\"unstyled\" data-block-weight=\"8\" data-block-id=\"3\">\n<p class=\"content-text__container \" data-track-category=\"Link no Texto\" data-track-links=\"\">Veja abaixo como fica o funcionamento nesta etapa:<\/p>\n<\/div>\n<div class=\"mc-column content-text active-extra-styles\" style=\"text-align: justify;\" data-block-type=\"raw\" data-block-weight=\"685\" data-block-id=\"4\">\n<ul class=\"content-unordered-list\">\n<li><strong>Espa\u00e7os p\u00fablicos:<\/strong>\u00a0Sem permiss\u00e3o de funcionamento;<\/li>\n<li><strong>Atividades imobili\u00e1rias:\u00a0<\/strong>Atendimento presencial individual em \u00e1reas com ventila\u00e7\u00e3o natural e com distanciamento entre os profissionais. Hor\u00e1rio reduzido (6 horas seguidas), bem como uso obrigat\u00f3rio de m\u00e1scaras e \u00e1lcool em gel 70%.<\/li>\n<li><strong>Concession\u00e1rias e revendas de ve\u00edculos:<\/strong>\u00a0Atendimento presencial individual em \u00e1reas com ventila\u00e7\u00e3o natural e com distanciamento entre os profissionais. Hor\u00e1rio reduzido (6 horas seguidas), bem como uso obrigat\u00f3rio de m\u00e1scaras e \u00e1lcool em gel 70%.<\/li>\n<li><strong>Atividades de escrit\u00f3rio\/ administrativas (engenharia, arquitetura, advocacia, contabilidade, turismo):\u00a0<\/strong>Atendimento presencial individual em \u00e1reas com ventila\u00e7\u00e3o natural e com distanciamento entre os profissionais. Hor\u00e1rio reduzido (6 horas seguidas), bem como uso obrigat\u00f3rio de m\u00e1scaras e \u00e1lcool em gel 70%.<\/li>\n<li><strong>Restaurantes, bares, padarias e cong\u00eaneres:<\/strong>\u00a0Atendimento no local ao ar livre, lota\u00e7\u00e3o m\u00e1xima de 40% da capacidade do local, devendo priorizar os servi\u00e7os de entrega, respeitando distanciamento de 2 metros entre clientes e funcion\u00e1rios, com possibilidade de atendimento presencial at\u00e9 as 23h. Hor\u00e1rio reduzido (6 horas seguidas), bem como uso obrigat\u00f3rio de m\u00e1scaras e \u00e1lcool em gel 70%.<\/li>\n<li><strong>Com\u00e9rcio varejista:\u00a0<\/strong>Atendimento individual presencial, limitado em 40% da capacidade de lota\u00e7\u00e3o do estabelecimento; hor\u00e1rio de atendimento de segunda a sexta-feira das 10h \u00e0s 16h; hor\u00e1rio de atendimento aos s\u00e1bados das 9h \u00e0s 12h; uso obrigat\u00f3rio de m\u00e1scaras e \u00e1lcool gel 70%.<\/li>\n<li><strong>Prestadores de servi\u00e7os:\u00a0<\/strong>Atendimento individual presencial, limitado em 40% da capacidade de lota\u00e7\u00e3o do estabelecimento; Hor\u00e1rio de atendimento de segunda a sexta-feira das 9h \u00e0s 15h; hor\u00e1rio de atendimento aos s\u00e1bados: 09h \u00e0s 12h; uso obrigat\u00f3rio de m\u00e1scaras e \u00e1lcool gel 70%.<\/li>\n<li><strong>Shopping center e galerias:\u00a0<\/strong>Atendimento: limitar a 40% da capacidade m\u00e1xima de pessoas previstas em AVCB ou alvar\u00e1 da Prefeitura Municipal, com controle de acesso nas entradas. Limitar em 40% a capacidade de vagas no estacionamento, com implanta\u00e7\u00e3o de controle fiscalizat\u00f3rio. Ado\u00e7\u00e3o de r\u00edgidos cuidados com higiene de \u00e1reas de circula\u00e7\u00e3o e lojas. Observar demais orienta\u00e7\u00f5es no material completo; hor\u00e1rio reduzido em 06 horas seguidas; sem permiss\u00e3o de funcionamento para pra\u00e7a de alimenta\u00e7\u00e3o; uso obrigat\u00f3rio de m\u00e1scaras e \u00e1lcool gel 70%.<\/li>\n<li><strong>Est\u00e9tica, beleza e tatuagem:<\/strong>\u00a0Atendimento: poder\u00e3o funcionar com atendimento em domic\u00edlio ou atendimento individual com hora marcada. Estabelecimentos com diversos tipos de atendimentos (manicure, cabeleireira, massagista, dentre outros) dever\u00e3o limitar os atendimentos em 40% da capacidade local, com hor\u00e1rio reduzido em 06 horas seguidas; uso obrigat\u00f3rio de m\u00e1scaras e \u00e1lcool gel 70%.<\/li>\n<li><strong>Academias de gin\u00e1stica:<\/strong>\u00a0Sem permiss\u00e3o de funcionamento.<\/li>\n<li><strong>Cinemas, est\u00e1dios e teatros:<\/strong>\u00a0Sem permiss\u00e3o de funcionamento.<\/li>\n<li><strong>Eventos que gerem aglomera\u00e7\u00f5es, inclusive esportivos:<\/strong>\u00a0Sem permiss\u00e3o de funcionamento.<\/li>\n<li><strong>Institui\u00e7\u00f5es religiosas:<\/strong>\u00a0Fica permitida a realiza\u00e7\u00e3o de missas, cultos e eventos religiosos, limitados em 40% da capacidade de lota\u00e7\u00e3o, com at\u00e9 uma hora e meia de dura\u00e7\u00e3o, desde que atenda todas as medidas de seguran\u00e7a e higiene, como distanciamento de dois metros entre fi\u00e9is, sem apertos de m\u00e3os e abra\u00e7os. Recomenda-se que pessoas do grupo de risco e crian\u00e7as n\u00e3o participem das celebra\u00e7\u00f5es religiosas em hip\u00f3tese alguma; uso obrigat\u00f3rio de m\u00e1scaras e \u00e1lcool gel 70%.<\/li>\n<li><strong>Casas noturnas equiparadas a boates:\u00a0<\/strong>Sem permiss\u00e3o de funcionamento.<\/li>\n<li><strong>Escolas de dan\u00e7as e escolas de m\u00fasica:\u00a0<\/strong>Atendimento: Lota\u00e7\u00e3o m\u00e1xima de 40% da capacidade, respeitando o distanciamento de 2 metros entre as pessoas, atendendo todas as instru\u00e7\u00f5es de seguran\u00e7a e higiene, inclusive a limpeza de aparelhos\/equipamentos, ap\u00f3s cada uso. Hor\u00e1rio reduzido (6 horas seguidas); uso obrigat\u00f3rio de m\u00e1scaras e \u00e1lcool gel 70%.<\/li>\n<li><strong>Clubes sociais:\u00a0<\/strong>Limitar a 40% a capacidade m\u00e1xima de pessoas previstas em AVCB ou alvar\u00e1 da Prefeitura Municipal, com controle de acessos. O atendimento nos estabelecimentos internos do clube, a exemplo de bares, academias e afins, anteriormente relacionados, dever\u00e3o seguir as condi\u00e7\u00f5es descritas em cada fase, respeitando o distanciamento de 2 metros e medidas de seguran\u00e7a e higiene. Atividades em grupos (esportes coletivos, exceto aqueles praticados por duas pessoas, a exemplo de t\u00eanis de campo), nata\u00e7\u00e3o, exerc\u00edcios f\u00edsicos na \u00e1gua e qualquer tipo de atividade em piscinas est\u00e3o suspensas. Hor\u00e1rio reduzido em 6 horas seguidas; uso obrigat\u00f3rio de m\u00e1scaras e \u00e1lcool gel 70%.<\/li>\n<li><strong>Escola de idiomas (presta\u00e7\u00e3o de servi\u00e7os):\u00a0<\/strong>Atendimento presencial, limitado em 40% da capacidade de lota\u00e7\u00e3o (respeitar distanciamento de 2 metros). Hor\u00e1rio reduzido em 6 horas seguidas; uso obrigat\u00f3rio de m\u00e1scaras e \u00e1lcool gel 70%.<\/li>\n<\/ul>\n<\/div>\n<div class=\"content-ads content-ads--reveal\" style=\"text-align: justify;\" data-block-type=\"ads\" data-block-id=\"5\"><\/div>\n<div class=\"mc-column content-text active-extra-styles \" style=\"text-align: justify;\" data-block-type=\"unstyled\" data-block-weight=\"9\" data-block-id=\"6\">\n<p class=\"content-text__container \" data-track-category=\"Link no Texto\" data-track-links=\"\"><strong><em>Veja no final da reportagem o plano na \u00edntegra.<\/em><\/strong><\/p>\n<\/div>\n<div class=\"row medium-uncollapsed content-media content-photo\" style=\"text-align: justify;\" data-block-type=\"backstage-photo\" data-block-id=\"7\">\n<div class=\"mc-column content-media__container\">\n<figure><img decoding=\"async\" class=\"i-amphtml-fill-content i-amphtml-replaced-content\" src=\"https:\/\/s2.glbimg.com\/frJL6bm9NSPRmqxVHc1qkqrTDGs=\/0x0:700x1002\/984x0\/smart\/filters:strip_icc()\/i.s3.glbimg.com\/v1\/AUTH_59edd422c0c84a879bd37670ae4f538a\/internal_photos\/bs\/2020\/d\/2\/s3PwcdRAAFkBSQ7lZA3A\/decreto-1.jpg\" sizes=\"(max-width: 1242px) 648px, 100vw\" srcset=\"https:\/\/s2.glbimg.com\/gsEVb9fkVLMqbYY1Uux94TjvdYg=\/0x0:700x1002\/1000x0\/smart\/filters:strip_icc()\/i.s3.glbimg.com\/v1\/AUTH_59edd422c0c84a879bd37670ae4f538a\/internal_photos\/bs\/2020\/d\/2\/s3PwcdRAAFkBSQ7lZA3A\/decreto-1.jpg 1000w, https:\/\/s2.glbimg.com\/frJL6bm9NSPRmqxVHc1qkqrTDGs=\/0x0:700x1002\/984x0\/smart\/filters:strip_icc()\/i.s3.glbimg.com\/v1\/AUTH_59edd422c0c84a879bd37670ae4f538a\/internal_photos\/bs\/2020\/d\/2\/s3PwcdRAAFkBSQ7lZA3A\/decreto-1.jpg 984w, https:\/\/s2.glbimg.com\/4htJpJjXvxVEjeVB_SGzxsuaKYU=\/0x0:700x1002\/640x0\/smart\/filters:strip_icc()\/i.s3.glbimg.com\/v1\/AUTH_59edd422c0c84a879bd37670ae4f538a\/internal_photos\/bs\/2020\/d\/2\/s3PwcdRAAFkBSQ7lZA3A\/decreto-1.jpg 640w, https:\/\/s2.glbimg.com\/2G70C6yF2DCb1o_t5Ozu-ne3nTk=\/0x0:700x1002\/600x0\/smart\/filters:strip_icc()\/i.s3.glbimg.com\/v1\/AUTH_59edd422c0c84a879bd37670ae4f538a\/internal_photos\/bs\/2020\/d\/2\/s3PwcdRAAFkBSQ7lZA3A\/decreto-1.jpg 600w\" alt=\"Decreto foi publicado nesta sexta-feira (29) \u2014 Foto: Reprodu\u00e7\u00e3o\" \/><\/figure>\n<p class=\"content-media__description \">Decreto foi publicado nesta sexta-feira (29) \u2014 Foto: Reprodu\u00e7\u00e3o<\/p>\n<\/div>\n<\/div>\n<div class=\"row medium-uncollapsed content-media content-photo\" style=\"text-align: justify;\" data-block-type=\"backstage-photo\" data-block-id=\"8\">\n<div class=\"mc-column content-media__container\">\n<figure><img decoding=\"async\" class=\"i-amphtml-fill-content i-amphtml-replaced-content\" src=\"https:\/\/s2.glbimg.com\/i2d62NFtpvh_7gNpYx-FPcNf5uE=\/0x0:700x1002\/984x0\/smart\/filters:strip_icc()\/i.s3.glbimg.com\/v1\/AUTH_59edd422c0c84a879bd37670ae4f538a\/internal_photos\/bs\/2020\/N\/r\/ad5NmLTZip347hcA20Gg\/decreto-2.jpg\" sizes=\"(max-width: 1242px) 648px, 100vw\" srcset=\"https:\/\/s2.glbimg.com\/GkdQ5R3YTx7WF2LLzbza-fPh15U=\/0x0:700x1002\/1000x0\/smart\/filters:strip_icc()\/i.s3.glbimg.com\/v1\/AUTH_59edd422c0c84a879bd37670ae4f538a\/internal_photos\/bs\/2020\/N\/r\/ad5NmLTZip347hcA20Gg\/decreto-2.jpg 1000w, https:\/\/s2.glbimg.com\/i2d62NFtpvh_7gNpYx-FPcNf5uE=\/0x0:700x1002\/984x0\/smart\/filters:strip_icc()\/i.s3.glbimg.com\/v1\/AUTH_59edd422c0c84a879bd37670ae4f538a\/internal_photos\/bs\/2020\/N\/r\/ad5NmLTZip347hcA20Gg\/decreto-2.jpg 984w, https:\/\/s2.glbimg.com\/2rah2YpvQEN-tR8aGf-C7yQeLn8=\/0x0:700x1002\/640x0\/smart\/filters:strip_icc()\/i.s3.glbimg.com\/v1\/AUTH_59edd422c0c84a879bd37670ae4f538a\/internal_photos\/bs\/2020\/N\/r\/ad5NmLTZip347hcA20Gg\/decreto-2.jpg 640w, https:\/\/s2.glbimg.com\/rAKPjy_3BT4ex968uqXfPXFJPb8=\/0x0:700x1002\/600x0\/smart\/filters:strip_icc()\/i.s3.glbimg.com\/v1\/AUTH_59edd422c0c84a879bd37670ae4f538a\/internal_photos\/bs\/2020\/N\/r\/ad5NmLTZip347hcA20Gg\/decreto-2.jpg 600w\" alt=\"Decreto foi publicado nesta sexta-feira (29) \u2014 Foto: Reprodu\u00e7\u00e3o\" \/><\/figure>\n<p class=\"content-media__description \">Decreto foi publicado nesta sexta-feira (29) \u2014 Foto: Reprodu\u00e7\u00e3o<\/p>\n<\/div>\n<\/div>\n<div class=\"row medium-uncollapsed content-media content-photo\" style=\"text-align: justify;\" data-block-type=\"backstage-photo\" data-block-id=\"9\">\n<div class=\"mc-column content-media__container\">\n<figure><img decoding=\"async\" class=\"i-amphtml-fill-content i-amphtml-replaced-content\" src=\"https:\/\/s2.glbimg.com\/2CerH1R9cr5D59azfSjXKxkp9UM=\/0x0:700x1002\/984x0\/smart\/filters:strip_icc()\/i.s3.glbimg.com\/v1\/AUTH_59edd422c0c84a879bd37670ae4f538a\/internal_photos\/bs\/2020\/s\/7\/N208ErSyuPAC7CltbCAQ\/decreto-3.jpg\" sizes=\"(max-width: 1242px) 648px, 100vw\" srcset=\"https:\/\/s2.glbimg.com\/-0EUgWjR1NanvFHT2A1zpQbEhOQ=\/0x0:700x1002\/1000x0\/smart\/filters:strip_icc()\/i.s3.glbimg.com\/v1\/AUTH_59edd422c0c84a879bd37670ae4f538a\/internal_photos\/bs\/2020\/s\/7\/N208ErSyuPAC7CltbCAQ\/decreto-3.jpg 1000w, https:\/\/s2.glbimg.com\/2CerH1R9cr5D59azfSjXKxkp9UM=\/0x0:700x1002\/984x0\/smart\/filters:strip_icc()\/i.s3.glbimg.com\/v1\/AUTH_59edd422c0c84a879bd37670ae4f538a\/internal_photos\/bs\/2020\/s\/7\/N208ErSyuPAC7CltbCAQ\/decreto-3.jpg 984w, https:\/\/s2.glbimg.com\/etOnQtLMy8hh5I38urzp9uz5FRg=\/0x0:700x1002\/640x0\/smart\/filters:strip_icc()\/i.s3.glbimg.com\/v1\/AUTH_59edd422c0c84a879bd37670ae4f538a\/internal_photos\/bs\/2020\/s\/7\/N208ErSyuPAC7CltbCAQ\/decreto-3.jpg 640w, https:\/\/s2.glbimg.com\/5sdUgnesxZ0tz77tuRy7UKGx1xU=\/0x0:700x1002\/600x0\/smart\/filters:strip_icc()\/i.s3.glbimg.com\/v1\/AUTH_59edd422c0c84a879bd37670ae4f538a\/internal_photos\/bs\/2020\/s\/7\/N208ErSyuPAC7CltbCAQ\/decreto-3.jpg 600w\" alt=\"Decreto foi publicado nesta sexta-feira (29) \u2014 Foto: Reprodu\u00e7\u00e3o\" \/><\/figure>\n<p class=\"content-media__description \">Decreto foi publicado nesta sexta-feira (29) \u2014 Foto: Reprodu\u00e7\u00e3o<\/p>\n<\/div>\n<\/div>\n<div class=\"mc-column content-text active-extra-styles\" style=\"text-align: justify;\" data-block-type=\"raw\" data-block-weight=\"2\" data-block-id=\"11\">\n<div class=\"content-intertitle\">\n<h2>Fase 3<\/h2>\n<\/div>\n<\/div>\n<div class=\"mc-column content-text active-extra-styles \" style=\"text-align: justify;\" data-block-type=\"unstyled\" data-block-weight=\"49\" data-block-id=\"12\">\n<p class=\"content-text__container \" data-track-category=\"Link no Texto\" data-track-links=\"\">No chamado Plano S\u00e3o Paulo, que separa as regi\u00f5es do Estado de acordo com os Departamentos Regionais de Sa\u00fade (DRSs), Presidente Prudente \u00e9 contemplada j\u00e1 com a fase 3, a amarela, e poder\u00e1 retomar a maior parte das atividades econ\u00f4micas, entretanto, adotando restri\u00e7\u00f5es como capacidade e hor\u00e1rio de atendimento.<\/p>\n<\/div>\n<div class=\"mc-column content-text active-extra-styles \" style=\"text-align: justify;\" data-block-type=\"unstyled\" data-block-weight=\"34\" data-block-id=\"13\">\n<p class=\"content-text__container \" data-track-category=\"Link no Texto\" data-track-links=\"\">Ainda segundo o plano, dever\u00e3o permanecer fechados na fase 3 os espa\u00e7os p\u00fablicos, como o Balne\u00e1rio da Amizade e a Cidade da Crian\u00e7a, academias, teatros, cinemas e eventos que gerarem aglomera\u00e7\u00f5es, incluindo os esportivos.<\/p>\n<\/div>\n<div class=\"mc-column content-text active-extra-styles \" style=\"text-align: justify;\" data-block-type=\"unstyled\" data-block-weight=\"33\" data-block-id=\"14\">\n<p class=\"content-text__container \" data-track-category=\"Link no Texto\" data-track-links=\"\">\u201cEstamos trabalhando na edi\u00e7\u00e3o do decreto com todas as regras que dever\u00e3o ser cumpridas. Nossa responsabilidade \u00e9 ainda maior, porque s\u00f3 podemos passar para as fases seguintes se cumprirmos os protocolos\u201d, adiantou Bugalho.<\/p>\n<\/div>\n<div class=\"mc-column content-text active-extra-styles\" style=\"text-align: justify;\" data-block-type=\"raw\" data-block-weight=\"41\" data-block-id=\"15\">\n<ul class=\"content-unordered-list\">\n<li><a href=\"https:\/\/g1.globo.com\/sp\/presidente-prudente-regiao\/noticia\/2020\/05\/27\/veja-como-as-medidas-da-flexibilizacao-da-quarentena-anunciadas-pelo-governo-do-estado-afetam-a-regiao-de-presidente-prudente.ghtml\">Veja como as medidas da flexibiliza\u00e7\u00e3o da quarentena anunciadas pelo governo do Estado afetam a regi\u00e3o de Presidente Prudente<\/a><\/li>\n<li><a href=\"https:\/\/g1.globo.com\/sp\/presidente-prudente-regiao\/noticia\/2020\/03\/20\/comercio-de-presidente-prudente-fecha-por-causa-do-coronavirus-a-partir-da-proxima-segunda-feira.ghtml\">Com\u00e9rcio de Presidente Prudente fecha por causa do coronav\u00edrus a partir da pr\u00f3xima segunda-feira; veja a \u00edntegra do decreto baixado pela Prefeitura<\/a><\/li>\n<\/ul>\n<\/div>\n<div class=\"mc-column content-text active-extra-styles \" style=\"text-align: justify;\" data-block-type=\"unstyled\" data-block-weight=\"28\" data-block-id=\"16\">\n<p class=\"content-text__container \" data-track-category=\"Link no Texto\" data-track-links=\"\">Desde a segunda quinzena de mar\u00e7o,\u00a0<a href=\"https:\/\/g1.globo.com\/sp\/presidente-prudente-regiao\/noticia\/2020\/03\/20\/comercio-de-presidente-prudente-fecha-por-causa-do-coronavirus-a-partir-da-proxima-segunda-feira.ghtml\">a quarentena est\u00e1 em vigor em Presidente Prudente como forma de promover o isolamento social e prevenir a propaga\u00e7\u00e3o do novo coronav\u00edrus<\/a>.<\/p>\n<\/div>\n<div class=\"mc-column content-text active-extra-styles \" style=\"text-align: justify;\" data-block-type=\"unstyled\" data-block-weight=\"72\" data-block-id=\"17\">\n<p class=\"content-text__container \" data-track-category=\"Link no Texto\" data-track-links=\"\">A Prefeitura citou declara\u00e7\u00e3o da coordenadora do Conselho Econ\u00f4mico do Estado de S\u00e3o Paulo, Ana Carla Abr\u00e3o, segundo a qual a cada sete dias haver\u00e1 uma reclassifica\u00e7\u00e3o e, a partir disso, a cada 14 dias a regi\u00e3o poder\u00e1 se mover para uma fase mais flex\u00edvel, se houver estabiliza\u00e7\u00e3o nos indicadores, como ocupa\u00e7\u00e3o dos leitos de Unidades de Terapia Intensiva (UTIs) destinados ao tratamento de Covid-19 e n\u00famero de casos, interna\u00e7\u00f5es e \u00f3bitos.<\/p>\n<\/div>\n<div class=\"row medium-uncollapsed content-media content-photo\" style=\"text-align: justify;\" data-block-type=\"backstage-photo\" data-block-id=\"18\">\n<div class=\"mc-column content-media__container\">\n<figure><img decoding=\"async\" class=\"i-amphtml-fill-content i-amphtml-replaced-content\" src=\"https:\/\/s2.glbimg.com\/bc-iVk-m9k6lBLDseTDU-4eLuB0=\/0x0:656x932\/984x0\/smart\/filters:strip_icc()\/i.s3.glbimg.com\/v1\/AUTH_59edd422c0c84a879bd37670ae4f538a\/internal_photos\/bs\/2020\/5\/K\/A7MKY0Q9G0rosRGDlG2Q\/pag-1.jpg\" sizes=\"(max-width: 1242px) 648px, 100vw\" srcset=\"https:\/\/s2.glbimg.com\/Z4ITa2JDXky7P3llZbxKXXN7gQQ=\/0x0:656x932\/1000x0\/smart\/filters:strip_icc()\/i.s3.glbimg.com\/v1\/AUTH_59edd422c0c84a879bd37670ae4f538a\/internal_photos\/bs\/2020\/5\/K\/A7MKY0Q9G0rosRGDlG2Q\/pag-1.jpg 1000w, https:\/\/s2.glbimg.com\/bc-iVk-m9k6lBLDseTDU-4eLuB0=\/0x0:656x932\/984x0\/smart\/filters:strip_icc()\/i.s3.glbimg.com\/v1\/AUTH_59edd422c0c84a879bd37670ae4f538a\/internal_photos\/bs\/2020\/5\/K\/A7MKY0Q9G0rosRGDlG2Q\/pag-1.jpg 984w, https:\/\/s2.glbimg.com\/AQQ4wcgQXgrUuUF44YnJJ8uROzk=\/0x0:656x932\/640x0\/smart\/filters:strip_icc()\/i.s3.glbimg.com\/v1\/AUTH_59edd422c0c84a879bd37670ae4f538a\/internal_photos\/bs\/2020\/5\/K\/A7MKY0Q9G0rosRGDlG2Q\/pag-1.jpg 640w, https:\/\/s2.glbimg.com\/dOQEhDiO8shYRvu5JbL1Mtj4GhM=\/0x0:656x932\/600x0\/smart\/filters:strip_icc()\/i.s3.glbimg.com\/v1\/AUTH_59edd422c0c84a879bd37670ae4f538a\/internal_photos\/bs\/2020\/5\/K\/A7MKY0Q9G0rosRGDlG2Q\/pag-1.jpg 600w\" alt=\"1 - Plano define retomada das atividades econ\u00f4micas em Presidente Prudente \u2014 Foto: Reprodu\u00e7\u00e3o\" \/><\/figure>\n<p class=\"content-media__description \">1 &#8211; Plano define retomada das atividades econ\u00f4micas em Presidente Prudente \u2014 Foto: Reprodu\u00e7\u00e3o<\/p>\n<\/div>\n<\/div>\n<div class=\"content-ads content-ads--reveal\" style=\"text-align: justify;\" data-block-type=\"ads\" data-block-id=\"19\">\n<div id=\"banner_materia__cece2bef-0486-4dc7-a1d7-0f035957aaea\" class=\"tag-manager-publicidade-container mc-has-reveal mc-has-ad-lazyload tag-manager-publicidade-banner_materia__cece2bef-0486-4dc7-a1d7-0f035957aaea tag-manager-publicidade-container--carregado tag-manager-publicidade-container--visivel\" data-id=\"banner_materia__cece2bef-0486-4dc7-a1d7-0f035957aaea\" data-google-query-id=\"CO24tO-52ukCFTuAxwoduzgHlw\" data-cid=\"138311612877\" data-lid=\"5368513438\">\n<div id=\"google_ads_iframe_\/95377733\/tvg_G1\/Sua_Regiao&gt;Sudeste&gt;Sao_Paulo_(Pres_Prudente)_4__container__\" style=\"box-sizing: inherit; margin: auto; padding: 0px; border: 0pt none; font: inherit; vertical-align: baseline; width: 970px; max-width: 100%; text-align: center; height: 90px;\"><iframe loading=\"lazy\" id=\"google_ads_iframe_\/95377733\/tvg_G1\/Sua_Regiao&gt;Sudeste&gt;Sao_Paulo_(Pres_Prudente)_4\" style=\"box-sizing: inherit; margin: 0px; padding: 0px; border: 0px; font: inherit; vertical-align: bottom;\" title=\"3rd party ad content\" src=\"https:\/\/tpc.googlesyndication.com\/safeframe\/1-0-37\/html\/container.html\" name=\"\" width=\"970\" height=\"90\" frameborder=\"0\" marginwidth=\"0\" marginheight=\"0\" scrolling=\"no\" sandbox=\"allow-forms allow-popups allow-popups-to-escape-sandbox allow-same-origin allow-scripts allow-top-navigation-by-user-activation\" data-is-safeframe=\"true\" data-google-container-id=\"5\" data-load-complete=\"true\" data-mce-fragment=\"1\"><\/iframe><\/div>\n<\/div>\n<\/div>\n<div class=\"row medium-uncollapsed content-media content-photo\" style=\"text-align: justify;\" data-block-type=\"backstage-photo\" data-block-id=\"20\">\n<div class=\"mc-column content-media__container\">\n<figure><img decoding=\"async\" class=\"i-amphtml-fill-content i-amphtml-replaced-content\" src=\"https:\/\/s2.glbimg.com\/KZeuc2kbEZyol0cdAAQQgcR86uI=\/0x0:656x932\/984x0\/smart\/filters:strip_icc()\/i.s3.glbimg.com\/v1\/AUTH_59edd422c0c84a879bd37670ae4f538a\/internal_photos\/bs\/2020\/X\/q\/ix42CySRqPFAcA6kDKVA\/pag-2.jpg\" sizes=\"(max-width: 1242px) 648px, 100vw\" srcset=\"https:\/\/s2.glbimg.com\/ujn4oCKIxLzBS6lgsHeDmOgemhU=\/0x0:656x932\/1000x0\/smart\/filters:strip_icc()\/i.s3.glbimg.com\/v1\/AUTH_59edd422c0c84a879bd37670ae4f538a\/internal_photos\/bs\/2020\/X\/q\/ix42CySRqPFAcA6kDKVA\/pag-2.jpg 1000w, https:\/\/s2.glbimg.com\/KZeuc2kbEZyol0cdAAQQgcR86uI=\/0x0:656x932\/984x0\/smart\/filters:strip_icc()\/i.s3.glbimg.com\/v1\/AUTH_59edd422c0c84a879bd37670ae4f538a\/internal_photos\/bs\/2020\/X\/q\/ix42CySRqPFAcA6kDKVA\/pag-2.jpg 984w, https:\/\/s2.glbimg.com\/x0BRtST5aT1oOfiNlC4MVraDePQ=\/0x0:656x932\/640x0\/smart\/filters:strip_icc()\/i.s3.glbimg.com\/v1\/AUTH_59edd422c0c84a879bd37670ae4f538a\/internal_photos\/bs\/2020\/X\/q\/ix42CySRqPFAcA6kDKVA\/pag-2.jpg 640w, https:\/\/s2.glbimg.com\/C8e0mgLSM4TiCOICr-sI-FjmauY=\/0x0:656x932\/600x0\/smart\/filters:strip_icc()\/i.s3.glbimg.com\/v1\/AUTH_59edd422c0c84a879bd37670ae4f538a\/internal_photos\/bs\/2020\/X\/q\/ix42CySRqPFAcA6kDKVA\/pag-2.jpg 600w\" alt=\"2 - Plano define retomada das atividades econ\u00f4micas em Presidente Prudente \u2014 Foto: Reprodu\u00e7\u00e3o\" \/><\/figure>\n<p class=\"content-media__description \">2 &#8211; Plano define retomada das atividades econ\u00f4micas em Presidente Prudente \u2014 Foto: Reprodu\u00e7\u00e3o<\/p>\n<\/div>\n<\/div>\n<div class=\"row medium-uncollapsed content-media content-photo\" style=\"text-align: justify;\" data-block-type=\"backstage-photo\" data-block-id=\"21\">\n<div class=\"mc-column content-media__container\">\n<figure><img decoding=\"async\" class=\"i-amphtml-fill-content i-amphtml-replaced-content\" src=\"https:\/\/s2.glbimg.com\/yJPwjjoJrveiod3TN48NgavT6vI=\/0x0:656x932\/984x0\/smart\/filters:strip_icc()\/i.s3.glbimg.com\/v1\/AUTH_59edd422c0c84a879bd37670ae4f538a\/internal_photos\/bs\/2020\/7\/Z\/qJGTVQSkym8Pg89jXqzQ\/pag-3.jpg\" sizes=\"(max-width: 1242px) 648px, 100vw\" srcset=\"https:\/\/s2.glbimg.com\/AZseurFPbx6A2tZWOLA2uc1itKY=\/0x0:656x932\/1000x0\/smart\/filters:strip_icc()\/i.s3.glbimg.com\/v1\/AUTH_59edd422c0c84a879bd37670ae4f538a\/internal_photos\/bs\/2020\/7\/Z\/qJGTVQSkym8Pg89jXqzQ\/pag-3.jpg 1000w, https:\/\/s2.glbimg.com\/yJPwjjoJrveiod3TN48NgavT6vI=\/0x0:656x932\/984x0\/smart\/filters:strip_icc()\/i.s3.glbimg.com\/v1\/AUTH_59edd422c0c84a879bd37670ae4f538a\/internal_photos\/bs\/2020\/7\/Z\/qJGTVQSkym8Pg89jXqzQ\/pag-3.jpg 984w, https:\/\/s2.glbimg.com\/U1ZIKWE7QQ8uh-LpR0G9bfsKKkI=\/0x0:656x932\/640x0\/smart\/filters:strip_icc()\/i.s3.glbimg.com\/v1\/AUTH_59edd422c0c84a879bd37670ae4f538a\/internal_photos\/bs\/2020\/7\/Z\/qJGTVQSkym8Pg89jXqzQ\/pag-3.jpg 640w, https:\/\/s2.glbimg.com\/1lm9_BNtnn8zd2V2oMHB1CsSbrY=\/0x0:656x932\/600x0\/smart\/filters:strip_icc()\/i.s3.glbimg.com\/v1\/AUTH_59edd422c0c84a879bd37670ae4f538a\/internal_photos\/bs\/2020\/7\/Z\/qJGTVQSkym8Pg89jXqzQ\/pag-3.jpg 600w\" alt=\"3 - Plano define retomada das atividades econ\u00f4micas em Presidente Prudente \u2014 Foto: Reprodu\u00e7\u00e3o\" \/><\/figure>\n<p class=\"content-media__description \">3 &#8211; Plano define retomada das atividades econ\u00f4micas em Presidente Prudente \u2014 Foto: Reprodu\u00e7\u00e3o<\/p>\n<\/div>\n<\/div>\n<div class=\"row medium-uncollapsed content-media content-photo\" style=\"text-align: justify;\" data-block-type=\"backstage-photo\" data-block-id=\"22\">\n<div class=\"mc-column content-media__container\">\n<figure><img decoding=\"async\" class=\"i-amphtml-fill-content i-amphtml-replaced-content\" src=\"https:\/\/s2.glbimg.com\/hovUuzcOFCQWC8rtv7ppaWAb3Yw=\/0x0:656x932\/984x0\/smart\/filters:strip_icc()\/i.s3.glbimg.com\/v1\/AUTH_59edd422c0c84a879bd37670ae4f538a\/internal_photos\/bs\/2020\/S\/I\/CZviG4RdWVnU8fI8NBag\/pag-4.jpg\" sizes=\"(max-width: 1242px) 648px, 100vw\" srcset=\"https:\/\/s2.glbimg.com\/4qMu_c8WEi-1G7kssOheefjPqiM=\/0x0:656x932\/1000x0\/smart\/filters:strip_icc()\/i.s3.glbimg.com\/v1\/AUTH_59edd422c0c84a879bd37670ae4f538a\/internal_photos\/bs\/2020\/S\/I\/CZviG4RdWVnU8fI8NBag\/pag-4.jpg 1000w, https:\/\/s2.glbimg.com\/hovUuzcOFCQWC8rtv7ppaWAb3Yw=\/0x0:656x932\/984x0\/smart\/filters:strip_icc()\/i.s3.glbimg.com\/v1\/AUTH_59edd422c0c84a879bd37670ae4f538a\/internal_photos\/bs\/2020\/S\/I\/CZviG4RdWVnU8fI8NBag\/pag-4.jpg 984w, https:\/\/s2.glbimg.com\/cmGw7-c1hbhQiWa6uuQCBw7gE7c=\/0x0:656x932\/640x0\/smart\/filters:strip_icc()\/i.s3.glbimg.com\/v1\/AUTH_59edd422c0c84a879bd37670ae4f538a\/internal_photos\/bs\/2020\/S\/I\/CZviG4RdWVnU8fI8NBag\/pag-4.jpg 640w, https:\/\/s2.glbimg.com\/SW0p1wN0KhGTNgwx28H4Z39zmOQ=\/0x0:656x932\/600x0\/smart\/filters:strip_icc()\/i.s3.glbimg.com\/v1\/AUTH_59edd422c0c84a879bd37670ae4f538a\/internal_photos\/bs\/2020\/S\/I\/CZviG4RdWVnU8fI8NBag\/pag-4.jpg 600w\" alt=\"4 - Plano define retomada das atividades econ\u00f4micas em Presidente Prudente \u2014 Foto: Reprodu\u00e7\u00e3o\" \/><\/figure>\n<p class=\"content-media__description \">4 &#8211; Plano define retomada das atividades econ\u00f4micas em Presidente Prudente \u2014 Foto: Reprodu\u00e7\u00e3o<\/p>\n<\/div>\n<\/div>\n<div class=\"content-ads content-ads--reveal\" style=\"text-align: justify;\" data-block-type=\"ads\" data-block-id=\"23\">\n<div id=\"banner_materia__af711f84-8895-4cee-b92e-14c5c49cd6c2\" class=\"tag-manager-publicidade-container mc-has-reveal mc-has-ad-lazyload tag-manager-publicidade-banner_materia__af711f84-8895-4cee-b92e-14c5c49cd6c2 tag-manager-publicidade-container--carregado tag-manager-publicidade-container--visivel\" data-id=\"banner_materia__af711f84-8895-4cee-b92e-14c5c49cd6c2\" data-google-query-id=\"CPGdmfO52ukCFdjX4QodVzcDzg\" data-cid=\"138311624995\" data-lid=\"5368748846\">\n<div id=\"google_ads_iframe_\/95377733\/tvg_G1\/Sua_Regiao&gt;Sudeste&gt;Sao_Paulo_(Pres_Prudente)_5__container__\" style=\"box-sizing: inherit; margin: auto; padding: 0px; border: 0pt none; font: inherit; vertical-align: baseline; width: 970px; max-width: 100%; text-align: center; height: 250px;\"><iframe loading=\"lazy\" id=\"google_ads_iframe_\/95377733\/tvg_G1\/Sua_Regiao&gt;Sudeste&gt;Sao_Paulo_(Pres_Prudente)_5\" style=\"box-sizing: inherit; margin: 0px; padding: 0px; border: 0px; font: inherit; vertical-align: bottom;\" title=\"3rd party ad content\" src=\"https:\/\/tpc.googlesyndication.com\/safeframe\/1-0-37\/html\/container.html\" name=\"\" width=\"970\" height=\"250\" frameborder=\"0\" marginwidth=\"0\" marginheight=\"0\" scrolling=\"no\" sandbox=\"allow-forms allow-popups allow-popups-to-escape-sandbox allow-same-origin allow-scripts allow-top-navigation-by-user-activation\" data-is-safeframe=\"true\" data-google-container-id=\"6\" data-load-complete=\"true\" data-mce-fragment=\"1\"><\/iframe><\/div>\n<\/div>\n<\/div>\n<div class=\"row medium-uncollapsed content-media content-photo\" style=\"text-align: justify;\" data-block-type=\"backstage-photo\" data-block-id=\"24\">\n<div class=\"mc-column content-media__container\">\n<figure><img decoding=\"async\" class=\"i-amphtml-fill-content i-amphtml-replaced-content\" src=\"https:\/\/s2.glbimg.com\/vp8VcIUE9HDrEnFtiNVJZXsLcEc=\/0x0:656x932\/984x0\/smart\/filters:strip_icc()\/i.s3.glbimg.com\/v1\/AUTH_59edd422c0c84a879bd37670ae4f538a\/internal_photos\/bs\/2020\/2\/R\/ARZjtFQp2j6B8oyA9uTQ\/pag-5.jpg\" sizes=\"(max-width: 1242px) 648px, 100vw\" srcset=\"https:\/\/s2.glbimg.com\/aeCdiGwyEvHDa20OuXWWhuSinyU=\/0x0:656x932\/1000x0\/smart\/filters:strip_icc()\/i.s3.glbimg.com\/v1\/AUTH_59edd422c0c84a879bd37670ae4f538a\/internal_photos\/bs\/2020\/2\/R\/ARZjtFQp2j6B8oyA9uTQ\/pag-5.jpg 1000w, https:\/\/s2.glbimg.com\/vp8VcIUE9HDrEnFtiNVJZXsLcEc=\/0x0:656x932\/984x0\/smart\/filters:strip_icc()\/i.s3.glbimg.com\/v1\/AUTH_59edd422c0c84a879bd37670ae4f538a\/internal_photos\/bs\/2020\/2\/R\/ARZjtFQp2j6B8oyA9uTQ\/pag-5.jpg 984w, https:\/\/s2.glbimg.com\/dQUD-CHBZAFY5e2LUZ5kusVbf8Y=\/0x0:656x932\/640x0\/smart\/filters:strip_icc()\/i.s3.glbimg.com\/v1\/AUTH_59edd422c0c84a879bd37670ae4f538a\/internal_photos\/bs\/2020\/2\/R\/ARZjtFQp2j6B8oyA9uTQ\/pag-5.jpg 640w, https:\/\/s2.glbimg.com\/oYwU_avQoPF3Y-o0WNJQiYYm7Zk=\/0x0:656x932\/600x0\/smart\/filters:strip_icc()\/i.s3.glbimg.com\/v1\/AUTH_59edd422c0c84a879bd37670ae4f538a\/internal_photos\/bs\/2020\/2\/R\/ARZjtFQp2j6B8oyA9uTQ\/pag-5.jpg 600w\" alt=\"5 - Plano define retomada das atividades econ\u00f4micas em Presidente Prudente \u2014 Foto: Reprodu\u00e7\u00e3o\" \/><\/figure>\n<p class=\"content-media__description \">5 &#8211; Plano define retomada das atividades econ\u00f4micas em Presidente Prudente \u2014 Foto: Reprodu\u00e7\u00e3o<\/p>\n<\/div>\n<\/div>\n<div class=\"row medium-uncollapsed content-media content-photo\" style=\"text-align: justify;\" data-block-type=\"backstage-photo\" data-block-id=\"25\">\n<div class=\"mc-column content-media__container\">\n<figure><img decoding=\"async\" class=\"i-amphtml-fill-content i-amphtml-replaced-content\" src=\"https:\/\/s2.glbimg.com\/ThvRAEb7xNJ0dwX1llBU8VrrsUE=\/0x0:656x932\/984x0\/smart\/filters:strip_icc()\/i.s3.glbimg.com\/v1\/AUTH_59edd422c0c84a879bd37670ae4f538a\/internal_photos\/bs\/2020\/0\/7\/51klPiREWn57qoATghxg\/pag-6.jpg\" sizes=\"(max-width: 1242px) 648px, 100vw\" srcset=\"https:\/\/s2.glbimg.com\/5u001PdTswFqae-X7VmUf5mKfK0=\/0x0:656x932\/1000x0\/smart\/filters:strip_icc()\/i.s3.glbimg.com\/v1\/AUTH_59edd422c0c84a879bd37670ae4f538a\/internal_photos\/bs\/2020\/0\/7\/51klPiREWn57qoATghxg\/pag-6.jpg 1000w, https:\/\/s2.glbimg.com\/ThvRAEb7xNJ0dwX1llBU8VrrsUE=\/0x0:656x932\/984x0\/smart\/filters:strip_icc()\/i.s3.glbimg.com\/v1\/AUTH_59edd422c0c84a879bd37670ae4f538a\/internal_photos\/bs\/2020\/0\/7\/51klPiREWn57qoATghxg\/pag-6.jpg 984w, https:\/\/s2.glbimg.com\/TVc4N1XU-y4QlS-ud6IwAnOB7B8=\/0x0:656x932\/640x0\/smart\/filters:strip_icc()\/i.s3.glbimg.com\/v1\/AUTH_59edd422c0c84a879bd37670ae4f538a\/internal_photos\/bs\/2020\/0\/7\/51klPiREWn57qoATghxg\/pag-6.jpg 640w, https:\/\/s2.glbimg.com\/l0boO1VG9CaoVhNVc-7mJbFKYx4=\/0x0:656x932\/600x0\/smart\/filters:strip_icc()\/i.s3.glbimg.com\/v1\/AUTH_59edd422c0c84a879bd37670ae4f538a\/internal_photos\/bs\/2020\/0\/7\/51klPiREWn57qoATghxg\/pag-6.jpg 600w\" alt=\"6 - Plano define retomada das atividades econ\u00f4micas em Presidente Prudente \u2014 Foto: Reprodu\u00e7\u00e3o\" \/><\/figure>\n<p class=\"content-media__description \">6 &#8211; Plano define retomada das atividades econ\u00f4micas em Presidente Prudente \u2014 Foto: Reprodu\u00e7\u00e3o<\/p>\n<p style=\"text-align: justify;\">Fonte: https:\/\/g1.globo.com\/sp\/presidente-prudente-regiao\/noticia\/2020\/05\/29\/prefeitura-de-presidente-prudente-divulga-plano-de-retomada-das-atividades-economicas-na-cidade.ghtml<\/p>\n<\/div>\n<\/div>\n<div class=\"mc-column content-entenda-o-caso\" style=\"text-align: justify;\" data-block-type=\"entenda-o-caso\" data-block-id=\"26\"><\/div>\n<\/div>\n","protected":false},"excerpt":{"rendered":"<p>Para alguns estabelecimentos foram impostas restri\u00e7\u00f5es e uso obrigat\u00f3rio de m\u00e1scara. Outros locais ainda dever\u00e3o permanecer fechados. A Prefeitura de\u00a0Presidente Prudente\u00a0divulgou, nesta sexta-feira (29), o plano de retomada das atividades econ\u00f4micas na cidade. A primeira fase \u00e9 a 3, a amarela, deve come\u00e7ar na pr\u00f3xima segunda-feira (1\u00ba) e tem a dura\u00e7\u00e3o de 14 dias. Veja [&hellip;]<\/p>\n","protected":false},"author":1,"featured_media":27187,"comment_status":"closed","ping_status":"open","sticky":false,"template":"","format":"standard","meta":{"footnotes":""},"categories":[110,116],"tags":[],"class_list":["post-27186","post","type-post","status-publish","format-standard","has-post-thumbnail","hentry","category-noticiasdestaque","category-politicaeeconomia"],"_links":{"self":[{"href":"https:\/\/jorgezanoni.com.br\/2019\/wp-json\/wp\/v2\/posts\/27186","targetHints":{"allow":["GET"]}}],"collection":[{"href":"https:\/\/jorgezanoni.com.br\/2019\/wp-json\/wp\/v2\/posts"}],"about":[{"href":"https:\/\/jorgezanoni.com.br\/2019\/wp-json\/wp\/v2\/types\/post"}],"author":[{"embeddable":true,"href":"https:\/\/jorgezanoni.com.br\/2019\/wp-json\/wp\/v2\/users\/1"}],"replies":[{"embeddable":true,"href":"https:\/\/jorgezanoni.com.br\/2019\/wp-json\/wp\/v2\/comments?post=27186"}],"version-history":[{"count":0,"href":"https:\/\/jorgezanoni.com.br\/2019\/wp-json\/wp\/v2\/posts\/27186\/revisions"}],"wp:featuredmedia":[{"embeddable":true,"href":"https:\/\/jorgezanoni.com.br\/2019\/wp-json\/wp\/v2\/media\/27187"}],"wp:attachment":[{"href":"https:\/\/jorgezanoni.com.br\/2019\/wp-json\/wp\/v2\/media?parent=27186"}],"wp:term":[{"taxonomy":"category","embeddable":true,"href":"https:\/\/jorgezanoni.com.br\/2019\/wp-json\/wp\/v2\/categories?post=27186"},{"taxonomy":"post_tag","embeddable":true,"href":"https:\/\/jorgezanoni.com.br\/2019\/wp-json\/wp\/v2\/tags?post=27186"}],"curies":[{"name":"wp","href":"https:\/\/api.w.org\/{rel}","templated":true}]}}