{"id":27180,"date":"2020-05-30T00:58:34","date_gmt":"2020-05-30T00:58:34","guid":{"rendered":"https:\/\/jorgezanoni.com.br\/2019\/?p=27180"},"modified":"2020-05-30T00:58:34","modified_gmt":"2020-05-30T00:58:34","slug":"elektro-conclui-a-instalacao-de-lampadas-de-led-nas-principais-avenidas-de-dracena","status":"publish","type":"post","link":"https:\/\/jorgezanoni.com.br\/2019\/elektro-conclui-a-instalacao-de-lampadas-de-led-nas-principais-avenidas-de-dracena\/","title":{"rendered":"Elektro conclui a instala\u00e7\u00e3o de l\u00e2mpadas de Led nas principais avenidas de Dracena"},"content":{"rendered":"<p><strong>Mais de mil pontos receberam a nova ilumina\u00e7\u00e3o.<\/strong><\/p>\n<p style=\"text-align: justify;\">A Elektro concluiu a instala\u00e7\u00e3o de l\u00e2mpadas de LED em 1.006 pontos de ilumina\u00e7\u00e3o p\u00fablica de Dracena. O projeto faz parte do programa de efici\u00eancia energ\u00e9tica da concession\u00e1ria, regulado pela ANEEL.<\/p>\n<p style=\"text-align: justify;\">A instala\u00e7\u00e3o das l\u00e2mpadas teve in\u00edcio em abril e a conclus\u00e3o no in\u00edcio de maio. Com a implanta\u00e7\u00e3o do projeto ser\u00e1 poss\u00edvel reduzir o consumo de energia da ilumina\u00e7\u00e3o p\u00fablica em cerca de 50%, valor equivalente ao consumo m\u00e9dio anual de 210 fam\u00edlias.<\/p>\n<p style=\"text-align: justify;\">Al\u00e9m disso, h\u00e1 uma redu\u00e7\u00e3o tamb\u00e9m nos custos de manuten\u00e7\u00e3o, uma vez que a durabilidade da l\u00e2mpada LED \u00e9 superior ao sistema convencional utilizado.<\/p>\n<p style=\"text-align: justify;\">O novo modelo tamb\u00e9m gera menos impacto ambiental\u200a por n\u00e3o possuir merc\u00fario e outros componentes nocivos em sua composi\u00e7\u00e3o.<\/p>\n<p style=\"text-align: justify;\">A defini\u00e7\u00e3o dos locais, realizada em parceria com a prefeitura, levou em conta os pontos com significativo potencial de redu\u00e7\u00e3o de custos com energia el\u00e9trica, como por exemplo, as avenidas: Presidente Roosevelt e Presidente Vargas, as principais na cidade.<\/p>\n<p style=\"text-align: justify;\"><strong>Projeto Ilumina\u00e7\u00e3o P\u00fablica LED<\/strong><br \/>\nOs recursos utilizados no projeto fazem parte do Programa de Efici\u00eancia Energ\u00e9tica da Elektro, regulado pela Ag\u00eancia Nacional de Energia El\u00e9trica (Aneel). As a\u00e7\u00f5es s\u00e3o viabilizadas em parceria com prefeituras da \u00e1rea de concess\u00e3o da Elektro e contemplar\u00e3o a troca de mais de cinco mil pontos de ilumina\u00e7\u00e3o p\u00fablica por tecnologia LED ao longo de 2020.<\/p>\n<p style=\"text-align: justify;\"><strong>Sobre a Elektro<\/strong><br \/>\nReconhecida por 10 vezes como a melhor distribuidora de energia el\u00e9trica do Brasil, a Elektro tem atua\u00e7\u00e3o em 228 munic\u00edpios, sendo 223 no Estado de S\u00e3o Paulo e cinco no Mato Grosso do Sul. Em uma \u00e1rea de concess\u00e3o de 121 mil quil\u00f4metros quadrados, a concession\u00e1ria atende 2,7 milh\u00f5es de clientes (6 milh\u00f5es de habitantes)<\/p>\n<p style=\"text-align: justify;\">Fonte: Assessoria de Imprensa Elektro<\/p>\n","protected":false},"excerpt":{"rendered":"<p>Mais de mil pontos receberam a nova ilumina\u00e7\u00e3o. A Elektro concluiu a instala\u00e7\u00e3o de l\u00e2mpadas de LED em 1.006 pontos de ilumina\u00e7\u00e3o p\u00fablica de Dracena. O projeto faz parte do programa de efici\u00eancia energ\u00e9tica da concession\u00e1ria, regulado pela ANEEL. A instala\u00e7\u00e3o das l\u00e2mpadas teve in\u00edcio em abril e a conclus\u00e3o no in\u00edcio de maio. Com [&hellip;]<\/p>\n","protected":false},"author":1,"featured_media":27181,"comment_status":"closed","ping_status":"open","sticky":false,"template":"","format":"standard","meta":{"footnotes":""},"categories":[179,184,110],"tags":[],"class_list":["post-27180","post","type-post","status-publish","format-standard","has-post-thumbnail","hentry","category-cidadeseregiao","category-dracena","category-noticiasdestaque"],"_links":{"self":[{"href":"https:\/\/jorgezanoni.com.br\/2019\/wp-json\/wp\/v2\/posts\/27180","targetHints":{"allow":["GET"]}}],"collection":[{"href":"https:\/\/jorgezanoni.com.br\/2019\/wp-json\/wp\/v2\/posts"}],"about":[{"href":"https:\/\/jorgezanoni.com.br\/2019\/wp-json\/wp\/v2\/types\/post"}],"author":[{"embeddable":true,"href":"https:\/\/jorgezanoni.com.br\/2019\/wp-json\/wp\/v2\/users\/1"}],"replies":[{"embeddable":true,"href":"https:\/\/jorgezanoni.com.br\/2019\/wp-json\/wp\/v2\/comments?post=27180"}],"version-history":[{"count":0,"href":"https:\/\/jorgezanoni.com.br\/2019\/wp-json\/wp\/v2\/posts\/27180\/revisions"}],"wp:featuredmedia":[{"embeddable":true,"href":"https:\/\/jorgezanoni.com.br\/2019\/wp-json\/wp\/v2\/media\/27181"}],"wp:attachment":[{"href":"https:\/\/jorgezanoni.com.br\/2019\/wp-json\/wp\/v2\/media?parent=27180"}],"wp:term":[{"taxonomy":"category","embeddable":true,"href":"https:\/\/jorgezanoni.com.br\/2019\/wp-json\/wp\/v2\/categories?post=27180"},{"taxonomy":"post_tag","embeddable":true,"href":"https:\/\/jorgezanoni.com.br\/2019\/wp-json\/wp\/v2\/tags?post=27180"}],"curies":[{"name":"wp","href":"https:\/\/api.w.org\/{rel}","templated":true}]}}