{"id":27143,"date":"2020-05-29T17:35:24","date_gmt":"2020-05-29T17:35:24","guid":{"rendered":"https:\/\/jorgezanoni.com.br\/2019\/?p=27143"},"modified":"2020-05-29T17:35:24","modified_gmt":"2020-05-29T17:35:24","slug":"docente-de-medicina-da-unifadra-conclui-mestrado","status":"publish","type":"post","link":"https:\/\/jorgezanoni.com.br\/2019\/docente-de-medicina-da-unifadra-conclui-mestrado\/","title":{"rendered":"Docente de Medicina da Unifadra conclui mestrado"},"content":{"rendered":"<p dir=\"ltr\" style=\"text-align: justify;\">A docente do curso de Medicina da Faculdade Unifadra de Dracena Profa. Monique Cotarelli Tsuji concluiu, em fevereiro deste ano, o Mestrado em Biotecnologia M\u00e9dica pela Faculdade de Medicina de Botucatu (SP) &#8211; UNESP.<\/p>\n<p dir=\"ltr\" style=\"text-align: justify;\">Monique defendeu a disserta\u00e7\u00e3o &#8220;Dermatites de contato em indiv\u00edduos expostos a alisantes capilares contendo formalde\u00eddo identificados por rea\u00e7\u00e3o qu\u00edmica&#8221;, orientada pelo Prof. Dr. Jaime Olbrich Neto.<\/p>\n<p dir=\"ltr\" style=\"text-align: justify;\">A Unifadra parabeniza a professora pela conclus\u00e3o do mestrado e por suas contribui\u00e7\u00f5es ao curso de Medicina da institui\u00e7\u00e3o.<\/p>\n<p style=\"text-align: justify;\"><span id=\"gmail-docs-internal-guid-3c2076af-7fff-5fb9-935e-21796fcdaf51\">Foto:\u00a0 Profa. Ma. Monique Cotarelli Tsuji.<\/span><\/p>\n<div class=\"gmail_signature\" dir=\"ltr\">\n<div dir=\"ltr\" style=\"text-align: justify;\">Carolina Colnago<br \/>\nAssistente de Comunica\u00e7\u00e3o<br \/>\nFunda\u00e7\u00e3o Dracenense de Educa\u00e7\u00e3o e Cultura<\/div>\n<\/div>\n","protected":false},"excerpt":{"rendered":"<p>A docente do curso de Medicina da Faculdade Unifadra de Dracena Profa. Monique Cotarelli Tsuji concluiu, em fevereiro deste ano, o Mestrado em Biotecnologia M\u00e9dica pela Faculdade de Medicina de Botucatu (SP) &#8211; UNESP. Monique defendeu a disserta\u00e7\u00e3o &#8220;Dermatites de contato em indiv\u00edduos expostos a alisantes capilares contendo formalde\u00eddo identificados por rea\u00e7\u00e3o qu\u00edmica&#8221;, orientada pelo [&hellip;]<\/p>\n","protected":false},"author":1,"featured_media":27144,"comment_status":"closed","ping_status":"open","sticky":false,"template":"","format":"standard","meta":{"footnotes":""},"categories":[122],"tags":[],"class_list":["post-27143","post","type-post","status-publish","format-standard","has-post-thumbnail","hentry","category-saudeeducacaoeconcurso"],"_links":{"self":[{"href":"https:\/\/jorgezanoni.com.br\/2019\/wp-json\/wp\/v2\/posts\/27143","targetHints":{"allow":["GET"]}}],"collection":[{"href":"https:\/\/jorgezanoni.com.br\/2019\/wp-json\/wp\/v2\/posts"}],"about":[{"href":"https:\/\/jorgezanoni.com.br\/2019\/wp-json\/wp\/v2\/types\/post"}],"author":[{"embeddable":true,"href":"https:\/\/jorgezanoni.com.br\/2019\/wp-json\/wp\/v2\/users\/1"}],"replies":[{"embeddable":true,"href":"https:\/\/jorgezanoni.com.br\/2019\/wp-json\/wp\/v2\/comments?post=27143"}],"version-history":[{"count":0,"href":"https:\/\/jorgezanoni.com.br\/2019\/wp-json\/wp\/v2\/posts\/27143\/revisions"}],"wp:featuredmedia":[{"embeddable":true,"href":"https:\/\/jorgezanoni.com.br\/2019\/wp-json\/wp\/v2\/media\/27144"}],"wp:attachment":[{"href":"https:\/\/jorgezanoni.com.br\/2019\/wp-json\/wp\/v2\/media?parent=27143"}],"wp:term":[{"taxonomy":"category","embeddable":true,"href":"https:\/\/jorgezanoni.com.br\/2019\/wp-json\/wp\/v2\/categories?post=27143"},{"taxonomy":"post_tag","embeddable":true,"href":"https:\/\/jorgezanoni.com.br\/2019\/wp-json\/wp\/v2\/tags?post=27143"}],"curies":[{"name":"wp","href":"https:\/\/api.w.org\/{rel}","templated":true}]}}