{"id":27139,"date":"2020-05-29T17:23:32","date_gmt":"2020-05-29T17:23:32","guid":{"rendered":"https:\/\/jorgezanoni.com.br\/2019\/?p=27139"},"modified":"2020-05-29T17:23:32","modified_gmt":"2020-05-29T17:23:32","slug":"saindo-do-isolamento","status":"publish","type":"post","link":"https:\/\/jorgezanoni.com.br\/2019\/saindo-do-isolamento\/","title":{"rendered":"Saindo do Isolamento&#8230;"},"content":{"rendered":"<p style=\"text-align: justify;\"><strong>SAINDO DO\u00a0 ISOLAMENTO&#8230;\u00a0 \u00a0 \u00a0 \u00a0 \u00a0 \u00a0 \u00a0 \u00a0 \u00a0 \u00a0 \u00a0 \u00a0 \u00a0 \u00a0 \u00a0 \u00a0 \u00a0 \u00a0 \u00a0 \u00a0 \u00a0 \u00a0 \u00a0 \u00a0 \u00a0 \u00a0 \u00a0 \u00a0 \u00a0 \u00a0 \u00a0 \u00a0 \u00a0 \u00a0 \u00a0 \u00a0 \u00a0 \u00a0 \u00a0 \u00a0 \u00a0 \u00a0 \u00a0 \u00a0 \u00a0 \u00a0 \u00a0 \u00a0\u00a0<\/strong><\/p>\n<p style=\"text-align: justify;\"><strong>\u00a0<\/strong><strong>*CLAUDIVAL CLEMENTE.<\/strong><\/p>\n<p style=\"text-align: justify;\"><strong>**CLAUDIVAL MOURA CLEMENTE<\/strong><\/p>\n<p style=\"text-align: justify;\">O governo do Estado de S\u00e3o Paulo decidiu flexibilizar o distanciamento social, imposto desde mar\u00e7o deste ano para combater o espalhamento do SARS-Cov2, v\u00edrus respons\u00e1vel pela doen\u00e7a Covid19. A inten\u00e7\u00e3o do distanciamento social \u00e9 permitir que as pessoas permanecessem em casa, evitando circular pelas ruas, provocando aglomera\u00e7\u00f5es.<\/p>\n<p style=\"text-align: justify;\">\u00c9 consenso entre os especialistas que o distanciamento social \u00e9 uma medida eficaz no combate ao v\u00edrus; por\u00e9m, o assunto divide a opini\u00e3o dos governantes e da popula\u00e7\u00e3o em geral, basicamente porque estas pessoas entendem que a paralisa\u00e7\u00e3o radical de todas as atividades gera preju\u00edzo \u00e0 economia do pa\u00eds, incluindo queda na arrecada\u00e7\u00e3o dos tributos.<\/p>\n<p style=\"text-align: justify;\">Em alguns lugares do mundo o distanciamento foi obrigat\u00f3rio e mais de 3 bilh\u00f5es de pessoas ao redor do mundo foram submetidas, ao mesmo tempo, \u00e0s medidas de restri\u00e7\u00e3o total de circula\u00e7\u00e3o, com paralisa\u00e7\u00e3o total das atividades.<\/p>\n<p style=\"text-align: justify;\">As pesquisas mais consistentes com rela\u00e7\u00e3o ao distanciamento social, indicam que quanto menos pessoas circularem pelas ruas, mais devagar o v\u00edrus se propaga e quanto mais cedo a quarentena for imposta, menos pessoas doentes no final do pico da transmiss\u00e3o.<\/p>\n<p style=\"text-align: justify;\">Sem distanciamento social, uma pessoa pode contaminar at\u00e9 2,5 pessoas, em 30 dias pode contaminar at\u00e9 406 pessoas. Com o distanciamento, a prov\u00e1vel contamina\u00e7\u00e3o \u00e9 reduzida para 1,25 pessoas, com risco de cont\u00e1gio em 15 pessoas. Estes valores indicam que o distanciamento social, a despeito de todas as cr\u00edticas que possam ser feitas, compensa para salvar vidas e evitar o colapso na rede hospitalar.<\/p>\n<p style=\"text-align: justify;\">Por\u00e9m, o principal problema agora \u00e9 como sair do distanciamento social. As autoridades estaduais estabeleceram um programa de flexibiliza\u00e7\u00e3o da quarentena, que se dar\u00e1 por fases, calculados com base nos \u00edndices de distanciamento social, redu\u00e7\u00e3o do n\u00famero de infectados e capacidade de leitos hospitalares.<\/p>\n<p style=\"text-align: justify;\">De acordo com o governo do estado de S\u00e3o Paulo, em 15 de mar\u00e7o, in\u00edcio da pandemia no pa\u00eds, S\u00e3o Paulo respondia por 68% dos casos de coronav\u00edrus no Brasil. Hoje, essa taxa caiu para 22%. Em rela\u00e7\u00e3o ao n\u00famero de \u00f3bitos, em 1\u00ba de abril, o estado tinha 68% dos \u00f3bitos por Covid-19 confirmados no pa\u00eds. Hoje s\u00e3o 26%. A queda foi atribu\u00edda ao sucesso das medidas de distanciamento social.<\/p>\n<p style=\"text-align: justify;\">O grande problema neste plano elaborado pelo governo estadual \u00e9 que algumas cidades do interior est\u00e3o se sentido prejudicadas e tamb\u00e9m as cidades da grande S\u00e3o Paulo, porque os administradores municipais s\u00e3o pressionados pelos comerciantes e pela popula\u00e7\u00e3o,\u00a0 sentindo o impacto econ\u00f4mico de falta de vendas e a autoridade mais pr\u00f3xima \u00e9 sempre o prefeito municipal.<\/p>\n<p style=\"text-align: justify;\">Os estudos cient\u00edficos mostram que para flexibiliza\u00e7\u00e3o da quarentena, com preserva\u00e7\u00e3o da economia, seria indispens\u00e1vel introduzir a testagem em massa da popula\u00e7\u00e3o,\u00a0 rastreamento dos infectados e isolamento das pessoas doentes, evitando contato com outras pessoas.<\/p>\n<p style=\"text-align: justify;\">A ideia de flexibilizar estrategicamente as cidades paulistas \u00e9 uma inciativa interessante, mas certamente as decis\u00f5es neste sentido sofrem muita influ\u00eancia pol\u00edtica, especialmente porque as autoridades federais nunca se alinharam aos governadores e prefeitos que escolheram o distanciamento social. Foi necess\u00e1rio um pronunciamento do Supremo Tribunal Federal, interpretando a Constitui\u00e7\u00e3o que prev\u00ea o compartilhamento de responsabilidades em assuntos de sa\u00fade entre a Uni\u00e3o, Estados, Munic\u00edpios e o Distrito Federal.<\/p>\n<p style=\"text-align: justify;\">O cabo de guerra criado pelo governo federal com os prefeitos e governadores dificultou a efici\u00eancia da quarentena imposta, porque a popula\u00e7\u00e3o ficou dividida entre uma palavra e outra e o que se viu, especialmente na cidade de S\u00e3o Paulo foi um rompimento da quarentena, com aberturas de pequenos com\u00e9rcios e a popula\u00e7\u00e3o voltando a frequentar os ambientes com aglomera\u00e7\u00e3o de pessoas.<\/p>\n<p style=\"text-align: justify;\">A pergunta da popula\u00e7\u00e3o, diante da insist\u00eancia do governo federal em reabrir o com\u00e9rcio \u201ccom uma canetada\u201d (express\u00e3o utilizada para mostrar que poderia baixar um decreto ou uma lei), se realmente as medidas impostas pelos governadores e prefeitos, especialmente do Estado de S\u00e3o Paulo, eram realmente necess\u00e1rias.<\/p>\n<p style=\"text-align: justify;\">Mesmo com a flexibiliza\u00e7\u00e3o da economia, importante manter os h\u00e1bitos de dist\u00e2ncia segura entre as pessoas, utiliza\u00e7\u00e3o de m\u00e1scaras, com cuidado para n\u00e3o tocar as m\u00e1scaras para evitar a contamina\u00e7\u00e3o e manter as m\u00e3os limpas com \u00e1gua e sab\u00e3o ou \u00e1lcool gel.<\/p>\n<p style=\"text-align: justify;\">Juntos somos mais fortes, juntos venceremos. O Brasil ir\u00e1 vencer o v\u00edrus. O Brasil precisa de todos n\u00f3s.<\/p>\n<p style=\"text-align: justify;\">Participe enviando d\u00favidas, coment\u00e1rios ou sugest\u00f5es para <a href=\"mailto:bcrcconsultoria@gmail.com\">bcrcnews.wixsite.com<\/a> e tamb\u00e9m no facebook, onde poder e ler este e outros artigos. At\u00e9 a pr\u00f3xima.<\/p>\n<p style=\"text-align: justify;\">*Formado em Direito pela Universidade Estadual de Direito do Norte Pioneiro em Jacarezinho e em Administra\u00e7\u00e3o de Empresas nas Faculdades Integradas de Ourinhos. MBA em Comunica\u00e7\u00e3o Corporativa pela Universidade Est\u00e1cio de S\u00e1(em curso) . S\u00f3cio s\u00eanior da BCRC Consultoria em Comunica\u00e7\u00e3o.<\/p>\n<p style=\"text-align: justify;\">** Revis\u00e3o e colabora\u00e7\u00e3o\u00a0 &#8211; Acad\u00eamico de Administra\u00e7\u00e3o de Empresas na UNICID.<\/p>\n<p>&nbsp;<\/p>\n","protected":false},"excerpt":{"rendered":"<p>SAINDO DO\u00a0 ISOLAMENTO&#8230;\u00a0 \u00a0 \u00a0 \u00a0 \u00a0 \u00a0 \u00a0 \u00a0 \u00a0 \u00a0 \u00a0 \u00a0 \u00a0 \u00a0 \u00a0 \u00a0 \u00a0 \u00a0 \u00a0 \u00a0 \u00a0 \u00a0 \u00a0 \u00a0 \u00a0 \u00a0 \u00a0 \u00a0 \u00a0 \u00a0 \u00a0 \u00a0 \u00a0 \u00a0 \u00a0 \u00a0 \u00a0 \u00a0 \u00a0 \u00a0 \u00a0 \u00a0 \u00a0 \u00a0 \u00a0 \u00a0 \u00a0 \u00a0\u00a0 \u00a0*CLAUDIVAL CLEMENTE. **CLAUDIVAL MOURA CLEMENTE [&hellip;]<\/p>\n","protected":false},"author":1,"featured_media":27141,"comment_status":"closed","ping_status":"open","sticky":false,"template":"","format":"standard","meta":{"footnotes":""},"categories":[175],"tags":[],"class_list":["post-27139","post","type-post","status-publish","format-standard","has-post-thumbnail","hentry","category-artigos"],"_links":{"self":[{"href":"https:\/\/jorgezanoni.com.br\/2019\/wp-json\/wp\/v2\/posts\/27139","targetHints":{"allow":["GET"]}}],"collection":[{"href":"https:\/\/jorgezanoni.com.br\/2019\/wp-json\/wp\/v2\/posts"}],"about":[{"href":"https:\/\/jorgezanoni.com.br\/2019\/wp-json\/wp\/v2\/types\/post"}],"author":[{"embeddable":true,"href":"https:\/\/jorgezanoni.com.br\/2019\/wp-json\/wp\/v2\/users\/1"}],"replies":[{"embeddable":true,"href":"https:\/\/jorgezanoni.com.br\/2019\/wp-json\/wp\/v2\/comments?post=27139"}],"version-history":[{"count":0,"href":"https:\/\/jorgezanoni.com.br\/2019\/wp-json\/wp\/v2\/posts\/27139\/revisions"}],"wp:featuredmedia":[{"embeddable":true,"href":"https:\/\/jorgezanoni.com.br\/2019\/wp-json\/wp\/v2\/media\/27141"}],"wp:attachment":[{"href":"https:\/\/jorgezanoni.com.br\/2019\/wp-json\/wp\/v2\/media?parent=27139"}],"wp:term":[{"taxonomy":"category","embeddable":true,"href":"https:\/\/jorgezanoni.com.br\/2019\/wp-json\/wp\/v2\/categories?post=27139"},{"taxonomy":"post_tag","embeddable":true,"href":"https:\/\/jorgezanoni.com.br\/2019\/wp-json\/wp\/v2\/tags?post=27139"}],"curies":[{"name":"wp","href":"https:\/\/api.w.org\/{rel}","templated":true}]}}