{"id":27128,"date":"2020-05-29T17:04:29","date_gmt":"2020-05-29T17:04:29","guid":{"rendered":"https:\/\/jorgezanoni.com.br\/2019\/?p=27128"},"modified":"2020-05-29T17:04:29","modified_gmt":"2020-05-29T17:04:29","slug":"dracena-tempersul-arrecada-mais-de-500-kg-de-alimentos-e-faz-a-entrega-da-campanha-futsal-faz-bem","status":"publish","type":"post","link":"https:\/\/jorgezanoni.com.br\/2019\/dracena-tempersul-arrecada-mais-de-500-kg-de-alimentos-e-faz-a-entrega-da-campanha-futsal-faz-bem\/","title":{"rendered":"Dracena Tempersul arrecada mais de 500 Kg de alimentos e faz a entrega da campanha &#8220;Futsal faz bem&#8221;"},"content":{"rendered":"<p style=\"font-weight: 400; text-align: justify;\"><strong>Dracena Tempersul arrecada mais de 500 Kg de alimentos<\/strong><\/p>\n<p style=\"font-weight: 400; text-align: justify;\">Em tempos de pandemia da Covid-19, fam\u00edlias carentes da Cidade Milagre ter\u00e3o um conforto maior com os mais de 500 Kg de alimentos arrecadados na campanha &#8220;Futsal faz bem&#8221;, promovida no munic\u00edpio pelo Dracena Tempersul Intelli.<\/p>\n<p style=\"font-weight: 400; text-align: justify;\">Mesmo com o tempo chuvoso, a popula\u00e7\u00e3o fez quest\u00e3o de enfrentar a garoa e comparecer na Pra\u00e7a Arthur Pagnozzi para doar os alimentos. Atletas e diretoria da equipe estiveram no local das 9h \u00e0s 12h.<\/p>\n<p style=\"font-weight: 400; text-align: justify;\">&#8220;\u00c9 muito gratificante poder retribuir um pouco do que a cidade de Dracena faz pelo futsal em campanhas como essa&#8221; disse o piv\u00f4 Vitinho. &#8220;Com os alimentos doados vamos ajudar fam\u00edlias carentes a passar por esse momento t\u00e3o delicado&#8221;, completou \u00a0o artilheiro.<\/p>\n<p style=\"font-weight: 400; text-align: justify;\">Para o presidente do Dracena Tempersul, Lucas Batista, &#8220;o futsal \u00e9 a modalidade profissional que movimenta a cidade e nada melhor que mobilizar os amantes da modalidade para fazer o bem&#8221;.<\/p>\n<p style=\"font-weight: 400; text-align: justify;\">Quem n\u00e3o conseguiu levar os alimentos na Pra\u00e7a Arthur Pagnozzi ainda pode contribuir. Basta contatar o Dracena Tempersul pelo Facebook e\/ou Instagram que a diretoria disponibilizar\u00e1 um ve\u00edculo para buscar os donativos. A entrega \u00e0s fam\u00edlias ser\u00e1 feita na pr\u00f3xima semana.<\/p>\n<p><img loading=\"lazy\" decoding=\"async\" class=\"alignnone size-full wp-image-27129\" src=\"https:\/\/jorgezanoni.com.br\/2019\/wp-content\/uploads\/2020\/05\/arre.jpg\" alt=\"\" width=\"700\" height=\"933\" srcset=\"https:\/\/jorgezanoni.com.br\/2019\/wp-content\/uploads\/2020\/05\/arre.jpg 700w, https:\/\/jorgezanoni.com.br\/2019\/wp-content\/uploads\/2020\/05\/arre-225x300.jpg 225w, https:\/\/jorgezanoni.com.br\/2019\/wp-content\/uploads\/2020\/05\/arre-696x928.jpg 696w, https:\/\/jorgezanoni.com.br\/2019\/wp-content\/uploads\/2020\/05\/arre-315x420.jpg 315w\" sizes=\"auto, (max-width: 700px) 100vw, 700px\" \/> <img loading=\"lazy\" decoding=\"async\" class=\"alignnone size-full wp-image-27130\" src=\"https:\/\/jorgezanoni.com.br\/2019\/wp-content\/uploads\/2020\/05\/arre1.jpg\" alt=\"\" width=\"700\" height=\"524\" srcset=\"https:\/\/jorgezanoni.com.br\/2019\/wp-content\/uploads\/2020\/05\/arre1.jpg 700w, https:\/\/jorgezanoni.com.br\/2019\/wp-content\/uploads\/2020\/05\/arre1-300x225.jpg 300w, https:\/\/jorgezanoni.com.br\/2019\/wp-content\/uploads\/2020\/05\/arre1-80x60.jpg 80w, https:\/\/jorgezanoni.com.br\/2019\/wp-content\/uploads\/2020\/05\/arre1-265x198.jpg 265w, https:\/\/jorgezanoni.com.br\/2019\/wp-content\/uploads\/2020\/05\/arre1-696x521.jpg 696w, https:\/\/jorgezanoni.com.br\/2019\/wp-content\/uploads\/2020\/05\/arre1-561x420.jpg 561w\" sizes=\"auto, (max-width: 700px) 100vw, 700px\" \/> <img loading=\"lazy\" decoding=\"async\" class=\"alignnone size-full wp-image-27131\" src=\"https:\/\/jorgezanoni.com.br\/2019\/wp-content\/uploads\/2020\/05\/arre2.jpg\" alt=\"\" width=\"700\" height=\"933\" srcset=\"https:\/\/jorgezanoni.com.br\/2019\/wp-content\/uploads\/2020\/05\/arre2.jpg 700w, https:\/\/jorgezanoni.com.br\/2019\/wp-content\/uploads\/2020\/05\/arre2-225x300.jpg 225w, https:\/\/jorgezanoni.com.br\/2019\/wp-content\/uploads\/2020\/05\/arre2-696x928.jpg 696w, https:\/\/jorgezanoni.com.br\/2019\/wp-content\/uploads\/2020\/05\/arre2-315x420.jpg 315w\" sizes=\"auto, (max-width: 700px) 100vw, 700px\" \/> <img loading=\"lazy\" decoding=\"async\" class=\"alignnone size-full wp-image-27132\" src=\"https:\/\/jorgezanoni.com.br\/2019\/wp-content\/uploads\/2020\/05\/arre3.jpg\" alt=\"\" width=\"700\" height=\"933\" srcset=\"https:\/\/jorgezanoni.com.br\/2019\/wp-content\/uploads\/2020\/05\/arre3.jpg 700w, https:\/\/jorgezanoni.com.br\/2019\/wp-content\/uploads\/2020\/05\/arre3-225x300.jpg 225w, https:\/\/jorgezanoni.com.br\/2019\/wp-content\/uploads\/2020\/05\/arre3-696x928.jpg 696w, https:\/\/jorgezanoni.com.br\/2019\/wp-content\/uploads\/2020\/05\/arre3-315x420.jpg 315w\" sizes=\"auto, (max-width: 700px) 100vw, 700px\" \/><\/p>\n<p style=\"font-weight: 400; text-align: justify;\"><strong>Dracena Tempersul entrega alimentos da campanha &#8220;Futsal faz bem&#8221;<\/strong><\/p>\n<p style=\"font-weight: 400; text-align: justify;\">&#8220;Foi muito gratificante ajudar as fam\u00edlias carentes&#8221;, assim definiu o piv\u00f4 Vitinho, atleta do Dracena Tempersul Intelli, que participou da entrega de cestas b\u00e1sicas arrecadadas na campanha &#8220;Futsal faz bem&#8221;, nesta quinta-feira (28).<\/p>\n<p style=\"font-weight: 400; text-align: justify;\">Junto dos alas Nen\u00ea e Dario e de membros da diretoria, o camisa 13 percorreu os bairros Jardim Brasil\u00e2ndia, Jardim Santa Clara, Jardim Vera Cruz e Parque Dracena para entregar os mais de 500 Kg em alimentos doados pela popula\u00e7\u00e3o ao longo das duas \u00faltimas semanas.<\/p>\n<p style=\"font-weight: 400; text-align: justify;\">A campanha &#8220;Futsal faz bem&#8221; foi uma iniciativa dos atletas das equipes da Liga Nacional de Futsal realizada simultaneamente em 21 cidades do pa\u00eds. Em Dracena, o ponto de recolhimento foi a Pra\u00e7a Arthur Pagnozzi.<\/p>\n<p style=\"font-weight: 400; text-align: justify;\">Para o presidente do Dracena Tempersul, Lucas, Batista, &#8220;ver o sorriso no rosto de quem est\u00e1 recebendo donativo n\u00e3o tem pre\u00e7o. Quero agradecer a todas as pessoas que ajudaram na campanha&#8221;.<\/p>\n<p style=\"font-weight: 400; text-align: justify;\">O mandat\u00e1rio da equipe tamb\u00e9m destacou que algumas pessoas manifestaram o interesse de ajudar numa pr\u00f3xima edi\u00e7\u00e3o da campanha e que futuramente organizar\u00e1 nova a\u00e7\u00e3o social.<\/p>\n<p style=\"text-align: justify;\"><img loading=\"lazy\" decoding=\"async\" class=\"alignnone size-full wp-image-27133\" src=\"https:\/\/jorgezanoni.com.br\/2019\/wp-content\/uploads\/2020\/05\/tem.jpg\" alt=\"\" width=\"800\" height=\"1067\" srcset=\"https:\/\/jorgezanoni.com.br\/2019\/wp-content\/uploads\/2020\/05\/tem.jpg 800w, https:\/\/jorgezanoni.com.br\/2019\/wp-content\/uploads\/2020\/05\/tem-225x300.jpg 225w, https:\/\/jorgezanoni.com.br\/2019\/wp-content\/uploads\/2020\/05\/tem-768x1024.jpg 768w, https:\/\/jorgezanoni.com.br\/2019\/wp-content\/uploads\/2020\/05\/tem-696x928.jpg 696w, https:\/\/jorgezanoni.com.br\/2019\/wp-content\/uploads\/2020\/05\/tem-315x420.jpg 315w\" sizes=\"auto, (max-width: 800px) 100vw, 800px\" \/> <img loading=\"lazy\" decoding=\"async\" class=\"alignnone size-full wp-image-27134\" src=\"https:\/\/jorgezanoni.com.br\/2019\/wp-content\/uploads\/2020\/05\/tem1.jpg\" alt=\"\" width=\"800\" height=\"1067\" srcset=\"https:\/\/jorgezanoni.com.br\/2019\/wp-content\/uploads\/2020\/05\/tem1.jpg 800w, https:\/\/jorgezanoni.com.br\/2019\/wp-content\/uploads\/2020\/05\/tem1-225x300.jpg 225w, https:\/\/jorgezanoni.com.br\/2019\/wp-content\/uploads\/2020\/05\/tem1-768x1024.jpg 768w, https:\/\/jorgezanoni.com.br\/2019\/wp-content\/uploads\/2020\/05\/tem1-696x928.jpg 696w, https:\/\/jorgezanoni.com.br\/2019\/wp-content\/uploads\/2020\/05\/tem1-315x420.jpg 315w\" sizes=\"auto, (max-width: 800px) 100vw, 800px\" \/> <img loading=\"lazy\" decoding=\"async\" class=\"alignnone size-full wp-image-27135\" src=\"https:\/\/jorgezanoni.com.br\/2019\/wp-content\/uploads\/2020\/05\/tem2.jpg\" alt=\"\" width=\"800\" height=\"1067\" srcset=\"https:\/\/jorgezanoni.com.br\/2019\/wp-content\/uploads\/2020\/05\/tem2.jpg 800w, https:\/\/jorgezanoni.com.br\/2019\/wp-content\/uploads\/2020\/05\/tem2-225x300.jpg 225w, https:\/\/jorgezanoni.com.br\/2019\/wp-content\/uploads\/2020\/05\/tem2-768x1024.jpg 768w, https:\/\/jorgezanoni.com.br\/2019\/wp-content\/uploads\/2020\/05\/tem2-696x928.jpg 696w, https:\/\/jorgezanoni.com.br\/2019\/wp-content\/uploads\/2020\/05\/tem2-315x420.jpg 315w\" sizes=\"auto, (max-width: 800px) 100vw, 800px\" \/> <img loading=\"lazy\" decoding=\"async\" class=\"alignnone size-full wp-image-27136\" src=\"https:\/\/jorgezanoni.com.br\/2019\/wp-content\/uploads\/2020\/05\/tem3.jpg\" alt=\"\" width=\"800\" height=\"1067\" srcset=\"https:\/\/jorgezanoni.com.br\/2019\/wp-content\/uploads\/2020\/05\/tem3.jpg 800w, https:\/\/jorgezanoni.com.br\/2019\/wp-content\/uploads\/2020\/05\/tem3-225x300.jpg 225w, https:\/\/jorgezanoni.com.br\/2019\/wp-content\/uploads\/2020\/05\/tem3-768x1024.jpg 768w, https:\/\/jorgezanoni.com.br\/2019\/wp-content\/uploads\/2020\/05\/tem3-696x928.jpg 696w, https:\/\/jorgezanoni.com.br\/2019\/wp-content\/uploads\/2020\/05\/tem3-315x420.jpg 315w\" sizes=\"auto, (max-width: 800px) 100vw, 800px\" \/> <img loading=\"lazy\" decoding=\"async\" class=\"alignnone size-full wp-image-27137\" src=\"https:\/\/jorgezanoni.com.br\/2019\/wp-content\/uploads\/2020\/05\/tem4.jpg\" alt=\"\" width=\"800\" height=\"1067\" srcset=\"https:\/\/jorgezanoni.com.br\/2019\/wp-content\/uploads\/2020\/05\/tem4.jpg 800w, https:\/\/jorgezanoni.com.br\/2019\/wp-content\/uploads\/2020\/05\/tem4-225x300.jpg 225w, https:\/\/jorgezanoni.com.br\/2019\/wp-content\/uploads\/2020\/05\/tem4-768x1024.jpg 768w, https:\/\/jorgezanoni.com.br\/2019\/wp-content\/uploads\/2020\/05\/tem4-696x928.jpg 696w, https:\/\/jorgezanoni.com.br\/2019\/wp-content\/uploads\/2020\/05\/tem4-315x420.jpg 315w\" sizes=\"auto, (max-width: 800px) 100vw, 800px\" \/>Fonte: Assessoria de Imprensa<\/p>\n","protected":false},"excerpt":{"rendered":"<p>Dracena Tempersul arrecada mais de 500 Kg de alimentos Em tempos de pandemia da Covid-19, fam\u00edlias carentes da Cidade Milagre ter\u00e3o um conforto maior com os mais de 500 Kg de alimentos arrecadados na campanha &#8220;Futsal faz bem&#8221;, promovida no munic\u00edpio pelo Dracena Tempersul Intelli. Mesmo com o tempo chuvoso, a popula\u00e7\u00e3o fez quest\u00e3o de [&hellip;]<\/p>\n","protected":false},"author":1,"featured_media":27131,"comment_status":"closed","ping_status":"open","sticky":false,"template":"","format":"standard","meta":{"footnotes":""},"categories":[111,118],"tags":[],"class_list":["post-27128","post","type-post","status-publish","format-standard","has-post-thumbnail","hentry","category-esporteecultura","category-religiaoesolidariedade"],"_links":{"self":[{"href":"https:\/\/jorgezanoni.com.br\/2019\/wp-json\/wp\/v2\/posts\/27128","targetHints":{"allow":["GET"]}}],"collection":[{"href":"https:\/\/jorgezanoni.com.br\/2019\/wp-json\/wp\/v2\/posts"}],"about":[{"href":"https:\/\/jorgezanoni.com.br\/2019\/wp-json\/wp\/v2\/types\/post"}],"author":[{"embeddable":true,"href":"https:\/\/jorgezanoni.com.br\/2019\/wp-json\/wp\/v2\/users\/1"}],"replies":[{"embeddable":true,"href":"https:\/\/jorgezanoni.com.br\/2019\/wp-json\/wp\/v2\/comments?post=27128"}],"version-history":[{"count":0,"href":"https:\/\/jorgezanoni.com.br\/2019\/wp-json\/wp\/v2\/posts\/27128\/revisions"}],"wp:featuredmedia":[{"embeddable":true,"href":"https:\/\/jorgezanoni.com.br\/2019\/wp-json\/wp\/v2\/media\/27131"}],"wp:attachment":[{"href":"https:\/\/jorgezanoni.com.br\/2019\/wp-json\/wp\/v2\/media?parent=27128"}],"wp:term":[{"taxonomy":"category","embeddable":true,"href":"https:\/\/jorgezanoni.com.br\/2019\/wp-json\/wp\/v2\/categories?post=27128"},{"taxonomy":"post_tag","embeddable":true,"href":"https:\/\/jorgezanoni.com.br\/2019\/wp-json\/wp\/v2\/tags?post=27128"}],"curies":[{"name":"wp","href":"https:\/\/api.w.org\/{rel}","templated":true}]}}