{"id":27125,"date":"2020-05-29T16:27:39","date_gmt":"2020-05-29T16:27:39","guid":{"rendered":"https:\/\/jorgezanoni.com.br\/2019\/?p=27125"},"modified":"2020-05-29T16:27:39","modified_gmt":"2020-05-29T16:27:39","slug":"filho-descumpre-medida-protetiva-ameaca-o-proprio-pai-e-e-preso-em-dracena","status":"publish","type":"post","link":"https:\/\/jorgezanoni.com.br\/2019\/filho-descumpre-medida-protetiva-ameaca-o-proprio-pai-e-e-preso-em-dracena\/","title":{"rendered":"Filho descumpre medida protetiva, amea\u00e7a o pr\u00f3prio pai e \u00e9 preso em Dracena"},"content":{"rendered":"<p style=\"text-align: justify;\"><strong>AP\u00d3S DESCUMPRIR MEDIDA PROTETIVA E AMEA\u00c7AR O PR\u00d3PRIO PAI, FILHO \u00c9 PRESO EM DRACENA\/SP.<\/strong><\/p>\n<p style=\"text-align: justify;\">Na data de ontem (28) por volta das 21h41min, os Policiais Militares de Dracena, foram solicitados para atender ocorr\u00eancia de desintelig\u00eancia. Ao chegar ao local dos fatos foi constatado que o autor de 28 anos, \u00e9 usu\u00e1rio de drogas e ap\u00f3s pedir dinheiro para sua m\u00e3e para comprar mais entorpecente e como os fam<span class=\"text_exposed_show\">iliares n\u00e3o deram o dinheiro, o mesmo passou a amea\u00e7ar seu pai (vitima de 51 anos) de morte com uma faca. Vitima informou aos policiais que tem uma medida protetiva em desfavor do autor, onde diante disso, foi dada voz de pris\u00e3o ao autor por desobedi\u00eancia \u00e0 ordem judicial, sendo conduzido ao plant\u00e3o central onde permaneceu a disposi\u00e7\u00e3o da justi\u00e7a.<\/p>\n<p><a class=\"_58cn\" href=\"https:\/\/www.facebook.com\/hashtag\/25bpmi?__eep__=6&amp;epa=HASHTAG\" data-ft=\"{&quot;type&quot;:104,&quot;tn&quot;:&quot;*N&quot;}\">#25BPMI<\/a><br \/>\n<a class=\"_58cn\" href=\"https:\/\/www.facebook.com\/hashtag\/policiamilitarsp?__eep__=6&amp;epa=HASHTAG\" data-ft=\"{&quot;type&quot;:104,&quot;tn&quot;:&quot;*N&quot;}\">#POLICIAMILITARSP<\/a><br \/>\n<a class=\"_58cn\" href=\"https:\/\/www.facebook.com\/hashtag\/afor%C3%A7ap%C3%BAblicades%C3%A3opaulo?__eep__=6&amp;epa=HASHTAG\" data-ft=\"{&quot;type&quot;:104,&quot;tn&quot;:&quot;*N&quot;}\">#AFOR\u00c7AP\u00daBLICADES\u00c3OPAULO<\/a><br \/>\nCOMUNICA\u00c7\u00c3O SOCIAL DO 25\u00ba BPM\/I &#8211; Dracena e regi\u00e3o.<\/span><\/p>\n","protected":false},"excerpt":{"rendered":"<p>AP\u00d3S DESCUMPRIR MEDIDA PROTETIVA E AMEA\u00c7AR O PR\u00d3PRIO PAI, FILHO \u00c9 PRESO EM DRACENA\/SP. Na data de ontem (28) por volta das 21h41min, os Policiais Militares de Dracena, foram solicitados para atender ocorr\u00eancia de desintelig\u00eancia. Ao chegar ao local dos fatos foi constatado que o autor de 28 anos, \u00e9 usu\u00e1rio de drogas e ap\u00f3s [&hellip;]<\/p>\n","protected":false},"author":1,"featured_media":27126,"comment_status":"closed","ping_status":"open","sticky":false,"template":"","format":"standard","meta":{"footnotes":""},"categories":[110,2],"tags":[],"class_list":["post-27125","post","type-post","status-publish","format-standard","has-post-thumbnail","hentry","category-noticiasdestaque","category-policial"],"_links":{"self":[{"href":"https:\/\/jorgezanoni.com.br\/2019\/wp-json\/wp\/v2\/posts\/27125","targetHints":{"allow":["GET"]}}],"collection":[{"href":"https:\/\/jorgezanoni.com.br\/2019\/wp-json\/wp\/v2\/posts"}],"about":[{"href":"https:\/\/jorgezanoni.com.br\/2019\/wp-json\/wp\/v2\/types\/post"}],"author":[{"embeddable":true,"href":"https:\/\/jorgezanoni.com.br\/2019\/wp-json\/wp\/v2\/users\/1"}],"replies":[{"embeddable":true,"href":"https:\/\/jorgezanoni.com.br\/2019\/wp-json\/wp\/v2\/comments?post=27125"}],"version-history":[{"count":0,"href":"https:\/\/jorgezanoni.com.br\/2019\/wp-json\/wp\/v2\/posts\/27125\/revisions"}],"wp:featuredmedia":[{"embeddable":true,"href":"https:\/\/jorgezanoni.com.br\/2019\/wp-json\/wp\/v2\/media\/27126"}],"wp:attachment":[{"href":"https:\/\/jorgezanoni.com.br\/2019\/wp-json\/wp\/v2\/media?parent=27125"}],"wp:term":[{"taxonomy":"category","embeddable":true,"href":"https:\/\/jorgezanoni.com.br\/2019\/wp-json\/wp\/v2\/categories?post=27125"},{"taxonomy":"post_tag","embeddable":true,"href":"https:\/\/jorgezanoni.com.br\/2019\/wp-json\/wp\/v2\/tags?post=27125"}],"curies":[{"name":"wp","href":"https:\/\/api.w.org\/{rel}","templated":true}]}}