{"id":2712,"date":"2019-08-04T00:45:43","date_gmt":"2019-08-04T00:45:43","guid":{"rendered":"https:\/\/jorgezanoni.com.br\/2019\/?p=2712"},"modified":"2019-08-04T00:45:54","modified_gmt":"2019-08-04T00:45:54","slug":"policia-militar-prende-autor-de-estupro-de-vulneravel-em-monte-castelo","status":"publish","type":"post","link":"https:\/\/jorgezanoni.com.br\/2019\/policia-militar-prende-autor-de-estupro-de-vulneravel-em-monte-castelo\/","title":{"rendered":"Pol\u00edcia Militar prende autor de estupro de vulner\u00e1vel em Monte Castelo"},"content":{"rendered":"<p style=\"text-align: justify;\">A Policia Militar de Monte Castelo prendeu no final da tarde desta quarta-feira; 31, um agente penitenci\u00e1rio, 54, acusado pelo crime de estupro de vulner\u00e1vel. O crime ocorreu em uma \u00e1rea rural situada na estrada vicinal MCL 494.<\/p>\n<p style=\"text-align: justify;\">O flagrante ocorreu ap\u00f3s o Conselho Tutelar receber den\u00fancia da m\u00e3e das adolescentes.<\/p>\n<p style=\"text-align: justify;\">No local dos fatos os militares surpreenderam o autor sem roupas no interior de um ve\u00edculo com a adolescente de 13 anos, dando entendimento visual de pr\u00e1tica de sexo oral no autor. Outra adolescente de 16 anos aparece tamb\u00e9m na ocorr\u00eancia como v\u00edtima do autor.<\/p>\n<p style=\"text-align: justify;\">Diante das declara\u00e7\u00f5es das conselheiras tutelares foi dada voz de pris\u00e3o ao autor sendo ratificada a pris\u00e3o do mesmo e permanecendo o autor a disposi\u00e7\u00e3o da Justi\u00e7a.<\/p>\n<p>Foto Ilustrativa<\/p>\n","protected":false},"excerpt":{"rendered":"<p>A Policia Militar de Monte Castelo prendeu no final da tarde desta quarta-feira; 31, um agente penitenci\u00e1rio, 54, acusado pelo crime de estupro de vulner\u00e1vel. O crime ocorreu em uma \u00e1rea rural situada na estrada vicinal MCL 494. O flagrante ocorreu ap\u00f3s o Conselho Tutelar receber den\u00fancia da m\u00e3e das adolescentes. No local dos fatos [&hellip;]<\/p>\n","protected":false},"author":1,"featured_media":2713,"comment_status":"closed","ping_status":"open","sticky":false,"template":"","format":"standard","meta":{"footnotes":""},"categories":[110,2],"tags":[],"class_list":["post-2712","post","type-post","status-publish","format-standard","has-post-thumbnail","hentry","category-noticiasdestaque","category-policial"],"_links":{"self":[{"href":"https:\/\/jorgezanoni.com.br\/2019\/wp-json\/wp\/v2\/posts\/2712","targetHints":{"allow":["GET"]}}],"collection":[{"href":"https:\/\/jorgezanoni.com.br\/2019\/wp-json\/wp\/v2\/posts"}],"about":[{"href":"https:\/\/jorgezanoni.com.br\/2019\/wp-json\/wp\/v2\/types\/post"}],"author":[{"embeddable":true,"href":"https:\/\/jorgezanoni.com.br\/2019\/wp-json\/wp\/v2\/users\/1"}],"replies":[{"embeddable":true,"href":"https:\/\/jorgezanoni.com.br\/2019\/wp-json\/wp\/v2\/comments?post=2712"}],"version-history":[{"count":0,"href":"https:\/\/jorgezanoni.com.br\/2019\/wp-json\/wp\/v2\/posts\/2712\/revisions"}],"wp:featuredmedia":[{"embeddable":true,"href":"https:\/\/jorgezanoni.com.br\/2019\/wp-json\/wp\/v2\/media\/2713"}],"wp:attachment":[{"href":"https:\/\/jorgezanoni.com.br\/2019\/wp-json\/wp\/v2\/media?parent=2712"}],"wp:term":[{"taxonomy":"category","embeddable":true,"href":"https:\/\/jorgezanoni.com.br\/2019\/wp-json\/wp\/v2\/categories?post=2712"},{"taxonomy":"post_tag","embeddable":true,"href":"https:\/\/jorgezanoni.com.br\/2019\/wp-json\/wp\/v2\/tags?post=2712"}],"curies":[{"name":"wp","href":"https:\/\/api.w.org\/{rel}","templated":true}]}}