{"id":27058,"date":"2020-05-28T23:40:21","date_gmt":"2020-05-28T23:40:21","guid":{"rendered":"https:\/\/jorgezanoni.com.br\/2019\/?p=27058"},"modified":"2020-05-28T23:40:21","modified_gmt":"2020-05-28T23:40:21","slug":"com-mais-seis-resultados-positivos-presidente-prudente-passa-de-130-confirmacoes-do-novo-coronavirus","status":"publish","type":"post","link":"https:\/\/jorgezanoni.com.br\/2019\/com-mais-seis-resultados-positivos-presidente-prudente-passa-de-130-confirmacoes-do-novo-coronavirus\/","title":{"rendered":"Com mais seis resultados positivos, Presidente Prudente passa de 130 confirma\u00e7\u00f5es do novo coronav\u00edrus"},"content":{"rendered":"<h2 class=\"content-head__subtitle\" style=\"text-align: justify;\"><strong>Entre os novos pacientes h\u00e1 um menino de seis anos. Boletim oficial aponta que 20 pessoas est\u00e3o hospitalizadas.<\/strong><\/h2>\n<div class=\"mc-column content-text active-extra-styles \" data-block-type=\"unstyled\" data-block-weight=\"42\" data-block-id=\"2\">\n<p class=\"content-text__container \" style=\"text-align: justify;\" data-track-category=\"Link no Texto\" data-track-links=\"\">A Vigil\u00e2ncia Epidemiol\u00f3gica Municipal de\u00a0<a href=\"https:\/\/g1.globo.com\/sp\/presidente-prudente-regiao\/cidade\/presidente-prudente\/\">Presidente Prudente<\/a>\u00a0(VEM) recebeu mais 13 exames de coronav\u00edrus do Instituto Adolfo Lutz ou de laborat\u00f3rios conveniados ao \u00f3rg\u00e3o. Nesta quinta-feira (28), s\u00e3o sete negativos e seis positivos. Com isso, Presidente Prudente contabiliza 135 confirma\u00e7\u00f5es de Covid-19.<\/p>\n<\/div>\n<div class=\"wall protected-content\">\n<div class=\"mc-column content-text active-extra-styles \" style=\"text-align: justify;\" data-block-type=\"unstyled\" data-block-weight=\"91\" data-block-id=\"3\">\n<p class=\"content-text__container \" data-track-category=\"Link no Texto\" data-track-links=\"\">Os casos desta quinta-feira foram confirmados em uma mulher de 58 anos, que apresentou sintomas na \u00faltima sexta-feira (22), e em um menino de seis anos, cujos sintomas tiveram in\u00edcio no dia 20. Os demais foram registrados em homens, sendo um de 31 anos, com sintomas na \u00faltima sexta-feira, um de 33 anos, com in\u00edcio dos sintomas no dia 16, um de 61 anos, com sintomas no dia 15, e um de 49 anos, com in\u00edcio dos sintomas no dia 15 de abril. Todos seguem em isolamento social, segundo a Prefeitura.<\/p>\n<\/div>\n<div class=\"mc-column content-text active-extra-styles \" style=\"text-align: justify;\" data-block-type=\"unstyled\" data-block-weight=\"29\" data-block-id=\"4\">\n<p class=\"content-text__container \" data-track-category=\"Link no Texto\" data-track-links=\"\">O boletim oficial, atualizado \u00e0s 17h33, aponta que 20 pessoas est\u00e3o hospitalizadas, sete delas em Unidade de Terapia Intensiva (UTI). Entre os pacientes internados h\u00e1 casos confirmados e suspeitos.<\/p>\n<\/div>\n<div class=\"mc-column content-text active-extra-styles \" style=\"text-align: justify;\" data-block-type=\"unstyled\" data-block-weight=\"16\" data-block-id=\"5\">\n<p class=\"content-text__container \" data-track-category=\"Link no Texto\" data-track-links=\"\">De acordo com a VEM, 39 pessoas aguardam resultados de exames para diagn\u00f3stico do novo coronav\u00edrus.<\/p>\n<\/div>\n<div class=\"mc-column content-text active-extra-styles \" style=\"text-align: justify;\" data-block-type=\"unstyled\" data-block-weight=\"16\" data-block-id=\"6\">\n<p class=\"content-text__container \" data-track-category=\"Link no Texto\" data-track-links=\"\">O balan\u00e7o oficial ainda indica 765 notifica\u00e7\u00f5es da doen\u00e7a. Desse total, 591 apontaram negativo para Covid-19.<\/p>\n<\/div>\n<div class=\"mc-column content-text active-extra-styles \" data-block-type=\"unstyled\" data-block-weight=\"13\" data-block-id=\"7\">\n<p class=\"content-text__container \" style=\"text-align: justify;\" data-track-category=\"Link no Texto\" data-track-links=\"\">Presidente Prudente tem dez mortes confirmadas pelo novo coronav\u00edrus e 79 pessoas curadas.<\/p>\n<p style=\"text-align: justify;\" data-track-category=\"Link no Texto\" data-track-links=\"\">Fonte: https:\/\/g1.globo.com\/sp\/presidente-prudente-regiao\/noticia\/2020\/05\/28\/com-mais-seis-resultados-positivos-presidente-prudente-passa-de-130-confirmacoes-do-novo-coronavirus.ghtml<\/p>\n<\/div>\n<\/div>\n","protected":false},"excerpt":{"rendered":"<p>Entre os novos pacientes h\u00e1 um menino de seis anos. Boletim oficial aponta que 20 pessoas est\u00e3o hospitalizadas. A Vigil\u00e2ncia Epidemiol\u00f3gica Municipal de\u00a0Presidente Prudente\u00a0(VEM) recebeu mais 13 exames de coronav\u00edrus do Instituto Adolfo Lutz ou de laborat\u00f3rios conveniados ao \u00f3rg\u00e3o. Nesta quinta-feira (28), s\u00e3o sete negativos e seis positivos. Com isso, Presidente Prudente contabiliza 135 [&hellip;]<\/p>\n","protected":false},"author":1,"featured_media":27059,"comment_status":"closed","ping_status":"open","sticky":false,"template":"","format":"standard","meta":{"footnotes":""},"categories":[110,122],"tags":[],"class_list":["post-27058","post","type-post","status-publish","format-standard","has-post-thumbnail","hentry","category-noticiasdestaque","category-saudeeducacaoeconcurso"],"_links":{"self":[{"href":"https:\/\/jorgezanoni.com.br\/2019\/wp-json\/wp\/v2\/posts\/27058","targetHints":{"allow":["GET"]}}],"collection":[{"href":"https:\/\/jorgezanoni.com.br\/2019\/wp-json\/wp\/v2\/posts"}],"about":[{"href":"https:\/\/jorgezanoni.com.br\/2019\/wp-json\/wp\/v2\/types\/post"}],"author":[{"embeddable":true,"href":"https:\/\/jorgezanoni.com.br\/2019\/wp-json\/wp\/v2\/users\/1"}],"replies":[{"embeddable":true,"href":"https:\/\/jorgezanoni.com.br\/2019\/wp-json\/wp\/v2\/comments?post=27058"}],"version-history":[{"count":0,"href":"https:\/\/jorgezanoni.com.br\/2019\/wp-json\/wp\/v2\/posts\/27058\/revisions"}],"wp:featuredmedia":[{"embeddable":true,"href":"https:\/\/jorgezanoni.com.br\/2019\/wp-json\/wp\/v2\/media\/27059"}],"wp:attachment":[{"href":"https:\/\/jorgezanoni.com.br\/2019\/wp-json\/wp\/v2\/media?parent=27058"}],"wp:term":[{"taxonomy":"category","embeddable":true,"href":"https:\/\/jorgezanoni.com.br\/2019\/wp-json\/wp\/v2\/categories?post=27058"},{"taxonomy":"post_tag","embeddable":true,"href":"https:\/\/jorgezanoni.com.br\/2019\/wp-json\/wp\/v2\/tags?post=27058"}],"curies":[{"name":"wp","href":"https:\/\/api.w.org\/{rel}","templated":true}]}}