{"id":27055,"date":"2020-05-28T22:38:54","date_gmt":"2020-05-28T22:38:54","guid":{"rendered":"https:\/\/jorgezanoni.com.br\/2019\/?p=27055"},"modified":"2020-05-28T22:38:54","modified_gmt":"2020-05-28T22:38:54","slug":"novo-boletim-confirma-mais-17-casos-de-covid-19-em-apenas-um-dia-em-marilia","status":"publish","type":"post","link":"https:\/\/jorgezanoni.com.br\/2019\/novo-boletim-confirma-mais-17-casos-de-covid-19-em-apenas-um-dia-em-marilia\/","title":{"rendered":"Novo boletim confirma mais 17 casos de Covid-19 em apenas um dia em Marilia"},"content":{"rendered":"<h1 style=\"text-align: justify;\"><strong>Evolu\u00e7\u00e3o dos casos confirmados de Covid-19 em Mar\u00edlia. Informa\u00e7\u00f5es s\u00e3o dos boletins epidemiol\u00f3gicos da Prefeitura.<\/strong><\/h1>\n<p style=\"text-align: justify;\">Mar\u00edlia confirmou nesta quinta-feira (28) mais 17 casos de Covid-19 e agora soma 83 pacientes com exames positivos para a doen\u00e7a. \u00c9 o maior avan\u00e7o na quantidade de confirma\u00e7\u00f5es do novo coronav\u00edrus j\u00e1 registrado na cidade em 24 horas.<\/p>\n<p style=\"text-align: justify;\">O novo boletim mostra que a dissemina\u00e7\u00e3o local est\u00e1 em franca acelera\u00e7\u00e3o.<\/p>\n<p style=\"text-align: justify;\">Entre os resultados positivos, 34 s\u00e3o considerados curados e 48 est\u00e3o na fase de transmiss\u00e3o. No momento s\u00e3o nove marilienses internados, um deles confirmado para Covid-19 e outros oito com suspeita para a doen\u00e7a.<\/p>\n<p style=\"text-align: justify;\">Segundo o mais recente boletim epidemiol\u00f3gico, 25 casos suspeitos aguardam resultado de exames.<\/p>\n<p style=\"text-align: justify;\">A cidade segue com um \u00f3bito confirmado para o novo coronav\u00edrus e agora nenhuma morte suspeita est\u00e1 registrada. O caso envolvendo o falecimento de uma menina de 10 anos\u00a0<a href=\"https:\/\/marilianoticia.com.br\/suspeita-de-morte-de-crianca-por-covid-19-e-descartada\/\" target=\"_blank\" rel=\"noopener noreferrer\">deu negativo para a doen\u00e7a<\/a>.<\/p>\n<p style=\"text-align: justify;\">Ao todo a Vigil\u00e2ncia Epidemiol\u00f3gica da Secretaria da Sa\u00fade de Mar\u00edlia j\u00e1 recebeu 385 notifica\u00e7\u00f5es sobre poss\u00edveis ocorr\u00eancias da Covid-19 e 277 casos acabaram descartados.<\/p>\n<p style=\"text-align: justify;\"><strong>Acelera\u00e7\u00e3o<\/strong><\/p>\n<p style=\"text-align: justify;\">O gr\u00e1fico acima, elaborado pelo\u00a0<strong>Mar\u00edlia Not\u00edcia<\/strong>, mostra a progress\u00e3o da doen\u00e7a no decorrer do tempo.<\/p>\n<p style=\"text-align: justify;\">A linha desenhada apresenta agora a chamada curva ascendente \u2013 bastante inclinada, o que representa o aumento brusco no n\u00famero de casos positivos nos \u00faltimos dias.<\/p>\n<p style=\"text-align: justify;\">Desde a confirma\u00e7\u00e3o do primeiro caso positivo em Mar\u00edlia, em 31 de mar\u00e7o, se passaram 58 dias.<\/p>\n<p style=\"text-align: justify;\">Para a quantidade de casos confirmados na cidade chegar a 10 e depois dobrar para 20 e em seguida para 40, foram 18 dias em cada patamar. Agora, o salto de 40 para 80 casos positivos levou apenas oito dias.<\/p>\n<p style=\"text-align: justify;\">S\u00f3 em maio o total de pacientes com Covid-19 mais do que quadruplicou at\u00e9 agora, saltando de 19 para 83 ocorr\u00eancias.<\/p>\n<p style=\"text-align: justify;\">Fonte: https:\/\/marilianoticia.com.br\/<\/p>\n","protected":false},"excerpt":{"rendered":"<p>Evolu\u00e7\u00e3o dos casos confirmados de Covid-19 em Mar\u00edlia. Informa\u00e7\u00f5es s\u00e3o dos boletins epidemiol\u00f3gicos da Prefeitura. Mar\u00edlia confirmou nesta quinta-feira (28) mais 17 casos de Covid-19 e agora soma 83 pacientes com exames positivos para a doen\u00e7a. \u00c9 o maior avan\u00e7o na quantidade de confirma\u00e7\u00f5es do novo coronav\u00edrus j\u00e1 registrado na cidade em 24 horas. O [&hellip;]<\/p>\n","protected":false},"author":1,"featured_media":27056,"comment_status":"closed","ping_status":"open","sticky":false,"template":"","format":"standard","meta":{"footnotes":""},"categories":[110,122],"tags":[],"class_list":["post-27055","post","type-post","status-publish","format-standard","has-post-thumbnail","hentry","category-noticiasdestaque","category-saudeeducacaoeconcurso"],"_links":{"self":[{"href":"https:\/\/jorgezanoni.com.br\/2019\/wp-json\/wp\/v2\/posts\/27055","targetHints":{"allow":["GET"]}}],"collection":[{"href":"https:\/\/jorgezanoni.com.br\/2019\/wp-json\/wp\/v2\/posts"}],"about":[{"href":"https:\/\/jorgezanoni.com.br\/2019\/wp-json\/wp\/v2\/types\/post"}],"author":[{"embeddable":true,"href":"https:\/\/jorgezanoni.com.br\/2019\/wp-json\/wp\/v2\/users\/1"}],"replies":[{"embeddable":true,"href":"https:\/\/jorgezanoni.com.br\/2019\/wp-json\/wp\/v2\/comments?post=27055"}],"version-history":[{"count":0,"href":"https:\/\/jorgezanoni.com.br\/2019\/wp-json\/wp\/v2\/posts\/27055\/revisions"}],"wp:featuredmedia":[{"embeddable":true,"href":"https:\/\/jorgezanoni.com.br\/2019\/wp-json\/wp\/v2\/media\/27056"}],"wp:attachment":[{"href":"https:\/\/jorgezanoni.com.br\/2019\/wp-json\/wp\/v2\/media?parent=27055"}],"wp:term":[{"taxonomy":"category","embeddable":true,"href":"https:\/\/jorgezanoni.com.br\/2019\/wp-json\/wp\/v2\/categories?post=27055"},{"taxonomy":"post_tag","embeddable":true,"href":"https:\/\/jorgezanoni.com.br\/2019\/wp-json\/wp\/v2\/tags?post=27055"}],"curies":[{"name":"wp","href":"https:\/\/api.w.org\/{rel}","templated":true}]}}