{"id":27052,"date":"2020-05-28T22:25:08","date_gmt":"2020-05-28T22:25:08","guid":{"rendered":"https:\/\/jorgezanoni.com.br\/2019\/?p=27052"},"modified":"2020-05-28T22:25:08","modified_gmt":"2020-05-28T22:25:08","slug":"casos-de-coronavirus-e-numero-de-mortes-no-brasil-em-28-de-maio","status":"publish","type":"post","link":"https:\/\/jorgezanoni.com.br\/2019\/casos-de-coronavirus-e-numero-de-mortes-no-brasil-em-28-de-maio\/","title":{"rendered":"Casos de coronav\u00edrus e n\u00famero de mortes no Brasil em 28 de maio"},"content":{"rendered":"<h2 class=\"content-head__subtitle\" style=\"text-align: justify;\"><strong>As secretarias estaduais de Sa\u00fade confirmam no pa\u00eds 419.340 casos do novo coronav\u00edrus (Sars-CoV-2), com 25.945 mortes. Pelo menos 192.302 pacientes se recuperaram.<\/strong><\/h2>\n<div class=\"mc-column content-text active-extra-styles active-capital-letter\" data-block-type=\"unstyled\" data-block-weight=\"47\" data-block-id=\"1\">\n<p class=\"content-text__container theme-color-primary-first-letter\" style=\"text-align: justify;\" data-track-category=\"Link no Texto\" data-track-links=\"\">Veja os dados sobre o\u00a0<a href=\"https:\/\/g1.globo.com\/bemestar\/coronavirus\/\">coronav\u00edrus\u00a0<\/a>no Brasil nesta quinta-feira (28), segundo levantamento exclusivo do\u00a0<strong>G1\u00a0<\/strong>junto \u00e0s secretarias estaduais de sa\u00fade. Foram registradas<strong>\u00a025.945 mortes\u00a0<\/strong>provocadas pela\u00a0<strong>Covid-19<\/strong>\u00a0e\u00a0<strong>419.340 casos confirmados<\/strong>\u00a0da doen\u00e7a em todo o pa\u00eds. Pelo menos\u00a0<strong>192.302 pacientes<\/strong>\u00a0se recuperaram.<\/p>\n<\/div>\n<div class=\"wall protected-content\">\n<div class=\"mc-column content-text active-extra-styles \" style=\"text-align: justify;\" data-block-type=\"unstyled\" data-block-weight=\"36\" data-block-id=\"2\">\n<p class=\"content-text__container \" data-track-category=\"Link no Texto\" data-track-links=\"\">O balan\u00e7o do<a href=\"https:\/\/g1.globo.com\/bemestar\/coronavirus\/noticia\/2020\/05\/10\/brasil-tem-11123-mortes-por-coronavirus-diz-ministerio.ghtml\">\u00a0<\/a>Minist\u00e9rio da Sa\u00fade desta quarta-feira (27) informa<a href=\"https:\/\/g1.globo.com\/bemestar\/coronavirus\/noticia\/2020\/05\/24\/brasil-tem-22666-mortes-pelo-novo-coronavirus-diz-ministerio.ghtml\">\u00a0<\/a><a href=\"https:\/\/g1.globo.com\/bemestar\/coronavirus\/noticia\/2020\/05\/27\/brasil-tem-25598-mortes-causadas-pelo-novo-coronavirus-aponta-boletim-do-ministerio-da-saude.ghtml\">25.598 mortos e 411.821 casos<\/a>. O Brasil \u00e9 o\u00a0<strong>segundo pa\u00eds no mundo<\/strong>\u00a0com o maior n\u00famero de casos confirmados da doen\u00e7a, atr\u00e1s dos Estados Unidos.<\/p>\n<\/div>\n<div class=\"mc-column content-text active-extra-styles \" data-block-type=\"unstyled\" data-block-weight=\"10\" data-block-id=\"3\">\n<p class=\"content-text__container \" style=\"text-align: justify;\" data-track-category=\"Link no Texto\" data-track-links=\"\"><a href=\"https:\/\/especiais.g1.globo.com\/bemestar\/coronavirus\/mapa-coronavirus\/#\/\" target=\"_blank\" rel=\"noopener noreferrer\">Consulte aqui quantos casos e mortes h\u00e1 em sua cidade<\/a>.<\/p>\n<p style=\"text-align: justify;\" data-track-category=\"Link no Texto\" data-track-links=\"\">Fonte: https:\/\/g1.globo.com\/bemestar\/coronavirus\/noticia\/2020\/05\/28\/casos-de-coronavirus-e-numero-de-mortes-no-brasil-em-28-de-maio.ghtml<\/p>\n<\/div>\n<\/div>\n","protected":false},"excerpt":{"rendered":"<p>As secretarias estaduais de Sa\u00fade confirmam no pa\u00eds 419.340 casos do novo coronav\u00edrus (Sars-CoV-2), com 25.945 mortes. Pelo menos 192.302 pacientes se recuperaram. Veja os dados sobre o\u00a0coronav\u00edrus\u00a0no Brasil nesta quinta-feira (28), segundo levantamento exclusivo do\u00a0G1\u00a0junto \u00e0s secretarias estaduais de sa\u00fade. Foram registradas\u00a025.945 mortes\u00a0provocadas pela\u00a0Covid-19\u00a0e\u00a0419.340 casos confirmados\u00a0da doen\u00e7a em todo o pa\u00eds. Pelo menos\u00a0192.302 pacientes\u00a0se [&hellip;]<\/p>\n","protected":false},"author":1,"featured_media":27053,"comment_status":"closed","ping_status":"open","sticky":false,"template":"","format":"standard","meta":{"footnotes":""},"categories":[110,122],"tags":[],"class_list":["post-27052","post","type-post","status-publish","format-standard","has-post-thumbnail","hentry","category-noticiasdestaque","category-saudeeducacaoeconcurso"],"_links":{"self":[{"href":"https:\/\/jorgezanoni.com.br\/2019\/wp-json\/wp\/v2\/posts\/27052","targetHints":{"allow":["GET"]}}],"collection":[{"href":"https:\/\/jorgezanoni.com.br\/2019\/wp-json\/wp\/v2\/posts"}],"about":[{"href":"https:\/\/jorgezanoni.com.br\/2019\/wp-json\/wp\/v2\/types\/post"}],"author":[{"embeddable":true,"href":"https:\/\/jorgezanoni.com.br\/2019\/wp-json\/wp\/v2\/users\/1"}],"replies":[{"embeddable":true,"href":"https:\/\/jorgezanoni.com.br\/2019\/wp-json\/wp\/v2\/comments?post=27052"}],"version-history":[{"count":0,"href":"https:\/\/jorgezanoni.com.br\/2019\/wp-json\/wp\/v2\/posts\/27052\/revisions"}],"wp:featuredmedia":[{"embeddable":true,"href":"https:\/\/jorgezanoni.com.br\/2019\/wp-json\/wp\/v2\/media\/27053"}],"wp:attachment":[{"href":"https:\/\/jorgezanoni.com.br\/2019\/wp-json\/wp\/v2\/media?parent=27052"}],"wp:term":[{"taxonomy":"category","embeddable":true,"href":"https:\/\/jorgezanoni.com.br\/2019\/wp-json\/wp\/v2\/categories?post=27052"},{"taxonomy":"post_tag","embeddable":true,"href":"https:\/\/jorgezanoni.com.br\/2019\/wp-json\/wp\/v2\/tags?post=27052"}],"curies":[{"name":"wp","href":"https:\/\/api.w.org\/{rel}","templated":true}]}}