{"id":27049,"date":"2020-05-28T22:09:58","date_gmt":"2020-05-28T22:09:58","guid":{"rendered":"https:\/\/jorgezanoni.com.br\/2019\/?p=27049"},"modified":"2020-05-28T22:09:58","modified_gmt":"2020-05-28T22:09:58","slug":"um-dia-apos-anuncio-de-flexibilizacao-sp-registra-recorde-de-6-382-novos-casos-de-coronavirus-em-24-horas-e-passa-de-95-mil-confirmacoes","status":"publish","type":"post","link":"https:\/\/jorgezanoni.com.br\/2019\/um-dia-apos-anuncio-de-flexibilizacao-sp-registra-recorde-de-6-382-novos-casos-de-coronavirus-em-24-horas-e-passa-de-95-mil-confirmacoes\/","title":{"rendered":"Um dia ap\u00f3s an\u00fancio de flexibiliza\u00e7\u00e3o, SP registra recorde de 6.382 novos casos de coronav\u00edrus em 24 horas e passa de 95 mil confirma\u00e7\u00f5es"},"content":{"rendered":"<h2 class=\"content-head__subtitle\" style=\"text-align: justify;\"><strong>Estado tamb\u00e9m contabilizou 268 mortes por Covid-19 em um dia nesta quinta-feira (28), chegando ao total de 6.980.<\/strong><\/h2>\n<div class=\"mc-column content-text active-extra-styles \" data-block-type=\"unstyled\" data-block-weight=\"58\" data-block-id=\"2\">\n<p class=\"content-text__container \" style=\"text-align: justify;\" data-track-category=\"Link no Texto\" data-track-links=\"\">O estado de S\u00e3o Paulo registrou nesta quinta-feira (28) o recorde de\u00a0<strong>6.382 novos casos confirmados\u00a0<\/strong>de coronav\u00edrus em 24 horas, chegando ao\u00a0<strong>total de 95.865<\/strong>, segundo dados da Secretaria Estadual da Sa\u00fade. O recorde acontece no dia seguinte ao que o governo de S\u00e3o Paulo\u00a0<a href=\"https:\/\/g1.globo.com\/sp\/sao-paulo\/noticia\/2020\/05\/27\/quarentena-em-sp-e-prorrogada-com-flexibilizacao-progressiva-em-diferentes-regioes-do-estado.ghtml\">anunciou a flexibiliza\u00e7\u00e3o gradual da quarentena para algumas regi\u00f5es do estado<\/a>.<\/p>\n<\/div>\n<div class=\"wall protected-content\">\n<div class=\"mc-column content-text active-extra-styles \" style=\"text-align: justify;\" data-block-type=\"unstyled\" data-block-weight=\"41\" data-block-id=\"3\">\n<p class=\"content-text__container \" data-track-category=\"Link no Texto\" data-track-links=\"\">As novas confirma\u00e7\u00f5es n\u00e3o significam, necessariamente, que as infec\u00e7\u00f5es aconteceram de um dia para o outro, mas sim que foram contabilizadas no sistema. No entanto, o<a href=\"https:\/\/g1.globo.com\/sp\/sao-paulo\/noticia\/2020\/05\/15\/sao-paulo-registra-4501-mortes-por-coronavirus-e-58247-casos-confirmados-da-doenca.ghtml\">\u00a0maior n\u00famero di\u00e1rio anterior havia sido de 4.092<\/a>, registado no dia 15 de maio.<\/p>\n<\/div>\n<div class=\"mc-column content-text active-extra-styles \" style=\"text-align: justify;\" data-block-type=\"unstyled\" data-block-weight=\"21\" data-block-id=\"4\">\n<p class=\"content-text__container \" data-track-category=\"Link no Texto\" data-track-links=\"\">Segundo a secretaria, tamb\u00e9m foram registradas\u00a0<strong>268 novas mortes por Covid-19<\/strong>\u00a0nas \u00faltimas 24 horas, chegando ao\u00a0<strong>total de 6.980<\/strong>.<\/p>\n<\/div>\n<div class=\"mc-column content-text active-extra-styles \" style=\"text-align: justify;\" data-block-type=\"unstyled\" data-block-weight=\"32\" data-block-id=\"5\">\n<p class=\"content-text__container \" data-track-category=\"Link no Texto\" data-track-links=\"\">O n\u00famero de pessoas internadas em hospitais estaduais para tratamento da doen\u00e7a continua alto. S\u00e3o\u00a0<strong>12,5 mil pacientes<\/strong>, sendo 4.701 em leitos de Unidade de Terapia intensiva (UTI) e 7.805 em enfermaria.<\/p>\n<\/div>\n<div class=\"mc-column content-text active-extra-styles \" style=\"text-align: justify;\" data-block-type=\"unstyled\" data-block-weight=\"33\" data-block-id=\"6\">\n<p class=\"content-text__container \" data-track-category=\"Link no Texto\" data-track-links=\"\">Em rela\u00e7\u00e3o \u00e0 quarta-feira (27), foi registrado aumento na taxa de ocupa\u00e7\u00e3o de leitos de UTI no estado, de 73,2% para\u00a0<strong>77,4%<\/strong>. A Grande S\u00e3o Paulo tamb\u00e9m teve aumento de 87,6% para 89,2%.<\/p>\n<\/div>\n<div class=\"mc-column content-text active-extra-styles \" style=\"text-align: justify;\" data-block-type=\"unstyled\" data-block-weight=\"62\" data-block-id=\"7\">\n<p class=\"content-text__container \" data-track-category=\"Link no Texto\" data-track-links=\"\">As medidas do sistema de sa\u00fade s\u00e3o agora utilizadas pelo governo como principal crit\u00e9rio no novo plano para definir quais munic\u00edpios poder\u00e3o flexibilizar as medidas de isolamento social. O c\u00e1lculo leva em considera\u00e7\u00e3o a capacidade hospitalar para cada 100 mil habitantes, ocupa\u00e7\u00e3o de leitos de UTI da rede p\u00fablica e privada, novas interna\u00e7\u00f5es, novos casos e novas mortes nos \u00faltimos 7 dias.<\/p>\n<\/div>\n<div class=\"mc-column content-text active-extra-styles \" style=\"text-align: justify;\" data-block-type=\"unstyled\" data-block-weight=\"49\" data-block-id=\"9\">\n<p class=\"content-text__container \" data-track-category=\"Link no Texto\" data-track-links=\"\">A\u00a0<a href=\"https:\/\/g1.globo.com\/sp\/sao-paulo\/noticia\/2020\/05\/27\/isolamento-social-cai-para-47percent-no-estado-de-sp-na-terca-feira-capital-vai-a-49percent.ghtml\">taxa de isolamento social<\/a>, que vinha sendo adotada pelos governos estadual e municipal como um dos principais crit\u00e9rios para defini\u00e7\u00e3o de medidas para conten\u00e7\u00e3o da doen\u00e7a &#8211; com \u00edndice m\u00ednimo de 55% &#8211; deixou de balizar as a\u00e7\u00f5es para flexibiliza\u00e7\u00e3o da quarentena com a reabertura gradual do com\u00e9rcio.<\/p>\n<\/div>\n<div class=\"mc-column content-text active-extra-styles \" style=\"text-align: justify;\" data-block-type=\"unstyled\" data-block-weight=\"49\" data-block-id=\"10\">\n<p class=\"content-text__container \" data-track-category=\"Link no Texto\" data-track-links=\"\">H\u00e1 uma semana, o governo do estado chegou a\u00a0<a href=\"https:\/\/g1.globo.com\/sp\/sao-paulo\/noticia\/2020\/05\/20\/governo-de-sp-preve-colapso-em-tres-semanas-e-abre-edital-para-contratar-1500-leitos-de-uti-da-rede-privada-para-casos-de-coronavirus.ghtml\">anunciar a contrata\u00e7\u00e3o de leitos da rede particular\u00a0<\/a>com a justificativa de que em tr\u00eas semanas aconteceria um colapso do sistema de sa\u00fade. No mesmo dia, o Secret\u00e1rio Municipal de Sa\u00fade, Edson Aparecido, tamb\u00e9m previu colapso no sistema da capital.<\/p>\n<\/div>\n<div class=\"mc-column content-text active-extra-styles \" style=\"text-align: justify;\" data-block-type=\"unstyled\" data-block-weight=\"45\" data-block-id=\"11\">\n<p class=\"content-text__container \" data-track-category=\"Link no Texto\" data-track-links=\"\">&#8220;Efetivamente se n\u00e3o avan\u00e7armos na taxa de isolamento, o sistema de sa\u00fade estar\u00e1 bastante estressado nos pr\u00f3ximos 15, 20 dias. N\u00f3s n\u00e3o temos mais limites para amplia\u00e7\u00e3o mesmo com aquisi\u00e7\u00e3o de leitos na \u00e1rea privada e de amplia\u00e7\u00e3o na \u00e1rea p\u00fablica&#8221;, disse Aparecido \u00e0 \u00e9poca.<\/p>\n<\/div>\n<div class=\"mc-column content-text active-extra-styles \" style=\"text-align: justify;\" data-block-type=\"unstyled\" data-block-weight=\"39\" data-block-id=\"12\">\n<p class=\"content-text__container \" data-track-category=\"Link no Texto\" data-track-links=\"\">Nesta quarta-feira, no entanto, o governo de S\u00e3o Paulo afirmou que as medidas de isolamento foram suficientes para<a href=\"https:\/\/g1.globo.com\/sp\/sao-paulo\/noticia\/2020\/05\/27\/isolamento-ajudou-a-diminuir-o-numero-de-mortes-por-coronavirus-em-sp-diz-governo.ghtml\">\u00a0desacelerar a contamina\u00e7\u00e3o<\/a>\u00a0e que as medidas de amplia\u00e7\u00e3o no sistema de sa\u00fade possibilitam a volta gradual de alguns setores.<\/p>\n<\/div>\n<div class=\"mc-column content-text active-extra-styles \" style=\"text-align: justify;\" data-block-type=\"unstyled\" data-block-weight=\"43\" data-block-id=\"13\">\n<p class=\"content-text__container \" data-track-category=\"Link no Texto\" data-track-links=\"\">Embora a capital tenha mantido \u00edndices mais altos de ocupa\u00e7\u00e3o de leitos,\u00a0<a href=\"https:\/\/g1.globo.com\/sp\/sao-paulo\/noticia\/2020\/05\/28\/9-hospitais-municipais-de-sao-paulo-tem-91percent-de-ocupacao-nos-leitos-de-uti-por-causa-da-covid.ghtml\">pr\u00f3ximos de 90%<\/a>, o prefeito Bruno Covas (PSDB) tamb\u00e9m afirmou nesta quinta-feira (28) que o esfor\u00e7o feito na cidade resultou na\u00a0<a href=\"https:\/\/g1.globo.com\/sp\/sao-paulo\/noticia\/2020\/05\/28\/prefeitura-de-sp-preve-taxa-de-contagio-por-covid-19-na-cidade-menor-de-1-no-inicio-de-junho.ghtml\">diminui\u00e7\u00e3o da taxa de transmiss\u00e3o da doen\u00e7a<\/a>\u00a0e estabiliza\u00e7\u00e3o.<\/p>\n<\/div>\n<div class=\"mc-column content-text active-extra-styles \" style=\"text-align: justify;\" data-block-type=\"unstyled\" data-block-weight=\"41\" data-block-id=\"14\">\n<p class=\"content-text__container \" data-track-category=\"Link no Texto\" data-track-links=\"\">A cidade de S\u00e3o Paulo foi classificada com a cor laranja no plano de reabertura, fase em que h\u00e1 a possibilidade de libera\u00e7\u00f5es com restri\u00e7\u00f5es a partir de 1\u00ba de junho de atividades imobili\u00e1rias, escrit\u00f3rios, concession\u00e1rias, com\u00e9rcio e shopping center.<\/p>\n<\/div>\n<div class=\"mc-column content-text active-extra-styles \" data-block-type=\"unstyled\" data-block-weight=\"21\" data-block-id=\"15\">\n<p class=\"content-text__container \" style=\"text-align: justify;\" data-track-category=\"Link no Texto\" data-track-links=\"\">Segundo Covas, a libera\u00e7\u00e3o s\u00f3 ser\u00e1 permitida ap\u00f3s\u00a0<a href=\"https:\/\/g1.globo.com\/sp\/sao-paulo\/noticia\/2020\/05\/28\/flexibilizacoes-em-sp-so-serao-permitidas-apos-apresentacao-de-protocolos-de-saude-e-aprovacao-da-prefeitura-afirma-covas.ghtml\">envio de protocolo pelos setores e aprova\u00e7\u00e3o da vigil\u00e2ncia sanit\u00e1ria<\/a>\u00a0da gest\u00e3o municipal.<\/p>\n<p style=\"text-align: justify;\" data-track-category=\"Link no Texto\" data-track-links=\"\">Fonte: https:\/\/g1.globo.com\/sp\/sao-paulo\/noticia\/2020\/05\/28\/um-dia-apos-anuncio-de-flexibilizacao-sp-registra-recorde-de-6382-novos-casos-de-coronavirus-em-24-horas-e-passa-de-95-mil-confirmacoes.ghtml<\/p>\n<\/div>\n<\/div>\n","protected":false},"excerpt":{"rendered":"<p>Estado tamb\u00e9m contabilizou 268 mortes por Covid-19 em um dia nesta quinta-feira (28), chegando ao total de 6.980. O estado de S\u00e3o Paulo registrou nesta quinta-feira (28) o recorde de\u00a06.382 novos casos confirmados\u00a0de coronav\u00edrus em 24 horas, chegando ao\u00a0total de 95.865, segundo dados da Secretaria Estadual da Sa\u00fade. O recorde acontece no dia seguinte ao [&hellip;]<\/p>\n","protected":false},"author":1,"featured_media":27050,"comment_status":"closed","ping_status":"open","sticky":false,"template":"","format":"standard","meta":{"footnotes":""},"categories":[110,122],"tags":[],"class_list":["post-27049","post","type-post","status-publish","format-standard","has-post-thumbnail","hentry","category-noticiasdestaque","category-saudeeducacaoeconcurso"],"_links":{"self":[{"href":"https:\/\/jorgezanoni.com.br\/2019\/wp-json\/wp\/v2\/posts\/27049","targetHints":{"allow":["GET"]}}],"collection":[{"href":"https:\/\/jorgezanoni.com.br\/2019\/wp-json\/wp\/v2\/posts"}],"about":[{"href":"https:\/\/jorgezanoni.com.br\/2019\/wp-json\/wp\/v2\/types\/post"}],"author":[{"embeddable":true,"href":"https:\/\/jorgezanoni.com.br\/2019\/wp-json\/wp\/v2\/users\/1"}],"replies":[{"embeddable":true,"href":"https:\/\/jorgezanoni.com.br\/2019\/wp-json\/wp\/v2\/comments?post=27049"}],"version-history":[{"count":0,"href":"https:\/\/jorgezanoni.com.br\/2019\/wp-json\/wp\/v2\/posts\/27049\/revisions"}],"wp:featuredmedia":[{"embeddable":true,"href":"https:\/\/jorgezanoni.com.br\/2019\/wp-json\/wp\/v2\/media\/27050"}],"wp:attachment":[{"href":"https:\/\/jorgezanoni.com.br\/2019\/wp-json\/wp\/v2\/media?parent=27049"}],"wp:term":[{"taxonomy":"category","embeddable":true,"href":"https:\/\/jorgezanoni.com.br\/2019\/wp-json\/wp\/v2\/categories?post=27049"},{"taxonomy":"post_tag","embeddable":true,"href":"https:\/\/jorgezanoni.com.br\/2019\/wp-json\/wp\/v2\/tags?post=27049"}],"curies":[{"name":"wp","href":"https:\/\/api.w.org\/{rel}","templated":true}]}}