{"id":27045,"date":"2020-05-28T15:19:57","date_gmt":"2020-05-28T15:19:57","guid":{"rendered":"https:\/\/jorgezanoni.com.br\/2019\/?p=27045"},"modified":"2020-05-28T15:19:57","modified_gmt":"2020-05-28T15:19:57","slug":"cachorro-desapareceu-do-bairro-jardim-das-palmeiras-ii","status":"publish","type":"post","link":"https:\/\/jorgezanoni.com.br\/2019\/cachorro-desapareceu-do-bairro-jardim-das-palmeiras-ii\/","title":{"rendered":"Cachorro desapareceu do bairro Jardim das Palmeiras II"},"content":{"rendered":"<p style=\"text-align: justify;\">Meu cachorrinho saiu pra dar uma volta e n\u00e3o voltou, parece que ele seguiu algu\u00e9m que estava passando em frente de casa.<br \/>\nEle tem 8 meses, \u00e9 porte m\u00e9dio e de cor amarelada, tem um coleira branca contra leishmaniose, \u00e9 bem brincalh\u00e3o e atende pelo nome de Milo.<br \/>\nDesapareceu no bairro Palmeiras 2, pr\u00f3ximo ao jesus materiais para constru\u00e7\u00e3o.<br \/>\nPor favor pe\u00e7o que compartilhem pra tentar encontr\u00e1-lo.<br \/>\nQuem achar entre em contato comigo pelo Facebook ou pelo n\u00famero (18) 997868773.<\/p>\n<p><img loading=\"lazy\" decoding=\"async\" class=\"alignnone size-full wp-image-27046\" src=\"https:\/\/jorgezanoni.com.br\/2019\/wp-content\/uploads\/2020\/05\/Carla.jpg\" alt=\"\" width=\"941\" height=\"841\" srcset=\"https:\/\/jorgezanoni.com.br\/2019\/wp-content\/uploads\/2020\/05\/Carla.jpg 941w, https:\/\/jorgezanoni.com.br\/2019\/wp-content\/uploads\/2020\/05\/Carla-300x268.jpg 300w, https:\/\/jorgezanoni.com.br\/2019\/wp-content\/uploads\/2020\/05\/Carla-768x686.jpg 768w, https:\/\/jorgezanoni.com.br\/2019\/wp-content\/uploads\/2020\/05\/Carla-696x622.jpg 696w, https:\/\/jorgezanoni.com.br\/2019\/wp-content\/uploads\/2020\/05\/Carla-470x420.jpg 470w\" sizes=\"auto, (max-width: 941px) 100vw, 941px\" \/><\/p>\n","protected":false},"excerpt":{"rendered":"<p>Meu cachorrinho saiu pra dar uma volta e n\u00e3o voltou, parece que ele seguiu algu\u00e9m que estava passando em frente de casa. Ele tem 8 meses, \u00e9 porte m\u00e9dio e de cor amarelada, tem um coleira branca contra leishmaniose, \u00e9 bem brincalh\u00e3o e atende pelo nome de Milo. Desapareceu no bairro Palmeiras 2, pr\u00f3ximo ao [&hellip;]<\/p>\n","protected":false},"author":1,"featured_media":27047,"comment_status":"closed","ping_status":"open","sticky":false,"template":"","format":"standard","meta":{"footnotes":""},"categories":[182],"tags":[],"class_list":["post-27045","post","type-post","status-publish","format-standard","has-post-thumbnail","hentry","category-classificadosachadoseperdidos"],"_links":{"self":[{"href":"https:\/\/jorgezanoni.com.br\/2019\/wp-json\/wp\/v2\/posts\/27045","targetHints":{"allow":["GET"]}}],"collection":[{"href":"https:\/\/jorgezanoni.com.br\/2019\/wp-json\/wp\/v2\/posts"}],"about":[{"href":"https:\/\/jorgezanoni.com.br\/2019\/wp-json\/wp\/v2\/types\/post"}],"author":[{"embeddable":true,"href":"https:\/\/jorgezanoni.com.br\/2019\/wp-json\/wp\/v2\/users\/1"}],"replies":[{"embeddable":true,"href":"https:\/\/jorgezanoni.com.br\/2019\/wp-json\/wp\/v2\/comments?post=27045"}],"version-history":[{"count":0,"href":"https:\/\/jorgezanoni.com.br\/2019\/wp-json\/wp\/v2\/posts\/27045\/revisions"}],"wp:featuredmedia":[{"embeddable":true,"href":"https:\/\/jorgezanoni.com.br\/2019\/wp-json\/wp\/v2\/media\/27047"}],"wp:attachment":[{"href":"https:\/\/jorgezanoni.com.br\/2019\/wp-json\/wp\/v2\/media?parent=27045"}],"wp:term":[{"taxonomy":"category","embeddable":true,"href":"https:\/\/jorgezanoni.com.br\/2019\/wp-json\/wp\/v2\/categories?post=27045"},{"taxonomy":"post_tag","embeddable":true,"href":"https:\/\/jorgezanoni.com.br\/2019\/wp-json\/wp\/v2\/tags?post=27045"}],"curies":[{"name":"wp","href":"https:\/\/api.w.org\/{rel}","templated":true}]}}