{"id":27042,"date":"2020-05-28T15:05:48","date_gmt":"2020-05-28T15:05:48","guid":{"rendered":"https:\/\/jorgezanoni.com.br\/2019\/?p=27042"},"modified":"2020-05-28T15:05:48","modified_gmt":"2020-05-28T15:05:48","slug":"homem-e-abordado-em-tupi-paulista-e-verificado-descumprimento-de-medida-cautelar","status":"publish","type":"post","link":"https:\/\/jorgezanoni.com.br\/2019\/homem-e-abordado-em-tupi-paulista-e-verificado-descumprimento-de-medida-cautelar\/","title":{"rendered":"Homem \u00e9 abordado em Tupi Paulista e verificado descumprimento de medida cautelar"},"content":{"rendered":"<h1 style=\"text-align: justify;\"><a href=\"https:\/\/25bpmi.blogspot.com\/2020\/05\/sempre-atentos-homem-e-abordado-em-tupi.html\" data-item-type=\"post\" data-id=\"7027405820502246231\">SEMPRE ATENTOS: HOMEM \u00c9 ABORDADO EM TUPI PAULISTA E VERIFICADO DESCUMPRIMENTO DE MEDIDA CAUTELAR.<\/a><\/h1>\n<p style=\"text-align: justify;\">Na data de ontem (27) por volta das 20h29min equipe da Pol\u00edcia Militar durante patrulhamento, deparou com motocicleta com dois ocupantes, sendo que ao verem a equipe da Pol\u00edcia Militar o passageiro se assustou e come\u00e7ou a olhar v\u00e1rias vezes para tr\u00e1s. Ao ser realizada a abordagem foi verificado que ambos possu\u00edam pris\u00f5es nos art. 157 e 155 do CP e art. 33 da Lei de Drogas, sendo que tamb\u00e9m o indiciado de 37 anos, passageiro da motocicleta, j\u00e1 foi preso por embriaguez ao volante, situa\u00e7\u00e3o essa que ele possui medida cautelar n\u00e3o podendo estar fora do seu domic\u00edlio no per\u00edodo noturno entre outras medidas.<\/p>\n<p style=\"text-align: justify;\"><strong>#25BPMI\u00a0\u00a0\u00a0\u00a0\u00a0\u00a0\u00a0\u00a0\u00a0\u00a0\u00a0\u00a0\u00a0\u00a0\u00a0\u00a0\u00a0<\/strong><\/p>\n<p style=\"text-align: justify;\"><strong>#POLICIAMILITARSP<\/strong><\/p>\n<p style=\"text-align: justify;\"><strong>#AFOR\u00c7AP\u00daBLICADES\u00c3OPAULO<\/strong><\/p>\n<p style=\"text-align: justify;\"><strong>COMUNICA\u00c7\u00c3O SOCIAL DO 25\u00ba BPM\/I &#8211; Dracena e regi\u00e3o.<\/strong><\/p>\n","protected":false},"excerpt":{"rendered":"<p>SEMPRE ATENTOS: HOMEM \u00c9 ABORDADO EM TUPI PAULISTA E VERIFICADO DESCUMPRIMENTO DE MEDIDA CAUTELAR. Na data de ontem (27) por volta das 20h29min equipe da Pol\u00edcia Militar durante patrulhamento, deparou com motocicleta com dois ocupantes, sendo que ao verem a equipe da Pol\u00edcia Militar o passageiro se assustou e come\u00e7ou a olhar v\u00e1rias vezes para [&hellip;]<\/p>\n","protected":false},"author":1,"featured_media":27043,"comment_status":"closed","ping_status":"open","sticky":false,"template":"","format":"standard","meta":{"footnotes":""},"categories":[110,2],"tags":[],"class_list":["post-27042","post","type-post","status-publish","format-standard","has-post-thumbnail","hentry","category-noticiasdestaque","category-policial"],"_links":{"self":[{"href":"https:\/\/jorgezanoni.com.br\/2019\/wp-json\/wp\/v2\/posts\/27042","targetHints":{"allow":["GET"]}}],"collection":[{"href":"https:\/\/jorgezanoni.com.br\/2019\/wp-json\/wp\/v2\/posts"}],"about":[{"href":"https:\/\/jorgezanoni.com.br\/2019\/wp-json\/wp\/v2\/types\/post"}],"author":[{"embeddable":true,"href":"https:\/\/jorgezanoni.com.br\/2019\/wp-json\/wp\/v2\/users\/1"}],"replies":[{"embeddable":true,"href":"https:\/\/jorgezanoni.com.br\/2019\/wp-json\/wp\/v2\/comments?post=27042"}],"version-history":[{"count":0,"href":"https:\/\/jorgezanoni.com.br\/2019\/wp-json\/wp\/v2\/posts\/27042\/revisions"}],"wp:featuredmedia":[{"embeddable":true,"href":"https:\/\/jorgezanoni.com.br\/2019\/wp-json\/wp\/v2\/media\/27043"}],"wp:attachment":[{"href":"https:\/\/jorgezanoni.com.br\/2019\/wp-json\/wp\/v2\/media?parent=27042"}],"wp:term":[{"taxonomy":"category","embeddable":true,"href":"https:\/\/jorgezanoni.com.br\/2019\/wp-json\/wp\/v2\/categories?post=27042"},{"taxonomy":"post_tag","embeddable":true,"href":"https:\/\/jorgezanoni.com.br\/2019\/wp-json\/wp\/v2\/tags?post=27042"}],"curies":[{"name":"wp","href":"https:\/\/api.w.org\/{rel}","templated":true}]}}