{"id":27039,"date":"2020-05-28T14:31:32","date_gmt":"2020-05-28T14:31:32","guid":{"rendered":"https:\/\/jorgezanoni.com.br\/2019\/?p=27039"},"modified":"2020-05-28T14:31:32","modified_gmt":"2020-05-28T14:31:32","slug":"supermercado-em-marilia-tem-13-funcionarios-com-covid-19","status":"publish","type":"post","link":"https:\/\/jorgezanoni.com.br\/2019\/supermercado-em-marilia-tem-13-funcionarios-com-covid-19\/","title":{"rendered":"Supermercado em Mar\u00edlia tem 13 funcion\u00e1rios com Covid-19"},"content":{"rendered":"<p style=\"text-align: justify;\"><strong>Mar\u00edlia tem 58 casos confirmados, 34 suspeitos e 34 curados da Covid-19. At\u00e9 o momento, foi confirmado um \u00f3bito, e outro est\u00e1 sob investiga\u00e7\u00e3o.<\/strong><\/p>\n<p style=\"text-align: justify;\">Um dos estabelecimentos da rede Confian\u00e7a de Supermercados em Mar\u00edlia, munic\u00edpio do interior de S\u00e3o Paulo, registrou um surto de 13 casos da Covid-19 entre os funcion\u00e1rios. A informa\u00e7\u00e3o foi divulgada pela Prefeitura nesta ter\u00e7a-feira (26), durante atualiza\u00e7\u00e3o do boletim epidemiol\u00f3gico da cidade, que tem agora 58 casos confirmados de contamina\u00e7\u00e3o pelo coronav\u00edrus.<\/p>\n<p style=\"text-align: justify;\">A identifica\u00e7\u00e3o do surto foi feita atrav\u00e9s de um funcion\u00e1rio, que testou positivo para a doen\u00e7a. Segundo o Secret\u00e1rio Municipal da Sa\u00fade, C\u00e1ssio Luiz Pinto J\u00fanior, a Vigil\u00e2ncia Sanit\u00e1ria e a Vigil\u00e2ncia Epidemiol\u00f3gica foram acionadas, e a equipe participou de uma reuni\u00e3o com os respons\u00e1veis pela loja, que cumpriram todas as exig\u00eancias para que as atividades continuem funcionando.<\/p>\n<p style=\"text-align: justify;\"><em>&#8220;Fomos informados no s\u00e1bado pelo laborat\u00f3rio e j\u00e1 nos dirigimos ao local, onde fomos prontamente atendidos pelo gerente. Todas as medidas foram executadas em tempo oportuno&#8221;<\/em>, esclareceu a Secretaria.<\/p>\n<p style=\"text-align: justify;\">Desde a \u00faltima quinta-feira (21), o departamento de sa\u00fade da rede de supermercados afastou os funcion\u00e1rios sintom\u00e1ticos e aqueles do grupo de risco. A empresa est\u00e1 testando todos os demais, mesmo os assintom\u00e1ticos.\u00a0<em>&#8220;Foi feito um plano de trabalho para que todas as empresas do mesmo setor tomem as medidas necess\u00e1rias para assegurar a prote\u00e7\u00e3o dos habitantes da nossa cidade&#8221;<\/em>, afirmou Pinto J\u00fanior.<\/p>\n<p style=\"text-align: justify;\">Imagens que circulam nas redes sociais mostram funcion\u00e1rios fazendo limpeza na unidade ao lado da Avenida das Esmeraldas, embora a Prefeitura n\u00e3o tenha confirmado o local exato.<\/p>\n<p style=\"text-align: justify;\">Mar\u00edlia tem 58 casos confirmados, 34 suspeitos e 34 curados da Covid-19. At\u00e9 o momento, foi confirmado um \u00f3bito, e outro est\u00e1 sob investiga\u00e7\u00e3o. Oito pessoas seguem internadas.<\/p>\n<p style=\"text-align: justify;\">Fonte: Jovem Pan Marilia<\/p>\n","protected":false},"excerpt":{"rendered":"<p>Mar\u00edlia tem 58 casos confirmados, 34 suspeitos e 34 curados da Covid-19. At\u00e9 o momento, foi confirmado um \u00f3bito, e outro est\u00e1 sob investiga\u00e7\u00e3o. Um dos estabelecimentos da rede Confian\u00e7a de Supermercados em Mar\u00edlia, munic\u00edpio do interior de S\u00e3o Paulo, registrou um surto de 13 casos da Covid-19 entre os funcion\u00e1rios. A informa\u00e7\u00e3o foi divulgada [&hellip;]<\/p>\n","protected":false},"author":1,"featured_media":27040,"comment_status":"closed","ping_status":"open","sticky":false,"template":"","format":"standard","meta":{"footnotes":""},"categories":[110,122],"tags":[],"class_list":["post-27039","post","type-post","status-publish","format-standard","has-post-thumbnail","hentry","category-noticiasdestaque","category-saudeeducacaoeconcurso"],"_links":{"self":[{"href":"https:\/\/jorgezanoni.com.br\/2019\/wp-json\/wp\/v2\/posts\/27039","targetHints":{"allow":["GET"]}}],"collection":[{"href":"https:\/\/jorgezanoni.com.br\/2019\/wp-json\/wp\/v2\/posts"}],"about":[{"href":"https:\/\/jorgezanoni.com.br\/2019\/wp-json\/wp\/v2\/types\/post"}],"author":[{"embeddable":true,"href":"https:\/\/jorgezanoni.com.br\/2019\/wp-json\/wp\/v2\/users\/1"}],"replies":[{"embeddable":true,"href":"https:\/\/jorgezanoni.com.br\/2019\/wp-json\/wp\/v2\/comments?post=27039"}],"version-history":[{"count":0,"href":"https:\/\/jorgezanoni.com.br\/2019\/wp-json\/wp\/v2\/posts\/27039\/revisions"}],"wp:featuredmedia":[{"embeddable":true,"href":"https:\/\/jorgezanoni.com.br\/2019\/wp-json\/wp\/v2\/media\/27040"}],"wp:attachment":[{"href":"https:\/\/jorgezanoni.com.br\/2019\/wp-json\/wp\/v2\/media?parent=27039"}],"wp:term":[{"taxonomy":"category","embeddable":true,"href":"https:\/\/jorgezanoni.com.br\/2019\/wp-json\/wp\/v2\/categories?post=27039"},{"taxonomy":"post_tag","embeddable":true,"href":"https:\/\/jorgezanoni.com.br\/2019\/wp-json\/wp\/v2\/tags?post=27039"}],"curies":[{"name":"wp","href":"https:\/\/api.w.org\/{rel}","templated":true}]}}