{"id":27036,"date":"2020-05-28T14:12:54","date_gmt":"2020-05-28T14:12:54","guid":{"rendered":"https:\/\/jorgezanoni.com.br\/2019\/?p=27036"},"modified":"2020-05-28T14:12:54","modified_gmt":"2020-05-28T14:12:54","slug":"camara-abre-cpi-para-apurar-denuncia-de-propina-e-tentativa-de-extorsao-envolvendo-o-prefeito-de-ourinhos","status":"publish","type":"post","link":"https:\/\/jorgezanoni.com.br\/2019\/camara-abre-cpi-para-apurar-denuncia-de-propina-e-tentativa-de-extorsao-envolvendo-o-prefeito-de-ourinhos\/","title":{"rendered":"C\u00e2mara abre CPI para apurar den\u00fancia de propina e tentativa de extors\u00e3o envolvendo o prefeito de Ourinhos"},"content":{"rendered":"<h2 class=\"content-head__subtitle\" style=\"text-align: justify;\"><strong>Den\u00fancias foram feitas por empres\u00e1rio \u00e0 Pol\u00edcia Federal, mas caso foi encaminhado para Pol\u00edcia Civil. Lucas Pocay (PSD) negou as acusa\u00e7\u00f5es e alegou persegui\u00e7\u00e3o pol\u00edtica.<\/strong><\/h2>\n<div class=\"mc-column content-text active-extra-styles \" data-block-type=\"unstyled\" data-block-weight=\"65\" data-block-id=\"2\">\n<p class=\"content-text__container \" style=\"text-align: justify;\" data-track-category=\"Link no Texto\" data-track-links=\"\">Os vereadores de Ourinhos (SP) aprovaram na sess\u00e3o desta ter\u00e7a-feira (26) uma Comiss\u00e3o Parlamentar de Inqu\u00e9rito para investigar uma den\u00fancia feita por um empres\u00e1rio da cidade \u00e0 Pol\u00edcia Federal de Mar\u00edlia sobre um suposto esquema de oferta de pagamento de propina e tentativa de extors\u00e3o envolvendo o prefeito Lucas Pocay (PSD), o pai dele, ex-prefeito e deputado estadual, outros agentes p\u00fablicos e ex-servidores municipais.<\/p>\n<\/div>\n<div class=\"wall protected-content\">\n<div class=\"mc-column content-text active-extra-styles \" style=\"text-align: justify;\" data-block-type=\"unstyled\" data-block-weight=\"26\" data-block-id=\"3\">\n<p class=\"content-text__container \" data-track-category=\"Link no Texto\" data-track-links=\"\">A Pol\u00edcia Civil de Ourinhos recebeu nesta ter\u00e7a-feira a den\u00fancia protocolada na PF e agora est\u00e1 analisando o caso pra iniciar e encaminhar a investiga\u00e7\u00e3o.<\/p>\n<\/div>\n<div class=\"mc-column content-text active-extra-styles \" style=\"text-align: justify;\" data-block-type=\"unstyled\" data-block-weight=\"72\" data-block-id=\"4\">\n<p class=\"content-text__container \" data-track-category=\"Link no Texto\" data-track-links=\"\">A den\u00fancia feita pelo empres\u00e1rio Ricardo Xavier Sim\u00f5es, dono de uma incorporadora imobili\u00e1ria de Ourinhos. Segundo o denunciante, ele tinha uma d\u00edvida em impostos municipais e em 2018 e o ex-secret\u00e1rio de Assuntos Jur\u00eddicos, o advogado Pedro Vinha Junior e o adjunto da pasta, Lucas Cadamuro tentaram obter vantagem indevida para a quita\u00e7\u00e3o dessa d\u00e9bito. Para isso ele teria que ceder cinco lotes em um condom\u00ednio de alto padr\u00e3o em Ourinhos.<\/p>\n<\/div>\n<div class=\"mc-column content-text active-extra-styles \" style=\"text-align: justify;\" data-block-type=\"unstyled\" data-block-weight=\"45\" data-block-id=\"5\">\n<p class=\"content-text__container \" data-track-category=\"Link no Texto\" data-track-links=\"\">Os lotes avaliados na \u00e9poca a R$ 250 mil cada um, seriam para o prefeito Lucas Pocay, para o pai dele, Claury Alves da Silva, para o pr\u00f3prio Pedro Vinha Junior, apontado com articulador do esquema e Osvaldino Ara\u00fajo Alves, secret\u00e1rio de Planejamento e Finan\u00e7as.<\/p>\n<\/div>\n<div class=\"mc-column content-text active-extra-styles \" style=\"text-align: justify;\" data-block-type=\"unstyled\" data-block-weight=\"27\" data-block-id=\"7\">\n<p class=\"content-text__container \" data-track-category=\"Link no Texto\" data-track-links=\"\">Em nota, o prefeito Lucas Pocay disse que a den\u00fancia \u00e9 persegui\u00e7\u00e3o pol\u00edtica e que o empres\u00e1rio teria relacionamento com o grupo que faz oposi\u00e7\u00e3o ao prefeito.<\/p>\n<\/div>\n<div class=\"mc-column content-text active-extra-styles \" style=\"text-align: justify;\" data-block-type=\"unstyled\" data-block-weight=\"29\" data-block-id=\"8\">\n<p class=\"content-text__container \" data-track-category=\"Link no Texto\" data-track-links=\"\">J\u00e1 Claury Alves da Silva, ex-prefeito de Ourinhos, ex-deputado estadual e pai do atual prefeito, informou que desconhece os fatos denunciados e acredita ser persegui\u00e7\u00e3o pol\u00edtica contra o filho.<\/p>\n<\/div>\n<div class=\"mc-column content-text active-extra-styles \" style=\"text-align: justify;\" data-block-type=\"unstyled\" data-block-weight=\"32\" data-block-id=\"9\">\n<p class=\"content-text__container \" data-track-category=\"Link no Texto\" data-track-links=\"\">Osvaldino Ara\u00fajo, atual secret\u00e1rio de finan\u00e7as de Ourinhos, Pedro Vinha Junior, ex-secret\u00e1rio de Assuntos Jur\u00eddicos, e Lucas Cadamuro, ex-secret\u00e1rio adjunto de Assuntos Jur\u00eddicos, disseram que a den\u00fancia \u00e9 infundada e mentirosa.<\/p>\n<\/div>\n<div class=\"mc-column content-text active-extra-styles\" style=\"text-align: justify;\" data-block-type=\"raw\" data-block-weight=\"2\" data-block-id=\"10\">\n<div class=\"content-intertitle\">\n<h2>A den\u00fancia<\/h2>\n<\/div>\n<\/div>\n<div class=\"mc-column content-text active-extra-styles \" style=\"text-align: justify;\" data-block-type=\"unstyled\" data-block-weight=\"69\" data-block-id=\"11\">\n<p class=\"content-text__container \" data-track-category=\"Link no Texto\" data-track-links=\"\">Segundo o denunciante, ele n\u00e3o teria concordado em pagar os terrenos e teria sofrido outras tentativas diferentes de extors\u00e3o, entre elas, contratar de forma simulada o escrit\u00f3rio de advocacia de Pedro Vinha Junior, por R$ 5 milh\u00f5es e honor\u00e1rios de uma causa apontada como resolvida para Ricardo Sim\u00f5es, sob a alega\u00e7\u00e3o de que conseguiria a assinatura do prefeito Lucas Pocay, que ele disse ter negado mais uma vez.<\/p>\n<\/div>\n<div class=\"mc-column content-text active-extra-styles \" style=\"text-align: justify;\" data-block-type=\"unstyled\" data-block-weight=\"60\" data-block-id=\"12\">\n<p class=\"content-text__container \" data-track-category=\"Link no Texto\" data-track-links=\"\">A segunda proposta foi a compra de cotas da sociedade da incorporadora por R$ 7 milh\u00f5es, valor abaixo de mercado e depois de negar a oferta, recebeu a terceira proposta de venda das tr\u00eas \u00e1reas que motivaram a d\u00edvida da empresa com o munic\u00edpio, novamente por R$ 7 milh\u00f5es, quantia apontada tamb\u00e9m como inferior ao que de fato valeria.<\/p>\n<\/div>\n<div class=\"mc-column content-text active-extra-styles \" style=\"text-align: justify;\" data-block-type=\"unstyled\" data-block-weight=\"46\" data-block-id=\"13\">\n<p class=\"content-text__container \" data-track-category=\"Link no Texto\" data-track-links=\"\">O denunciante disse ainda que a carta com a proposta de compra de uma das cotas da empresa estaria no nome de um dono de uma operadora de internet que atua na cidade, que seria, de acordo com a den\u00fancia, seria um \u201claranja\u201d no esquema.<\/p>\n<\/div>\n<div class=\"mc-column content-text active-extra-styles \" style=\"text-align: justify;\" data-block-type=\"unstyled\" data-block-weight=\"38\" data-block-id=\"14\">\n<p class=\"content-text__container \" data-track-category=\"Link no Texto\" data-track-links=\"\">Ainda de acordo com a den\u00fancia, se algum desses neg\u00f3cios se concretizassem o dono da incorporadora ficaria livre da d\u00edvida da prefeitura, receberia os R$ 7 milh\u00f5es da oferta e em poucos dias as pend\u00eancias estariam resolvidas.<\/p>\n<\/div>\n<div class=\"mc-column content-text active-extra-styles \" style=\"text-align: justify;\" data-block-type=\"unstyled\" data-block-weight=\"33\" data-block-id=\"16\">\n<p class=\"content-text__container \" data-track-category=\"Link no Texto\" data-track-links=\"\">O denunciante procurou a Pol\u00edcia Federal inicialmente porque acreditou que seriam crimes eleitorais. Todos os citados ainda precisam ser ouvidos na investiga\u00e7\u00e3o que por enquanto est\u00e1 com a Pol\u00edcia Civil de Ourinhos.<\/p>\n<\/div>\n<div class=\"mc-column content-text active-extra-styles\" style=\"text-align: justify;\" data-block-type=\"raw\" data-block-weight=\"2\" data-block-id=\"17\">\n<div class=\"content-intertitle\">\n<h2>Outro lado<\/h2>\n<\/div>\n<\/div>\n<div class=\"mc-column content-text active-extra-styles \" style=\"text-align: justify;\" data-block-type=\"unstyled\" data-block-weight=\"11\" data-block-id=\"18\">\n<p class=\"content-text__container \" data-track-category=\"Link no Texto\" data-track-links=\"\">Os envolvidos enviaram notas sobre as acusa\u00e7\u00f5es, confira na \u00edntegra:<\/p>\n<\/div>\n<div class=\"mc-column content-text active-extra-styles \" style=\"text-align: justify;\" data-block-type=\"unstyled\" data-block-weight=\"66\" data-block-id=\"19\">\n<p class=\"content-text__container \" data-track-category=\"Link no Texto\" data-track-links=\"\">A assessoria de imprensa da prefeitura de Ourinhos informou que\u00a0<em>\u201cLucas Pocay n\u00e3o tem v\u00ednculo nenhum com Ricardo Sim\u00f5es, que possui longo relacionamento com o grupo pol\u00edtico de oposi\u00e7\u00e3o a ele, tanto que seu s\u00f3cio ocupou cargo de secret\u00e1rio em gest\u00f5es passadas. Afirma ainda, que a den\u00fancia possui apenas car\u00e1ter eleitoreiro e visa atacar a imagem e bom trabalho de Lucas Pocay como prefeito de Ourinhos.\u201d<\/em><\/p>\n<\/div>\n<div class=\"mc-column content-text active-extra-styles \" style=\"text-align: justify;\" data-block-type=\"unstyled\" data-block-weight=\"45\" data-block-id=\"20\">\n<p class=\"content-text__container \" data-track-category=\"Link no Texto\" data-track-links=\"\">Claury Alves da Silva, ex-prefeito de Ourinhos, ex-deputado estadual e pai do atual prefeito Lucas Pocay disse que\u00a0<em>\u201cfui pego de surpresa. Um assunto que desconhe\u00e7o totalmente, que me parece muito uma atitude eleitoreira ou com o simples objetivo de atacar meu filho como prefeito\u201d<\/em><\/p>\n<\/div>\n<div class=\"mc-column content-text active-extra-styles \" style=\"text-align: justify;\" data-block-type=\"unstyled\" data-block-weight=\"60\" data-block-id=\"21\">\n<p class=\"content-text__container \" data-track-category=\"Link no Texto\" data-track-links=\"\">Osvaldino Ara\u00fajo, atual secret\u00e1rio de Finan\u00e7as de Ourinhos, afirmou que\u00a0<em>&#8220;fui surpreendido com a not\u00edcia desta den\u00fancia, que \u00e9 absurda, infundada e desconexa. Acerca disso, s\u00f3 posso dizer que tenho duas convic\u00e7\u00f5es: que todo o referido processo foi feito de forma legal e segundo princ\u00edpios da administra\u00e7\u00e3o p\u00fablica, e que ele vai responder na justi\u00e7a por essa denuncia\u00e7\u00e3o caluniosa.&#8221;<\/em><\/p>\n<\/div>\n<div class=\"mc-column content-text active-extra-styles \" style=\"text-align: justify;\" data-block-type=\"unstyled\" data-block-weight=\"71\" data-block-id=\"22\">\n<p class=\"content-text__container \" data-track-category=\"Link no Texto\" data-track-links=\"\">Pedro Vinha Junior, advogado, ex-secret\u00e1rio de Assuntos Jur\u00eddicos de Ourinhos, disse\u00a0<em>&#8220;ainda n\u00e3o tive acesso integral ao teor das acusa\u00e7\u00f5es. No entanto, em rela\u00e7\u00e3o ao que foi publicado nos ve\u00edculos de imprensa local, refuto veementemente as afirma\u00e7\u00f5es do autor da den\u00fancia, uma vez que n\u00e3o t\u00eam qualquer rela\u00e7\u00e3o com a verdade. Em sentido diametralmente oposto, consigno que no momento oportuno apresentarei todas as provas que afastam a fantasiosa den\u00fancia formulada.&#8221;<\/em><\/p>\n<\/div>\n<div class=\"mc-column content-text active-extra-styles \" data-block-type=\"unstyled\" data-block-weight=\"53\" data-block-id=\"23\">\n<p class=\"content-text__container \" style=\"text-align: justify;\" data-track-category=\"Link no Texto\" data-track-links=\"\">Lucas Cadamuro, ex-secret\u00e1rio adjunto de assuntos jur\u00eddicos de Ourinhos, informou que<em>\u00a0\u201cainda n\u00e3o tive acesso integral ao teor das acusa\u00e7\u00f5es, no entanto, em rela\u00e7\u00e3o ao que foi publicado nos ve\u00edculos de imprensa local, refuto veementemente as afirma\u00e7\u00f5es do autor da den\u00fancia, uma vez que n\u00e3o t\u00eam qualquer rela\u00e7\u00e3o com a verdade.&#8221;<\/em><\/p>\n<p style=\"text-align: justify;\" data-track-category=\"Link no Texto\" data-track-links=\"\">Fonte: G1<\/p>\n<\/div>\n<\/div>\n","protected":false},"excerpt":{"rendered":"<p>Den\u00fancias foram feitas por empres\u00e1rio \u00e0 Pol\u00edcia Federal, mas caso foi encaminhado para Pol\u00edcia Civil. Lucas Pocay (PSD) negou as acusa\u00e7\u00f5es e alegou persegui\u00e7\u00e3o pol\u00edtica. Os vereadores de Ourinhos (SP) aprovaram na sess\u00e3o desta ter\u00e7a-feira (26) uma Comiss\u00e3o Parlamentar de Inqu\u00e9rito para investigar uma den\u00fancia feita por um empres\u00e1rio da cidade \u00e0 Pol\u00edcia Federal de [&hellip;]<\/p>\n","protected":false},"author":1,"featured_media":27037,"comment_status":"closed","ping_status":"open","sticky":false,"template":"","format":"standard","meta":{"footnotes":""},"categories":[110,116],"tags":[],"class_list":["post-27036","post","type-post","status-publish","format-standard","has-post-thumbnail","hentry","category-noticiasdestaque","category-politicaeeconomia"],"_links":{"self":[{"href":"https:\/\/jorgezanoni.com.br\/2019\/wp-json\/wp\/v2\/posts\/27036","targetHints":{"allow":["GET"]}}],"collection":[{"href":"https:\/\/jorgezanoni.com.br\/2019\/wp-json\/wp\/v2\/posts"}],"about":[{"href":"https:\/\/jorgezanoni.com.br\/2019\/wp-json\/wp\/v2\/types\/post"}],"author":[{"embeddable":true,"href":"https:\/\/jorgezanoni.com.br\/2019\/wp-json\/wp\/v2\/users\/1"}],"replies":[{"embeddable":true,"href":"https:\/\/jorgezanoni.com.br\/2019\/wp-json\/wp\/v2\/comments?post=27036"}],"version-history":[{"count":0,"href":"https:\/\/jorgezanoni.com.br\/2019\/wp-json\/wp\/v2\/posts\/27036\/revisions"}],"wp:featuredmedia":[{"embeddable":true,"href":"https:\/\/jorgezanoni.com.br\/2019\/wp-json\/wp\/v2\/media\/27037"}],"wp:attachment":[{"href":"https:\/\/jorgezanoni.com.br\/2019\/wp-json\/wp\/v2\/media?parent=27036"}],"wp:term":[{"taxonomy":"category","embeddable":true,"href":"https:\/\/jorgezanoni.com.br\/2019\/wp-json\/wp\/v2\/categories?post=27036"},{"taxonomy":"post_tag","embeddable":true,"href":"https:\/\/jorgezanoni.com.br\/2019\/wp-json\/wp\/v2\/tags?post=27036"}],"curies":[{"name":"wp","href":"https:\/\/api.w.org\/{rel}","templated":true}]}}