{"id":27033,"date":"2020-05-28T13:59:37","date_gmt":"2020-05-28T13:59:37","guid":{"rendered":"https:\/\/jorgezanoni.com.br\/2019\/?p=27033"},"modified":"2020-05-28T13:59:37","modified_gmt":"2020-05-28T13:59:37","slug":"oab-denuncia-jovens-que-deram-bebida-alcoolica-a-galinha-durante-festa-em-marilia","status":"publish","type":"post","link":"https:\/\/jorgezanoni.com.br\/2019\/oab-denuncia-jovens-que-deram-bebida-alcoolica-a-galinha-durante-festa-em-marilia\/","title":{"rendered":"OAB denuncia jovens que deram bebida alco\u00f3lica a galinha durante festa em Mar\u00edlia"},"content":{"rendered":"<h2 class=\"content-head__subtitle\" style=\"text-align: justify;\"><strong>V\u00eddeo da festa foi postado nas redes sociais. Segundo a representa\u00e7\u00e3o da Comiss\u00e3o de Direito Animal, den\u00fancia de maus-tratos ser\u00e1 encaminhada para o Minist\u00e9rio P\u00fablico.<\/strong><\/h2>\n<div class=\"mc-column content-text active-extra-styles \" data-block-type=\"unstyled\" data-block-weight=\"34\" data-block-id=\"2\">\n<p class=\"content-text__container \" style=\"text-align: justify;\" data-track-category=\"Link no Texto\" data-track-links=\"\">A Comiss\u00e3o de Direito Animal da Ordem dos Advogados de Mar\u00edlia denunciou na ter\u00e7a-feira (26) um caso de maus-tratos a uma galinha durante uma festa. V\u00eddeos da festa foram postados nas redes sociais.<\/p>\n<\/div>\n<div class=\"wall protected-content\">\n<div class=\"mc-column content-text active-extra-styles \" data-block-type=\"unstyled\" data-block-weight=\"48\" data-block-id=\"3\">\n<p class=\"content-text__container \" style=\"text-align: justify;\" data-track-category=\"Link no Texto\" data-track-links=\"\">O evento teria ocorrido no \u00faltimo s\u00e1bado (23). Nas imagens divulgadas na internet um jovem segura a galinha e joga para cima a ave, que cai ao lado de uma churrasqueira. Os participantes da festa tamb\u00e9m d\u00e3o pinga e macarr\u00e3o instant\u00e2neo para a galinha.<\/p>\n<p style=\"text-align: justify;\" data-track-category=\"Link no Texto\" data-track-links=\"\">Imagens da festa foram postadas pela comiss\u00e3o da OAB nas redes sociais. Na postagem, a comiss\u00e3o explica que recebeu s\u00e9rie de den\u00fancias \u201cacompanhadas por prints, v\u00eddeos e fotos que mostram um grupo de jovens humilhando e for\u00e7ando uma galinha a consumir \u00e1lcool\u201d durante a festa.<\/p>\n<div class=\"mc-column content-text active-extra-styles \" style=\"text-align: justify;\" data-block-type=\"unstyled\" data-block-weight=\"30\" data-block-id=\"7\">\n<p class=\"content-text__container \" data-track-category=\"Link no Texto\" data-track-links=\"\">A presidente da comiss\u00e3o, Giovana Poker, disse em entrevista ao\u00a0<strong>G1\u00a0<\/strong>que quatro jovens foram identificados entre as pessoas que aparecem nos v\u00eddeos e que tamb\u00e9m fizeram as filmagens.<\/p>\n<\/div>\n<div class=\"mc-column content-text active-extra-styles \" style=\"text-align: justify;\" data-block-type=\"unstyled\" data-block-weight=\"55\" data-block-id=\"8\">\n<p class=\"content-text__container \" data-track-category=\"Link no Texto\" data-track-links=\"\">\u201cN\u00f3s tamb\u00e9m j\u00e1 reunimos as provas de crime de ambiental e maus-tratos e vamos encaminhar ainda nesta quarta-feira (27) para o Minist\u00e9rio P\u00fablico. Como \u00e9 uma a\u00e7\u00e3o penal de compet\u00eancia p\u00fablica \u00e9 o Minist\u00e9rio P\u00fablico que tem que entrar com essa a\u00e7\u00e3o. Provavelmente eles v\u00e3o instaurar um inqu\u00e9rito penal para investigar o caso\u201d, destaca.<\/p>\n<\/div>\n<div class=\"mc-column content-text active-extra-styles \" style=\"text-align: justify;\" data-block-type=\"unstyled\" data-block-weight=\"39\" data-block-id=\"9\">\n<p class=\"content-text__container \" data-track-category=\"Link no Texto\" data-track-links=\"\">Ainda de acordo com a presidente da comiss\u00e3o ap\u00f3s a instaura\u00e7\u00e3o desse inqu\u00e9rito \u00e9 que as partes devem ser ouvidas. \u201cN\u00f3s levantamentos as informa\u00e7\u00f5es dos quatro identificados com dados que v\u00e3o facilitar inclusive a a\u00e7\u00e3o do Minist\u00e9rio P\u00fablico.\u201d<\/p>\n<\/div>\n<div class=\"row medium-uncollapsed content-media content-photo\" style=\"text-align: justify;\" data-block-type=\"backstage-photo\" data-block-id=\"10\">\n<div class=\"mc-column content-media__container\">\n<figure><img decoding=\"async\" class=\"i-amphtml-fill-content i-amphtml-replaced-content\" src=\"https:\/\/s2.glbimg.com\/F0wZmxUJyTvf5_RYd5hYnhjCcPc=\/0x0:955x1200\/984x0\/smart\/filters:strip_icc()\/i.s3.glbimg.com\/v1\/AUTH_59edd422c0c84a879bd37670ae4f538a\/internal_photos\/bs\/2020\/A\/b\/7hFzC2RJGMcQI7h0PyTQ\/galinha.jpg\" sizes=\"(max-width: 1242px) 648px, 100vw\" srcset=\"https:\/\/s2.glbimg.com\/7QuuZTb23FxW5Jv7lyk-Sye_AII=\/0x0:955x1200\/1000x0\/smart\/filters:strip_icc()\/i.s3.glbimg.com\/v1\/AUTH_59edd422c0c84a879bd37670ae4f538a\/internal_photos\/bs\/2020\/A\/b\/7hFzC2RJGMcQI7h0PyTQ\/galinha.jpg 1000w, https:\/\/s2.glbimg.com\/F0wZmxUJyTvf5_RYd5hYnhjCcPc=\/0x0:955x1200\/984x0\/smart\/filters:strip_icc()\/i.s3.glbimg.com\/v1\/AUTH_59edd422c0c84a879bd37670ae4f538a\/internal_photos\/bs\/2020\/A\/b\/7hFzC2RJGMcQI7h0PyTQ\/galinha.jpg 984w, https:\/\/s2.glbimg.com\/D5gHvTArDDvfUmaCmG5sbAK3-_4=\/0x0:955x1200\/640x0\/smart\/filters:strip_icc()\/i.s3.glbimg.com\/v1\/AUTH_59edd422c0c84a879bd37670ae4f538a\/internal_photos\/bs\/2020\/A\/b\/7hFzC2RJGMcQI7h0PyTQ\/galinha.jpg 640w, https:\/\/s2.glbimg.com\/kdR6tQMf9vX85aLOGwZIL0x69Lc=\/0x0:955x1200\/600x0\/smart\/filters:strip_icc()\/i.s3.glbimg.com\/v1\/AUTH_59edd422c0c84a879bd37670ae4f538a\/internal_photos\/bs\/2020\/A\/b\/7hFzC2RJGMcQI7h0PyTQ\/galinha.jpg 600w\" alt=\"V\u00eddeos foram divulgados no Tik Tok, mas depois foram apagados \u2014 Foto: Reprodu\u00e7\u00e3o\" \/><\/figure>\n<p class=\"content-media__description \">V\u00eddeos foram divulgados no Tik Tok, mas depois foram apagados \u2014 Foto: Reprodu\u00e7\u00e3o<\/p>\n<\/div>\n<\/div>\n<div class=\"mc-column content-text active-extra-styles \" style=\"text-align: justify;\" data-block-type=\"unstyled\" data-block-weight=\"22\" data-block-id=\"11\">\n<p class=\"content-text__container \" data-track-category=\"Link no Texto\" data-track-links=\"\">Os envolvidos podem responder pelo crime de maus-tratos, que prev\u00ea deten\u00e7\u00e3o de tr\u00eas meses a um ano e pagamento de multa.<\/p>\n<\/div>\n<div data-track-category=\"multicontent\" data-track-action=\"ultimo chunk conteudo\" data-track-noninteraction=\"false\" data-track-scroll=\"view\">\n<div class=\"mc-column content-text active-extra-styles \" data-block-type=\"unstyled\" data-block-weight=\"24\" data-block-id=\"12\">\n<p class=\"content-text__container \" style=\"text-align: justify;\" data-track-category=\"Link no Texto\" data-track-links=\"\">\u201cO crime de maus-tratos est\u00e1 configurado no tratamento agressivo e degradante a que foi submetido o animal, que estava visivelmente assustado e estressado.\u201d<\/p>\n<p style=\"text-align: justify;\">https:\/\/g1.globo.com\/sp\/bauru-marilia\/noticia\/2020\/05\/27\/oab-denuncia-grupo-de-jovens-que-deu-pinga-a-galinha-durante-festa-em-marilia.ghtml<\/p>\n<\/div>\n<\/div>\n<\/div>\n<\/div>\n","protected":false},"excerpt":{"rendered":"<p>V\u00eddeo da festa foi postado nas redes sociais. Segundo a representa\u00e7\u00e3o da Comiss\u00e3o de Direito Animal, den\u00fancia de maus-tratos ser\u00e1 encaminhada para o Minist\u00e9rio P\u00fablico. A Comiss\u00e3o de Direito Animal da Ordem dos Advogados de Mar\u00edlia denunciou na ter\u00e7a-feira (26) um caso de maus-tratos a uma galinha durante uma festa. V\u00eddeos da festa foram postados [&hellip;]<\/p>\n","protected":false},"author":1,"featured_media":27034,"comment_status":"closed","ping_status":"open","sticky":false,"template":"","format":"standard","meta":{"footnotes":""},"categories":[110,2],"tags":[],"class_list":["post-27033","post","type-post","status-publish","format-standard","has-post-thumbnail","hentry","category-noticiasdestaque","category-policial"],"_links":{"self":[{"href":"https:\/\/jorgezanoni.com.br\/2019\/wp-json\/wp\/v2\/posts\/27033","targetHints":{"allow":["GET"]}}],"collection":[{"href":"https:\/\/jorgezanoni.com.br\/2019\/wp-json\/wp\/v2\/posts"}],"about":[{"href":"https:\/\/jorgezanoni.com.br\/2019\/wp-json\/wp\/v2\/types\/post"}],"author":[{"embeddable":true,"href":"https:\/\/jorgezanoni.com.br\/2019\/wp-json\/wp\/v2\/users\/1"}],"replies":[{"embeddable":true,"href":"https:\/\/jorgezanoni.com.br\/2019\/wp-json\/wp\/v2\/comments?post=27033"}],"version-history":[{"count":0,"href":"https:\/\/jorgezanoni.com.br\/2019\/wp-json\/wp\/v2\/posts\/27033\/revisions"}],"wp:featuredmedia":[{"embeddable":true,"href":"https:\/\/jorgezanoni.com.br\/2019\/wp-json\/wp\/v2\/media\/27034"}],"wp:attachment":[{"href":"https:\/\/jorgezanoni.com.br\/2019\/wp-json\/wp\/v2\/media?parent=27033"}],"wp:term":[{"taxonomy":"category","embeddable":true,"href":"https:\/\/jorgezanoni.com.br\/2019\/wp-json\/wp\/v2\/categories?post=27033"},{"taxonomy":"post_tag","embeddable":true,"href":"https:\/\/jorgezanoni.com.br\/2019\/wp-json\/wp\/v2\/tags?post=27033"}],"curies":[{"name":"wp","href":"https:\/\/api.w.org\/{rel}","templated":true}]}}