{"id":27030,"date":"2020-05-28T13:21:26","date_gmt":"2020-05-28T13:21:26","guid":{"rendered":"https:\/\/jorgezanoni.com.br\/2019\/?p=27030"},"modified":"2020-05-28T13:21:26","modified_gmt":"2020-05-28T13:21:26","slug":"duas-pessoas-sao-encontradas-mortas-embaixo-de-viaduto-da-sp-294","status":"publish","type":"post","link":"https:\/\/jorgezanoni.com.br\/2019\/duas-pessoas-sao-encontradas-mortas-embaixo-de-viaduto-da-sp-294\/","title":{"rendered":"Duas pessoas s\u00e3o encontradas mortas embaixo de viaduto da SP-294"},"content":{"rendered":"<div class=\"mvp-post-main-in\">\n<div id=\"mvp-post-content\" class=\"left relative\">\n<div id=\"mvp-content-wrap\" class=\"left relative\">\n<div class=\"mvp-post-soc-out right relative\">\n<div class=\"mvp-post-soc-in\">\n<div id=\"mvp-content-body\" class=\"left relative\">\n<div id=\"mvp-content-body-top\" class=\"left relative\">\n<div id=\"mvp-content-main\" class=\"left relative\">\n<div id=\"tps_slideContainer_17365\" class=\"theiaPostSlider_slides\">\n<div class=\"theiaPostSlider_preloadedSlide\">\n<div class=\"mc-column content-text active-extra-styles active-capital-letter\" data-block-type=\"unstyled\" data-block-weight=\"31\" data-block-id=\"1\">\n<p class=\"content-text__container theme-color-primary-first-letter\" style=\"text-align: justify;\" data-track-category=\"Link no Texto\" data-track-links=\"\">Duas pessoas que estavam em uma moto morreram na madrugada desta quarta-feira (27) ap\u00f3s ca\u00edrem no v\u00e3o de um viaduto da Rodovia Comandante Jo\u00e3o Ribeiro de Barros (SP-294), em Bauru (SP).<\/p>\n<\/div>\n<div class=\"wall protected-content\">\n<div class=\"mc-column content-text active-extra-styles \" style=\"text-align: justify;\" data-block-type=\"unstyled\" data-block-weight=\"34\" data-block-id=\"2\">\n<p class=\"content-text__container \" data-track-category=\"Link no Texto\" data-track-links=\"\">De acordo com informa\u00e7\u00f5es da Pol\u00edcia Rodovi\u00e1ria, a moto teria invadido o acostamento no km 353 da rodovia, pr\u00f3ximo ao acesso \u00e0 Vila Dutra, caindo no v\u00e3o entre dois viadutos existentes no local.<\/p>\n<\/div>\n<div class=\"mc-column content-text active-extra-styles \" data-block-type=\"unstyled\" data-block-weight=\"30\" data-block-id=\"3\">\n<p class=\"content-text__container \" style=\"text-align: justify;\" data-track-category=\"Link no Texto\" data-track-links=\"\">Os corpos do motociclista e do passageiro foram encontrados apenas pela manh\u00e3. A Pol\u00edcia Rodovi\u00e1ria chegou a isolar o local do acidente, mas o tr\u00e1fego n\u00e3o precisou ser interrompido.<\/p>\n<p style=\"text-align: justify;\" data-track-category=\"Link no Texto\" data-track-links=\"\">Fonte: G1<\/p>\n<p data-track-category=\"Link no Texto\" data-track-links=\"\">\n<\/div>\n<\/div>\n<\/div>\n<\/div>\n<\/div>\n<\/div>\n<\/div>\n<\/div>\n<\/div>\n<\/div>\n<\/div>\n<\/div>\n<div id=\"mvp-side-wrap\" class=\"left relative theiaStickySidebar\">\n<section id=\"custom_html-48\" class=\"widget_text mvp-side-widget widget_custom_html\">\n<div class=\"textwidget custom-html-widget\"><\/div>\n<\/section>\n<\/div>\n","protected":false},"excerpt":{"rendered":"<p>Duas pessoas que estavam em uma moto morreram na madrugada desta quarta-feira (27) ap\u00f3s ca\u00edrem no v\u00e3o de um viaduto da Rodovia Comandante Jo\u00e3o Ribeiro de Barros (SP-294), em Bauru (SP). De acordo com informa\u00e7\u00f5es da Pol\u00edcia Rodovi\u00e1ria, a moto teria invadido o acostamento no km 353 da rodovia, pr\u00f3ximo ao acesso \u00e0 Vila Dutra, [&hellip;]<\/p>\n","protected":false},"author":1,"featured_media":27031,"comment_status":"closed","ping_status":"open","sticky":false,"template":"","format":"standard","meta":{"footnotes":""},"categories":[170,110],"tags":[],"class_list":["post-27030","post","type-post","status-publish","format-standard","has-post-thumbnail","hentry","category-acidentes","category-noticiasdestaque"],"_links":{"self":[{"href":"https:\/\/jorgezanoni.com.br\/2019\/wp-json\/wp\/v2\/posts\/27030","targetHints":{"allow":["GET"]}}],"collection":[{"href":"https:\/\/jorgezanoni.com.br\/2019\/wp-json\/wp\/v2\/posts"}],"about":[{"href":"https:\/\/jorgezanoni.com.br\/2019\/wp-json\/wp\/v2\/types\/post"}],"author":[{"embeddable":true,"href":"https:\/\/jorgezanoni.com.br\/2019\/wp-json\/wp\/v2\/users\/1"}],"replies":[{"embeddable":true,"href":"https:\/\/jorgezanoni.com.br\/2019\/wp-json\/wp\/v2\/comments?post=27030"}],"version-history":[{"count":0,"href":"https:\/\/jorgezanoni.com.br\/2019\/wp-json\/wp\/v2\/posts\/27030\/revisions"}],"wp:featuredmedia":[{"embeddable":true,"href":"https:\/\/jorgezanoni.com.br\/2019\/wp-json\/wp\/v2\/media\/27031"}],"wp:attachment":[{"href":"https:\/\/jorgezanoni.com.br\/2019\/wp-json\/wp\/v2\/media?parent=27030"}],"wp:term":[{"taxonomy":"category","embeddable":true,"href":"https:\/\/jorgezanoni.com.br\/2019\/wp-json\/wp\/v2\/categories?post=27030"},{"taxonomy":"post_tag","embeddable":true,"href":"https:\/\/jorgezanoni.com.br\/2019\/wp-json\/wp\/v2\/tags?post=27030"}],"curies":[{"name":"wp","href":"https:\/\/api.w.org\/{rel}","templated":true}]}}