{"id":27011,"date":"2020-05-28T00:54:23","date_gmt":"2020-05-28T00:54:23","guid":{"rendered":"https:\/\/jorgezanoni.com.br\/2019\/?p=27011"},"modified":"2020-05-28T00:54:23","modified_gmt":"2020-05-28T00:54:23","slug":"casos-de-coronavirus-confirmados-na-regiao-de-presidente-prudente-em-27-de-maio","status":"publish","type":"post","link":"https:\/\/jorgezanoni.com.br\/2019\/casos-de-coronavirus-confirmados-na-regiao-de-presidente-prudente-em-27-de-maio\/","title":{"rendered":"Casos de coronav\u00edrus confirmados na regi\u00e3o de Presidente Prudente em 27 de maio"},"content":{"rendered":"<p style=\"text-align: justify;\"><strong>Cidades da regi\u00e3o de Presidente Prudente divulgaram nesta quarta-feira (27) novos casos confirmados de Covid-19, por meio das Secretarias Municipais de Sa\u00fade.<\/strong><\/p>\n<div class=\"mc-column content-text active-extra-styles\" data-block-type=\"raw\" data-block-weight=\"1\" data-block-id=\"2\">\n<div class=\"content-intertitle\">\n<h2 style=\"text-align: justify;\">Pacaembu<\/h2>\n<\/div>\n<\/div>\n<div class=\"mc-column content-text active-extra-styles \" style=\"text-align: justify;\" data-block-type=\"unstyled\" data-block-weight=\"47\" data-block-id=\"3\">\n<p class=\"content-text__container \" data-track-category=\"Link no Texto\" data-track-links=\"\"><a href=\"https:\/\/g1.globo.com\/sp\/presidente-prudente-regiao\/cidade\/pacaembu\/\">Pacaembu\u00a0<\/a>teve mais dois casos positivos de Covid-19 nesta quarta-feira. Segundo a Secretaria Municipal de Sa\u00fade, as notifica\u00e7\u00f5es foram confirmadas uma por teste r\u00e1pido e outra por exame laboratorial. A pasta ressaltou que seis pessoas com suspeita da nova doen\u00e7a tiveram resultados negativos nos exames realizados.<\/p>\n<\/div>\n<div class=\"mc-column content-text active-extra-styles \" style=\"text-align: justify;\" data-block-type=\"unstyled\" data-block-weight=\"54\" data-block-id=\"4\">\n<p class=\"content-text__container \" data-track-category=\"Link no Texto\" data-track-links=\"\">Com rela\u00e7\u00e3o aos dois novos pacientes positivados, ambos s\u00e3o profissionais de seguran\u00e7a que trabalham e residem na cidade. Um \u00e9 do sexo feminino e tem 41 anos de idade. J\u00e1 o outro \u00e9 do sexo masculino e tem 43 anos. Ambos seguem o tratamento em isolamento domiciliar com acompanhamento dos profissionais da Sa\u00fade Municipal.<\/p>\n<\/div>\n<div class=\"mc-column content-text active-extra-styles \" style=\"text-align: justify;\" data-block-type=\"unstyled\" data-block-weight=\"52\" data-block-id=\"5\">\n<p class=\"content-text__container \" data-track-category=\"Link no Texto\" data-track-links=\"\">O boletim oficial ainda aponta quatro casos suspeitos que aguardam resultados de exames, cinco suspeitos \u00e0 espera da coleta de material para realiza\u00e7\u00e3o de exame e 35 pacientes com resultados negativos para a nova doen\u00e7a. Ao todo, o munic\u00edpio possui 60 notifica\u00e7\u00f5es. Entre os confirmados, quatro j\u00e1 foram curados e um morreu.<\/p>\n<\/div>\n<div class=\"row medium-uncollapsed content-media content-photo\" style=\"text-align: justify;\" data-block-type=\"backstage-photo\" data-block-id=\"6\">\n<div class=\"mc-column content-media__container\">\n<figure><img decoding=\"async\" class=\"i-amphtml-fill-content i-amphtml-replaced-content\" src=\"https:\/\/s2.glbimg.com\/ygAlm5FaSy85wsAcVfI_TdBH-JE=\/0x0:826x465\/984x0\/smart\/filters:strip_icc()\/i.s3.glbimg.com\/v1\/AUTH_59edd422c0c84a879bd37670ae4f538a\/internal_photos\/bs\/2020\/Q\/o\/2O2fRkQkuoJR4aLRN5Ew\/pacaembu-27-05.jpg\" sizes=\"(max-width: 1242px) 648px, 100vw\" srcset=\"https:\/\/s2.glbimg.com\/3zWZJeahMhxAvNIjl0Dy8VOgL0A=\/0x0:826x465\/1000x0\/smart\/filters:strip_icc()\/i.s3.glbimg.com\/v1\/AUTH_59edd422c0c84a879bd37670ae4f538a\/internal_photos\/bs\/2020\/Q\/o\/2O2fRkQkuoJR4aLRN5Ew\/pacaembu-27-05.jpg 1000w, https:\/\/s2.glbimg.com\/ygAlm5FaSy85wsAcVfI_TdBH-JE=\/0x0:826x465\/984x0\/smart\/filters:strip_icc()\/i.s3.glbimg.com\/v1\/AUTH_59edd422c0c84a879bd37670ae4f538a\/internal_photos\/bs\/2020\/Q\/o\/2O2fRkQkuoJR4aLRN5Ew\/pacaembu-27-05.jpg 984w, https:\/\/s2.glbimg.com\/-0ECkPw4iRmd8NmuqpcWYHdK3PU=\/0x0:826x465\/640x0\/smart\/filters:strip_icc()\/i.s3.glbimg.com\/v1\/AUTH_59edd422c0c84a879bd37670ae4f538a\/internal_photos\/bs\/2020\/Q\/o\/2O2fRkQkuoJR4aLRN5Ew\/pacaembu-27-05.jpg 640w, https:\/\/s2.glbimg.com\/bFiZSLCIHCP96uji5ta0AK468S8=\/0x0:826x465\/600x0\/smart\/filters:strip_icc()\/i.s3.glbimg.com\/v1\/AUTH_59edd422c0c84a879bd37670ae4f538a\/internal_photos\/bs\/2020\/Q\/o\/2O2fRkQkuoJR4aLRN5Ew\/pacaembu-27-05.jpg 600w\" alt=\"Boletim de casos de coronav\u00edrus em Pacaembu, em 27 de maio \u2014 Foto: Reprodu\u00e7\u00e3o\" \/><\/figure>\n<p class=\"content-media__description \">Boletim de casos de coronav\u00edrus em Pacaembu, em 27 de maio \u2014 Foto: Reprodu\u00e7\u00e3o<\/p>\n<\/div>\n<\/div>\n<div class=\"mc-column content-text active-extra-styles\" style=\"text-align: justify;\" data-block-type=\"raw\" data-block-weight=\"1\" data-block-id=\"7\">\n<div class=\"content-intertitle\">\n<h2>Panorama<\/h2>\n<\/div>\n<\/div>\n<div class=\"mc-column content-text active-extra-styles \" style=\"text-align: justify;\" data-block-type=\"unstyled\" data-block-weight=\"41\" data-block-id=\"8\">\n<p class=\"content-text__container \" data-track-category=\"Link no Texto\" data-track-links=\"\">A Secretaria Municipal de Sa\u00fade de\u00a0<a href=\"https:\/\/g1.globo.com\/sp\/presidente-prudente-regiao\/cidade\/panorama\/\">Panorama\u00a0<\/a>anunciou o sexto caso positivo do novo coronav\u00edrus no munic\u00edpio. De acordo com o boletim oficial, a cidade possui 14 casos suspeitos, 26 descartados e um curado. A cidade tem uma morte por Covid-19.<\/p>\n<\/div>\n<div class=\"row medium-uncollapsed content-media content-photo\" style=\"text-align: justify;\" data-block-type=\"backstage-photo\" data-block-id=\"10\">\n<div class=\"mc-column content-media__container\">\n<figure><img decoding=\"async\" class=\"i-amphtml-fill-content i-amphtml-replaced-content\" src=\"https:\/\/s2.glbimg.com\/I07PgqW6kxe3xJu4akPaE2OqNnc=\/0x0:1210x1280\/984x0\/smart\/filters:strip_icc()\/i.s3.glbimg.com\/v1\/AUTH_59edd422c0c84a879bd37670ae4f538a\/internal_photos\/bs\/2020\/K\/y\/opzWjnSMytMWrbrkVshw\/whatsapp-image-2020-05-27-at-18.19.15.jpeg\" sizes=\"(max-width: 1242px) 648px, 100vw\" srcset=\"https:\/\/s2.glbimg.com\/tPFPmhKU_xcRoiS6CI06mLZdOcM=\/0x0:1210x1280\/1000x0\/smart\/filters:strip_icc()\/i.s3.glbimg.com\/v1\/AUTH_59edd422c0c84a879bd37670ae4f538a\/internal_photos\/bs\/2020\/K\/y\/opzWjnSMytMWrbrkVshw\/whatsapp-image-2020-05-27-at-18.19.15.jpeg 1000w, https:\/\/s2.glbimg.com\/I07PgqW6kxe3xJu4akPaE2OqNnc=\/0x0:1210x1280\/984x0\/smart\/filters:strip_icc()\/i.s3.glbimg.com\/v1\/AUTH_59edd422c0c84a879bd37670ae4f538a\/internal_photos\/bs\/2020\/K\/y\/opzWjnSMytMWrbrkVshw\/whatsapp-image-2020-05-27-at-18.19.15.jpeg 984w, https:\/\/s2.glbimg.com\/Po5O1aVrQlg6c-Q4WJ7rh3lzpno=\/0x0:1210x1280\/640x0\/smart\/filters:strip_icc()\/i.s3.glbimg.com\/v1\/AUTH_59edd422c0c84a879bd37670ae4f538a\/internal_photos\/bs\/2020\/K\/y\/opzWjnSMytMWrbrkVshw\/whatsapp-image-2020-05-27-at-18.19.15.jpeg 640w, https:\/\/s2.glbimg.com\/BU6IjuO2jLu2ZB_Zznh3UdeEqnU=\/0x0:1210x1280\/600x0\/smart\/filters:strip_icc()\/i.s3.glbimg.com\/v1\/AUTH_59edd422c0c84a879bd37670ae4f538a\/internal_photos\/bs\/2020\/K\/y\/opzWjnSMytMWrbrkVshw\/whatsapp-image-2020-05-27-at-18.19.15.jpeg 600w\" alt=\"Boletim de casos de coronav\u00edrus em Panorama, em 27 de maio \u2014 Foto: Reprodu\u00e7\u00e3o\" \/><\/figure>\n<p class=\"content-media__description \">Boletim de casos de coronav\u00edrus em Panorama, em 27 de maio \u2014 Foto: Reprodu\u00e7\u00e3o<\/p>\n<\/div>\n<\/div>\n<div class=\"mc-column content-text active-extra-styles\" style=\"text-align: justify;\" data-block-type=\"raw\" data-block-weight=\"1\" data-block-id=\"11\">\n<div class=\"content-intertitle\">\n<h2>Rin\u00f3polis<\/h2>\n<\/div>\n<\/div>\n<div class=\"mc-column content-text active-extra-styles \" style=\"text-align: justify;\" data-block-type=\"unstyled\" data-block-weight=\"32\" data-block-id=\"12\">\n<p class=\"content-text__container \" data-track-category=\"Link no Texto\" data-track-links=\"\">A Prefeitura de\u00a0<a href=\"https:\/\/g1.globo.com\/sp\/presidente-prudente-regiao\/cidade\/rinopolis\/\">Rin\u00f3polis<\/a>\u00a0informou que h\u00e1 tr\u00eas casos positivos de Covid-19. As tr\u00eas pessoas que contra\u00edram a doen\u00e7a j\u00e1 est\u00e3o curadas. O munic\u00edpio ainda tem dois casos suspeitos e sete descartados.<\/p>\n<\/div>\n<div class=\"mc-column content-text active-extra-styles\" style=\"text-align: justify;\" data-block-type=\"raw\" data-block-weight=\"2\" data-block-id=\"13\">\n<div class=\"content-intertitle\">\n<h2>Presidente Bernardes<\/h2>\n<\/div>\n<\/div>\n<div class=\"mc-column content-text active-extra-styles \" style=\"text-align: justify;\" data-block-type=\"unstyled\" data-block-weight=\"33\" data-block-id=\"14\">\n<p class=\"content-text__container \" data-track-category=\"Link no Texto\" data-track-links=\"\">Conforme o boletim divulgado \u00e0s 16h,\u00a0<a href=\"https:\/\/g1.globo.com\/sp\/presidente-prudente-regiao\/cidade\/presidente-bernardes-sp\/\">Presidente Bernardes<\/a>\u00a0tem seis casos confirmados da doen\u00e7a. Ao todo s\u00e3o 36 notifica\u00e7\u00f5es, sete pessoas aguardando resultados e 23 casos descartados. Casos curados j\u00e1 chegaram a cinco.<\/p>\n<\/div>\n<div class=\"row medium-uncollapsed content-media content-photo\" style=\"text-align: justify;\" data-block-type=\"backstage-photo\" data-block-id=\"15\">\n<div class=\"mc-column content-media__container\">\n<figure><img decoding=\"async\" class=\"i-amphtml-fill-content i-amphtml-replaced-content\" src=\"https:\/\/s2.glbimg.com\/8qNQvSLUm1b9DHWB1Ut6e8FjFjI=\/0x0:1015x578\/984x0\/smart\/filters:strip_icc()\/i.s3.glbimg.com\/v1\/AUTH_59edd422c0c84a879bd37670ae4f538a\/internal_photos\/bs\/2020\/v\/N\/KKtvnzRCKPvCClhPwhIg\/boletim-bernardes.jpg\" sizes=\"(max-width: 1242px) 648px, 100vw\" srcset=\"https:\/\/s2.glbimg.com\/fkkTOZhb2DOaV6yH1rxgRgKg7M0=\/0x0:1015x578\/1000x0\/smart\/filters:strip_icc()\/i.s3.glbimg.com\/v1\/AUTH_59edd422c0c84a879bd37670ae4f538a\/internal_photos\/bs\/2020\/v\/N\/KKtvnzRCKPvCClhPwhIg\/boletim-bernardes.jpg 1000w, https:\/\/s2.glbimg.com\/8qNQvSLUm1b9DHWB1Ut6e8FjFjI=\/0x0:1015x578\/984x0\/smart\/filters:strip_icc()\/i.s3.glbimg.com\/v1\/AUTH_59edd422c0c84a879bd37670ae4f538a\/internal_photos\/bs\/2020\/v\/N\/KKtvnzRCKPvCClhPwhIg\/boletim-bernardes.jpg 984w, https:\/\/s2.glbimg.com\/i4w7lOYScA1Hnz3vBcEfjjEJWkA=\/0x0:1015x578\/640x0\/smart\/filters:strip_icc()\/i.s3.glbimg.com\/v1\/AUTH_59edd422c0c84a879bd37670ae4f538a\/internal_photos\/bs\/2020\/v\/N\/KKtvnzRCKPvCClhPwhIg\/boletim-bernardes.jpg 640w, https:\/\/s2.glbimg.com\/WQ9vY700ubfxTnvZIg-PqUVsuIw=\/0x0:1015x578\/600x0\/smart\/filters:strip_icc()\/i.s3.glbimg.com\/v1\/AUTH_59edd422c0c84a879bd37670ae4f538a\/internal_photos\/bs\/2020\/v\/N\/KKtvnzRCKPvCClhPwhIg\/boletim-bernardes.jpg 600w\" alt=\"Boletim de casos de coronav\u00edrus em Santo Anast\u00e1cio, em 27 de maio \u2014 Foto: Reprodu\u00e7\u00e3o\" \/><\/figure>\n<p class=\"content-media__description \">Boletim de casos de coronav\u00edrus em Santo Anast\u00e1cio, em 27 de maio \u2014 Foto: Reprodu\u00e7\u00e3o<\/p>\n<\/div>\n<\/div>\n<div class=\"mc-column content-text active-extra-styles\" style=\"text-align: justify;\" data-block-type=\"raw\" data-block-weight=\"1\" data-block-id=\"16\">\n<div class=\"content-intertitle\">\n<h2>Paulic\u00e9ia<\/h2>\n<\/div>\n<\/div>\n<div class=\"mc-column content-text active-extra-styles \" style=\"text-align: justify;\" data-block-type=\"unstyled\" data-block-weight=\"52\" data-block-id=\"17\">\n<p class=\"content-text__container \" data-track-category=\"Link no Texto\" data-track-links=\"\">A Prefeitura de\u00a0<a href=\"https:\/\/g1.globo.com\/sp\/presidente-prudente-regiao\/cidade\/pauliceia\/\">Paulic\u00e9ia<\/a> informou o primeiro caso positivo de novo cornav\u00edrus. A doen\u00e7a foi diagnosticada em um homem que tem fam\u00edlia no munic\u00edpio, mas mora em Campinas (SP). Ele fez o exame na cidade, onde cumpre isolamento domiciliar. Al\u00e9m disso, nove exames foram descartados e duas pessoas aguardam resultados de exames.<\/p>\n<\/div>\n<div class=\"mc-column content-text active-extra-styles\" style=\"text-align: justify;\" data-block-type=\"raw\" data-block-weight=\"2\" data-block-id=\"19\">\n<div class=\"content-intertitle\">\n<h2>Santo Expedito<\/h2>\n<\/div>\n<\/div>\n<div class=\"mc-column content-text active-extra-styles \" style=\"text-align: justify;\" data-block-type=\"unstyled\" data-block-weight=\"28\" data-block-id=\"20\">\n<p class=\"content-text__container \" data-track-category=\"Link no Texto\" data-track-links=\"\">O munic\u00edpio de\u00a0<a href=\"https:\/\/g1.globo.com\/sp\/presidente-prudente-regiao\/cidade\/santo-expedito\/\">Santo Expedito<\/a>\u00a0informou que h\u00e1 tr\u00eas casos positivos da Covid-19 e que todas as pessoas infectadas j\u00e1 est\u00e3o curadas. H\u00e1 ainda mais um caso descartado.<\/p>\n<\/div>\n<div class=\"mc-column content-text active-extra-styles\" style=\"text-align: justify;\" data-block-type=\"raw\" data-block-weight=\"2\" data-block-id=\"21\">\n<div class=\"content-intertitle\">\n<h2>Tupi Paulista<\/h2>\n<\/div>\n<\/div>\n<div class=\"mc-column content-text active-extra-styles \" style=\"text-align: justify;\" data-block-type=\"unstyled\" data-block-weight=\"32\" data-block-id=\"22\">\n<p class=\"content-text__container \" data-track-category=\"Link no Texto\" data-track-links=\"\">A Secretaria de Sa\u00fade de\u00a0<a href=\"https:\/\/g1.globo.com\/sp\/presidente-prudente-regiao\/cidade\/tupi-paulista\/\">Tupi Paulista<\/a>\u00a0informou, \u00e0s 17h30, 38 casos positivos de Covid-19. Dessas confirma\u00e7\u00f5es, 32 pacientes j\u00e1 est\u00e3o curados, cinco seguem em isolamento domiciliar e h\u00e1 uma pessoa internada.<\/p>\n<\/div>\n<div class=\"row medium-uncollapsed content-media content-photo\" style=\"text-align: justify;\" data-block-type=\"backstage-photo\" data-block-id=\"23\">\n<div class=\"mc-column content-media__container\">\n<figure><img decoding=\"async\" class=\"i-amphtml-fill-content i-amphtml-replaced-content\" src=\"https:\/\/s2.glbimg.com\/4GVGanDfH3ulglSFZ6UFMPKfuR4=\/0x0:960x960\/984x0\/smart\/filters:strip_icc()\/i.s3.glbimg.com\/v1\/AUTH_59edd422c0c84a879bd37670ae4f538a\/internal_photos\/bs\/2020\/s\/M\/isTBvOSvmGCqVg8A4ZNg\/tupi.png\" sizes=\"(max-width: 1242px) 648px, 100vw\" srcset=\"https:\/\/s2.glbimg.com\/IqDt6a_i1rjbieUsYEIZZRWL5M0=\/0x0:960x960\/1000x0\/smart\/filters:strip_icc()\/i.s3.glbimg.com\/v1\/AUTH_59edd422c0c84a879bd37670ae4f538a\/internal_photos\/bs\/2020\/s\/M\/isTBvOSvmGCqVg8A4ZNg\/tupi.png 1000w, https:\/\/s2.glbimg.com\/4GVGanDfH3ulglSFZ6UFMPKfuR4=\/0x0:960x960\/984x0\/smart\/filters:strip_icc()\/i.s3.glbimg.com\/v1\/AUTH_59edd422c0c84a879bd37670ae4f538a\/internal_photos\/bs\/2020\/s\/M\/isTBvOSvmGCqVg8A4ZNg\/tupi.png 984w, https:\/\/s2.glbimg.com\/HziJIOU96HvRhYnSyYwh9-GzOG4=\/0x0:960x960\/640x0\/smart\/filters:strip_icc()\/i.s3.glbimg.com\/v1\/AUTH_59edd422c0c84a879bd37670ae4f538a\/internal_photos\/bs\/2020\/s\/M\/isTBvOSvmGCqVg8A4ZNg\/tupi.png 640w, https:\/\/s2.glbimg.com\/iq4kbjra3YUc6RT7yCmh_j03JDI=\/0x0:960x960\/600x0\/smart\/filters:strip_icc()\/i.s3.glbimg.com\/v1\/AUTH_59edd422c0c84a879bd37670ae4f538a\/internal_photos\/bs\/2020\/s\/M\/isTBvOSvmGCqVg8A4ZNg\/tupi.png 600w\" alt=\"Boletim de casos de coronav\u00edrus em Santo Anast\u00e1cio, em 27 de maio \u2014 Foto: Reprodu\u00e7\u00e3o\" \/><\/figure>\n<p class=\"content-media__description \">Boletim de casos de coronav\u00edrus em Santo Anast\u00e1cio, em 27 de maio \u2014 Foto: Reprodu\u00e7\u00e3o<\/p>\n<\/div>\n<\/div>\n<div class=\"mc-column content-text active-extra-styles\" style=\"text-align: justify;\" data-block-type=\"raw\" data-block-weight=\"2\" data-block-id=\"24\">\n<div class=\"content-intertitle\">\n<h2>Presidente Prudente<\/h2>\n<\/div>\n<\/div>\n<div class=\"mc-column content-text active-extra-styles \" style=\"text-align: justify;\" data-block-type=\"unstyled\" data-block-weight=\"44\" data-block-id=\"25\">\n<p class=\"content-text__container \" data-track-category=\"Link no Texto\" data-track-links=\"\">A Vigil\u00e2ncia Epidemiol\u00f3gica Municipal (VEM) de\u00a0<a href=\"https:\/\/g1.globo.com\/sp\/presidente-prudente-regiao\/cidade\/presidente-prudente\/\">Presidente Prudente<\/a>\u00a0recebeu mais 20 resultados de exames de coronav\u00edrus do Instituto Adolfo Lutz ou de laborat\u00f3rios conveniados ao \u00f3rg\u00e3o. Nesta quarta-feira (27), s\u00e3o 13 negativos e sete positivos.\u00a0<a href=\"https:\/\/g1.globo.com\/sp\/presidente-prudente-regiao\/noticia\/2020\/05\/27\/vigilancia-epidemiologica-anuncia-mais-sete-casos-positivos-da-covid-19-e-presidente-prudente-chega-a-129-confirmacoes.ghtml\">Com isso, a cidade contabiliza 129 confirma\u00e7\u00f5es de Covid-19<\/a>.<\/p>\n<\/div>\n<div class=\"mc-column content-text active-extra-styles \" style=\"text-align: justify;\" data-block-type=\"unstyled\" data-block-weight=\"35\" data-block-id=\"26\">\n<p class=\"content-text__container \" data-track-category=\"Link no Texto\" data-track-links=\"\">Entre os casos positivos desta quarta-feira, duas mulheres seguem hospitalizadas, sendo uma de 80 anos, que teve in\u00edcio dos sintomas no dia 17 deste m\u00eas, e outra de 68, cujos sintomas iniciaram no dia 12.<\/p>\n<\/div>\n<div class=\"mc-column content-text active-extra-styles \" style=\"text-align: justify;\" data-block-type=\"unstyled\" data-block-weight=\"62\" data-block-id=\"27\">\n<p class=\"content-text__container \" data-track-category=\"Link no Texto\" data-track-links=\"\">Os demais casos seguem em domic\u00edlio, sendo dois homens, ambos de 52 anos que apresentaram in\u00edcio dos sintomas nos dias 2 e 10 deste m\u00eas, e tr\u00eas mulheres com as seguintes idades: 27 anos, com in\u00edcio dos sintomas no dia 19, 30 anos, com sintomas iniciados no dia 20, e 58 anos, cujos sintomas tiveram in\u00edcio no dia 1\u00b0, segundo a VEM.<\/p>\n<\/div>\n<div class=\"row medium-uncollapsed content-media content-photo\" style=\"text-align: justify;\" data-block-type=\"backstage-photo\" data-block-id=\"29\">\n<div class=\"mc-column content-media__container\">\n<figure><img decoding=\"async\" class=\"i-amphtml-fill-content i-amphtml-replaced-content\" src=\"https:\/\/s2.glbimg.com\/oYARdDjHYDqnS4Jbege8RxVwJBY=\/0x0:1180x616\/984x0\/smart\/filters:strip_icc()\/i.s3.glbimg.com\/v1\/AUTH_59edd422c0c84a879bd37670ae4f538a\/internal_photos\/bs\/2020\/U\/o\/ACCiV2TO6wxz38F2FldQ\/boletim-corona-27-05-20.jpg\" sizes=\"(max-width: 1242px) 648px, 100vw\" srcset=\"https:\/\/s2.glbimg.com\/RCrR3_uJ7Jn0EuyoOUvGJlhu6NA=\/0x0:1180x616\/1000x0\/smart\/filters:strip_icc()\/i.s3.glbimg.com\/v1\/AUTH_59edd422c0c84a879bd37670ae4f538a\/internal_photos\/bs\/2020\/U\/o\/ACCiV2TO6wxz38F2FldQ\/boletim-corona-27-05-20.jpg 1000w, https:\/\/s2.glbimg.com\/oYARdDjHYDqnS4Jbege8RxVwJBY=\/0x0:1180x616\/984x0\/smart\/filters:strip_icc()\/i.s3.glbimg.com\/v1\/AUTH_59edd422c0c84a879bd37670ae4f538a\/internal_photos\/bs\/2020\/U\/o\/ACCiV2TO6wxz38F2FldQ\/boletim-corona-27-05-20.jpg 984w, https:\/\/s2.glbimg.com\/CxmlLmHtdJ9SBrCt3TuG-vn6oKo=\/0x0:1180x616\/640x0\/smart\/filters:strip_icc()\/i.s3.glbimg.com\/v1\/AUTH_59edd422c0c84a879bd37670ae4f538a\/internal_photos\/bs\/2020\/U\/o\/ACCiV2TO6wxz38F2FldQ\/boletim-corona-27-05-20.jpg 640w, https:\/\/s2.glbimg.com\/7OwvaWFYsk69UJ_DRRMZxLxXBN0=\/0x0:1180x616\/600x0\/smart\/filters:strip_icc()\/i.s3.glbimg.com\/v1\/AUTH_59edd422c0c84a879bd37670ae4f538a\/internal_photos\/bs\/2020\/U\/o\/ACCiV2TO6wxz38F2FldQ\/boletim-corona-27-05-20.jpg 600w\" alt=\"Boletim de casos de coronav\u00edrus em Presidente Prudente, em 27 de maio \u2014 Foto: Reprodu\u00e7\u00e3o\" \/><\/figure>\n<p class=\"content-media__description \">Boletim de casos de coronav\u00edrus em Presidente Prudente, em 27 de maio \u2014 Foto: Reprodu\u00e7\u00e3o<\/p>\n<\/div>\n<\/div>\n<div class=\"mc-column content-text active-extra-styles\" style=\"text-align: justify;\" data-block-type=\"raw\" data-block-weight=\"1\" data-block-id=\"30\">\n<div class=\"content-intertitle\">\n<h2>Indiana<\/h2>\n<\/div>\n<\/div>\n<div class=\"mc-column content-text active-extra-styles \" style=\"text-align: justify;\" data-block-type=\"unstyled\" data-block-weight=\"20\" data-block-id=\"31\">\n<p class=\"content-text__container \" data-track-category=\"Link no Texto\" data-track-links=\"\">A Prefeitura de\u00a0<a href=\"https:\/\/g1.globo.com\/sp\/presidente-prudente-regiao\/cidade\/indiana\/\">Indiana\u00a0<\/a>confirmou mais um caso positivo do novo coronav\u00edrus. Agora, a cidade totaliza dez confirma\u00e7\u00f5es da doen\u00e7a.<\/p>\n<\/div>\n<div class=\"mc-column content-text active-extra-styles \" style=\"text-align: justify;\" data-block-type=\"unstyled\" data-block-weight=\"41\" data-block-id=\"32\">\n<p class=\"content-text__container \" data-track-category=\"Link no Texto\" data-track-links=\"\">O novo paciente \u00e9 uma mulher que \u00e9 profissional da sa\u00fade em Presidente Prudente, mas reside em Indiana. Ela segue em isolamento domiciliar com o quadro de sa\u00fade est\u00e1vel, segundo a Prefeitura. A cidade ainda possui um caso suspeito de Covid-19.<\/p>\n<\/div>\n<div class=\"mc-column content-text active-extra-styles\" style=\"text-align: justify;\" data-block-type=\"raw\" data-block-weight=\"2\" data-block-id=\"33\">\n<div class=\"content-intertitle\">\n<h2>Flora Rica<\/h2>\n<\/div>\n<\/div>\n<div class=\"mc-column content-text active-extra-styles \" style=\"text-align: justify;\" data-block-type=\"unstyled\" data-block-weight=\"44\" data-block-id=\"34\">\n<p class=\"content-text__container \" data-track-category=\"Link no Texto\" data-track-links=\"\">A Secretaria Municipal de Sa\u00fade de\u00a0<a href=\"https:\/\/g1.globo.com\/sp\/presidente-prudente-regiao\/cidade\/flora-rica\/\">Flora Rica<\/a>\u00a0informou o primeiro caso positivo de Covid-19. Trata-se de um homem de 29 anos que est\u00e1 em isolamento domiciliar. Ele teve contato com um agente penitenci\u00e1rio que foi infectado pelo novo coronav\u00edrus, segundo a pasta municipal.<\/p>\n<\/div>\n<div class=\"mc-column content-text active-extra-styles\" style=\"text-align: justify;\" data-block-type=\"raw\" data-block-weight=\"1\" data-block-id=\"35\">\n<div class=\"content-intertitle\">\n<h2>Martin\u00f3polis<\/h2>\n<\/div>\n<\/div>\n<div class=\"mc-column content-text active-extra-styles \" data-block-type=\"unstyled\" data-block-weight=\"51\" data-block-id=\"36\">\n<p class=\"content-text__container \" style=\"text-align: justify;\" data-track-category=\"Link no Texto\" data-track-links=\"\">A Prefeitura confirmou mais um caso positivo da Covid-19 em\u00a0<a href=\"https:\/\/g1.globo.com\/sp\/presidente-prudente-regiao\/cidade\/martinopolis-sp\/\">Martin\u00f3polis<\/a>. Paciente \u00e9 uma mulher, de 41 anos, que est\u00e1 em recupera\u00e7\u00e3o. O munic\u00edpio ainda contabiliza 54 notifica\u00e7\u00f5es, contando com os testes r\u00e1pidos realizados em funcion\u00e1rios da Penitenci\u00e1ria de Pracinha, que residem em Martin\u00f3polis. A cidade tem um \u00f3bito pela doen\u00e7a.<\/p>\n<p style=\"text-align: justify;\" data-track-category=\"Link no Texto\" data-track-links=\"\">Fonte: G1<\/p>\n<p style=\"text-align: justify;\" data-track-category=\"Link no Texto\" data-track-links=\"\">\n<\/div>\n","protected":false},"excerpt":{"rendered":"<p>Cidades da regi\u00e3o de Presidente Prudente divulgaram nesta quarta-feira (27) novos casos confirmados de Covid-19, por meio das Secretarias Municipais de Sa\u00fade. Pacaembu Pacaembu\u00a0teve mais dois casos positivos de Covid-19 nesta quarta-feira. Segundo a Secretaria Municipal de Sa\u00fade, as notifica\u00e7\u00f5es foram confirmadas uma por teste r\u00e1pido e outra por exame laboratorial. A pasta ressaltou que [&hellip;]<\/p>\n","protected":false},"author":1,"featured_media":27013,"comment_status":"closed","ping_status":"open","sticky":false,"template":"","format":"standard","meta":{"footnotes":""},"categories":[110,122],"tags":[],"class_list":["post-27011","post","type-post","status-publish","format-standard","has-post-thumbnail","hentry","category-noticiasdestaque","category-saudeeducacaoeconcurso"],"_links":{"self":[{"href":"https:\/\/jorgezanoni.com.br\/2019\/wp-json\/wp\/v2\/posts\/27011","targetHints":{"allow":["GET"]}}],"collection":[{"href":"https:\/\/jorgezanoni.com.br\/2019\/wp-json\/wp\/v2\/posts"}],"about":[{"href":"https:\/\/jorgezanoni.com.br\/2019\/wp-json\/wp\/v2\/types\/post"}],"author":[{"embeddable":true,"href":"https:\/\/jorgezanoni.com.br\/2019\/wp-json\/wp\/v2\/users\/1"}],"replies":[{"embeddable":true,"href":"https:\/\/jorgezanoni.com.br\/2019\/wp-json\/wp\/v2\/comments?post=27011"}],"version-history":[{"count":0,"href":"https:\/\/jorgezanoni.com.br\/2019\/wp-json\/wp\/v2\/posts\/27011\/revisions"}],"wp:featuredmedia":[{"embeddable":true,"href":"https:\/\/jorgezanoni.com.br\/2019\/wp-json\/wp\/v2\/media\/27013"}],"wp:attachment":[{"href":"https:\/\/jorgezanoni.com.br\/2019\/wp-json\/wp\/v2\/media?parent=27011"}],"wp:term":[{"taxonomy":"category","embeddable":true,"href":"https:\/\/jorgezanoni.com.br\/2019\/wp-json\/wp\/v2\/categories?post=27011"},{"taxonomy":"post_tag","embeddable":true,"href":"https:\/\/jorgezanoni.com.br\/2019\/wp-json\/wp\/v2\/tags?post=27011"}],"curies":[{"name":"wp","href":"https:\/\/api.w.org\/{rel}","templated":true}]}}