{"id":27008,"date":"2020-05-27T23:54:52","date_gmt":"2020-05-27T23:54:52","guid":{"rendered":"https:\/\/jorgezanoni.com.br\/2019\/?p=27008"},"modified":"2020-05-27T23:54:52","modified_gmt":"2020-05-27T23:54:52","slug":"brasil-passa-de-400-mil-casos-confirmados-e-chega-a-25-598-mortes-por-covid-19-diz-ministerio","status":"publish","type":"post","link":"https:\/\/jorgezanoni.com.br\/2019\/brasil-passa-de-400-mil-casos-confirmados-e-chega-a-25-598-mortes-por-covid-19-diz-ministerio\/","title":{"rendered":"Brasil passa de 400 mil casos confirmados e chega a 25.598 mortes por Covid-19, diz minist\u00e9rio"},"content":{"rendered":"<h2 class=\"content-head__subtitle\" style=\"text-align: justify;\"><strong>Foram 1.086 \u00f3bitos inclu\u00eddos em 24 horas. Deste total, 500 ocorreram nos \u00faltimos 3 dias.<\/strong><\/h2>\n<div class=\"mc-column content-text active-extra-styles \" data-block-type=\"unstyled\" data-block-weight=\"24\" data-block-id=\"2\">\n<p class=\"content-text__container \" style=\"text-align: justify;\" data-track-category=\"Link no Texto\" data-track-links=\"\">O\u00a0<a href=\"https:\/\/g1.globo.com\/tudo-sobre\/ministerio-da-saude\/\">Minist\u00e9rio da Sa\u00fade\u00a0<\/a>divulgou nesta quarta-feira (27) seu mais recente balan\u00e7o de casos confirmados e mortes provocadas pela\u00a0<a href=\"https:\/\/g1.globo.com\/bemestar\/coronavirus\/\">Covid-19<\/a>. Os principais dados s\u00e3o:<\/p>\n<\/div>\n<div class=\"wall protected-content\">\n<div class=\"mc-column content-text active-extra-styles\" style=\"text-align: justify;\" data-block-type=\"raw\" data-block-weight=\"41\" data-block-id=\"3\">\n<ul class=\"content-unordered-list\">\n<li><strong>25.598 mortes<\/strong>, eram 24.512 na ter\u00e7a-feira<\/li>\n<li>Foram 1086 registros de morte inclu\u00eddos em 24 horas<\/li>\n<li><strong>411.821 casos confirmados<\/strong>, eram 391.222 na ter\u00e7a-feira<\/li>\n<li>Foram inclu\u00eddos 20.599 casos em 24 horas<\/li>\n<li>219. 576 pacientes est\u00e3o em acompanhamento (53% do total)<\/li>\n<li>166.647 recuperados (40%)<\/li>\n<\/ul>\n<\/div>\n<div class=\"mc-column content-text active-extra-styles \" style=\"text-align: justify;\" data-block-type=\"unstyled\" data-block-weight=\"31\" data-block-id=\"4\">\n<p class=\"content-text__container \" data-track-category=\"Link no Texto\" data-track-links=\"\">Ainda de acordo com o Minist\u00e9rio da Sa\u00fade, h\u00e1 4,1 mil mortes em investiga\u00e7\u00e3o. O estado de S\u00e3o Paulo tem o maior n\u00famero de casos confirmados (89.483) e mortes (6.712).<\/p>\n<\/div>\n<div class=\"mc-column content-text active-extra-styles\" style=\"text-align: justify;\" data-block-type=\"raw\" data-block-weight=\"42\" data-block-id=\"5\">\n<ul class=\"content-unordered-list\">\n<li><a href=\"https:\/\/g1.globo.com\/bemestar\/coronavirus\/noticia\/2020\/05\/27\/negros-sem-escolaridade-tem-4-vezes-mais-chances-de-morrer-por-covid-19-no-brasil-mostra-estudo.ghtml\">Negros sem escolaridade t\u00eam 4 vezes mais chances de morrer por Covid-19 no Brasil, mostra estudo<\/a><\/li>\n<li><a href=\"https:\/\/g1.globo.com\/bemestar\/coronavirus\/noticia\/2020\/05\/27\/brasil-e-o-pais-com-mais-mortes-de-enfermeiros-por-covid-19-no-mundo-dizem-entidades.ghtml\">Brasil \u00e9 o pa\u00eds com mais mortes de enfermeiros por Covid-19 no mundo, dizem entidades<\/a><\/li>\n<li><a href=\"https:\/\/g1.globo.com\/bemestar\/coronavirus\/noticia\/2020\/05\/27\/eua-registram-mais-de-100-mil-mortes-por-covid-19-segundo-levantamento.ghtml\">EUA registram mais de 100 mil mortes por Covid-19, segundo levantamento<\/a><\/li>\n<\/ul>\n<\/div>\n<div class=\"row medium-uncollapsed content-media content-photo\" data-block-type=\"backstage-photo\" data-block-id=\"6\">\n<div class=\"mc-column content-media__container\">\n<figure style=\"text-align: justify;\"><img decoding=\"async\" class=\"i-amphtml-fill-content i-amphtml-replaced-content\" src=\"https:\/\/s2.glbimg.com\/qK_RsE-M7NvL6NsFsPJMW9WWwn4=\/0x0:650x744\/984x0\/smart\/filters:strip_icc()\/i.s3.glbimg.com\/v1\/AUTH_59edd422c0c84a879bd37670ae4f538a\/internal_photos\/bs\/2020\/i\/o\/IGRv2aSB2SpwvvOir4Aw\/2705-evolucaocasos.png\" sizes=\"(max-width: 1242px) 648px, 100vw\" srcset=\"https:\/\/s2.glbimg.com\/xbjE_c07eViG2s3tGjP4DxL5yV8=\/0x0:650x744\/1000x0\/smart\/filters:strip_icc()\/i.s3.glbimg.com\/v1\/AUTH_59edd422c0c84a879bd37670ae4f538a\/internal_photos\/bs\/2020\/i\/o\/IGRv2aSB2SpwvvOir4Aw\/2705-evolucaocasos.png 1000w, https:\/\/s2.glbimg.com\/qK_RsE-M7NvL6NsFsPJMW9WWwn4=\/0x0:650x744\/984x0\/smart\/filters:strip_icc()\/i.s3.glbimg.com\/v1\/AUTH_59edd422c0c84a879bd37670ae4f538a\/internal_photos\/bs\/2020\/i\/o\/IGRv2aSB2SpwvvOir4Aw\/2705-evolucaocasos.png 984w, https:\/\/s2.glbimg.com\/sj3b9fIU25M2Z8eTwf6hASa497w=\/0x0:650x744\/640x0\/smart\/filters:strip_icc()\/i.s3.glbimg.com\/v1\/AUTH_59edd422c0c84a879bd37670ae4f538a\/internal_photos\/bs\/2020\/i\/o\/IGRv2aSB2SpwvvOir4Aw\/2705-evolucaocasos.png 640w, https:\/\/s2.glbimg.com\/RA3ADNFyN9RAc7GsTMoilgCxH6M=\/0x0:650x744\/600x0\/smart\/filters:strip_icc()\/i.s3.glbimg.com\/v1\/AUTH_59edd422c0c84a879bd37670ae4f538a\/internal_photos\/bs\/2020\/i\/o\/IGRv2aSB2SpwvvOir4Aw\/2705-evolucaocasos.png 600w\" alt=\"Casos de Covid-19 no Brasil at\u00e9 27\/05 \u2014 Foto: Arte\/G1\" \/><\/figure>\n<p class=\"content-media__description \" style=\"text-align: justify;\">Casos de Covid-19 no Brasil at\u00e9 27\/05 \u2014 Foto: Arte\/G1<\/p>\n<p style=\"text-align: justify;\">Fonte: https:\/\/g1.globo.com\/bemestar\/coronavirus\/noticia\/2020\/05\/27\/brasil-tem-25598-mortes-causadas-pelo-novo-coronavirus-aponta-boletim-do-ministerio-da-saude.ghtml<\/p>\n<\/div>\n<\/div>\n<\/div>\n","protected":false},"excerpt":{"rendered":"<p>Foram 1.086 \u00f3bitos inclu\u00eddos em 24 horas. Deste total, 500 ocorreram nos \u00faltimos 3 dias. O\u00a0Minist\u00e9rio da Sa\u00fade\u00a0divulgou nesta quarta-feira (27) seu mais recente balan\u00e7o de casos confirmados e mortes provocadas pela\u00a0Covid-19. Os principais dados s\u00e3o: 25.598 mortes, eram 24.512 na ter\u00e7a-feira Foram 1086 registros de morte inclu\u00eddos em 24 horas 411.821 casos confirmados, eram [&hellip;]<\/p>\n","protected":false},"author":1,"featured_media":27009,"comment_status":"closed","ping_status":"open","sticky":false,"template":"","format":"standard","meta":{"footnotes":""},"categories":[110,122],"tags":[],"class_list":["post-27008","post","type-post","status-publish","format-standard","has-post-thumbnail","hentry","category-noticiasdestaque","category-saudeeducacaoeconcurso"],"_links":{"self":[{"href":"https:\/\/jorgezanoni.com.br\/2019\/wp-json\/wp\/v2\/posts\/27008","targetHints":{"allow":["GET"]}}],"collection":[{"href":"https:\/\/jorgezanoni.com.br\/2019\/wp-json\/wp\/v2\/posts"}],"about":[{"href":"https:\/\/jorgezanoni.com.br\/2019\/wp-json\/wp\/v2\/types\/post"}],"author":[{"embeddable":true,"href":"https:\/\/jorgezanoni.com.br\/2019\/wp-json\/wp\/v2\/users\/1"}],"replies":[{"embeddable":true,"href":"https:\/\/jorgezanoni.com.br\/2019\/wp-json\/wp\/v2\/comments?post=27008"}],"version-history":[{"count":0,"href":"https:\/\/jorgezanoni.com.br\/2019\/wp-json\/wp\/v2\/posts\/27008\/revisions"}],"wp:featuredmedia":[{"embeddable":true,"href":"https:\/\/jorgezanoni.com.br\/2019\/wp-json\/wp\/v2\/media\/27009"}],"wp:attachment":[{"href":"https:\/\/jorgezanoni.com.br\/2019\/wp-json\/wp\/v2\/media?parent=27008"}],"wp:term":[{"taxonomy":"category","embeddable":true,"href":"https:\/\/jorgezanoni.com.br\/2019\/wp-json\/wp\/v2\/categories?post=27008"},{"taxonomy":"post_tag","embeddable":true,"href":"https:\/\/jorgezanoni.com.br\/2019\/wp-json\/wp\/v2\/tags?post=27008"}],"curies":[{"name":"wp","href":"https:\/\/api.w.org\/{rel}","templated":true}]}}