{"id":27005,"date":"2020-05-27T23:11:30","date_gmt":"2020-05-27T23:11:30","guid":{"rendered":"https:\/\/jorgezanoni.com.br\/2019\/?p=27005"},"modified":"2020-05-27T23:11:30","modified_gmt":"2020-05-27T23:11:30","slug":"veja-como-as-medidas-da-flexibilizacao-da-quarentena-anunciadas-pelo-governo-do-estado-afetam-a-regiao-de-presidente-prudente","status":"publish","type":"post","link":"https:\/\/jorgezanoni.com.br\/2019\/veja-como-as-medidas-da-flexibilizacao-da-quarentena-anunciadas-pelo-governo-do-estado-afetam-a-regiao-de-presidente-prudente\/","title":{"rendered":"Veja como as medidas da flexibiliza\u00e7\u00e3o da quarentena anunciadas pelo governo do Estado afetam a regi\u00e3o de Presidente Prudente"},"content":{"rendered":"<h2 class=\"content-head__subtitle\" style=\"text-align: justify;\"><strong>Plano da chamada &#8220;retomada consciente&#8221; ser\u00e1 feito por cinco etapas, divididas pelos Departamentos Regionais de Sa\u00fade (DRS).<\/strong><\/h2>\n<div class=\"mc-column content-text active-extra-styles active-capital-letter\" data-block-type=\"unstyled\" data-block-weight=\"37\" data-block-id=\"1\">\n<p class=\"content-text__container theme-color-primary-first-letter\" style=\"text-align: justify;\" data-track-category=\"Link no Texto\" data-track-links=\"\">O governo de S\u00e3o Paulo anunciou, no in\u00edcio da tarde desta quarta-feira (27), a prorroga\u00e7\u00e3o da quarentena no Estado por 15 dias, com flexibiliza\u00e7\u00f5es progressivas, que ser\u00e3o feitas levando em conta as caracter\u00edsticas de cada munic\u00edpio.<\/p>\n<\/div>\n<div class=\"wall protected-content\">\n<div class=\"mc-column content-text active-extra-styles \" style=\"text-align: justify;\" data-block-type=\"unstyled\" data-block-weight=\"25\" data-block-id=\"2\">\n<p class=\"content-text__container \" data-track-category=\"Link no Texto\" data-track-links=\"\">O\u00a0<a href=\"https:\/\/g1.globo.com\/sp\/sao-paulo\/noticia\/2020\/05\/27\/quarentena-em-sp-e-prorrogada-com-flexibilizacao-progressiva-em-diferentes-regioes-do-estado.ghtml\">plano da chamada &#8220;retomada consciente&#8221; ser\u00e1 feito por cinco etapas<\/a>, divididas pelos Departamentos Regionais de Sa\u00fade (DRSs), a partir do dia 1\u00ba de junho.<\/p>\n<\/div>\n<div class=\"mc-column content-text active-extra-styles \" style=\"text-align: justify;\" data-block-type=\"unstyled\" data-block-weight=\"36\" data-block-id=\"3\">\n<p class=\"content-text__container \" data-track-category=\"Link no Texto\" data-track-links=\"\">O DRS de Presidente Prudente, composto por 44 cidades, consta em amarelo no mapa, inclu\u00eddo na fase 3. J\u00e1 o DRS de Mar\u00edlia, que tem 12 munic\u00edpios dos Oeste Paulista, est\u00e1 em laranja, na fase 2.<\/p>\n<\/div>\n<div class=\"mc-column content-text active-extra-styles \" data-block-type=\"unstyled\" data-block-weight=\"18\" data-block-id=\"4\">\n<p class=\"content-text__container \" style=\"text-align: justify;\" data-track-category=\"Link no Texto\" data-track-links=\"\"><a href=\"https:\/\/saopaulo.sp.gov.br\/guia-coronavirus\/assets\/images\/20200527_PlanoSP_Coletiva_vf2.pdf\" target=\"_blank\" rel=\"noopener noreferrer\">Clique aqui e confira na \u00edntegra o plano de retomada apresentado pelo governo do Estado de S\u00e3o Paulo<\/a>.<\/p>\n<div class=\"mc-column content-text active-extra-styles \" style=\"text-align: justify;\" data-block-type=\"unstyled\" data-block-weight=\"24\" data-block-id=\"6\">\n<p class=\"content-text__container \" data-track-category=\"Link no Texto\" data-track-links=\"\">As regi\u00f5es ser\u00e3o classificadas em fases de acordo com os crit\u00e9rios definidos pela Secretaria Estadual da Sa\u00fade e pelo Comit\u00ea de Conting\u00eancia para Coronav\u00edrus.<\/p>\n<\/div>\n<div class=\"mc-column content-text active-extra-styles \" style=\"text-align: justify;\" data-block-type=\"unstyled\" data-block-weight=\"78\" data-block-id=\"7\">\n<p class=\"content-text__container \" data-track-category=\"Link no Texto\" data-track-links=\"\">A cor de cada regi\u00e3o do mapa \u00e9 determinada por uma s\u00e9rie de crit\u00e9rios, entre eles taxa de ocupa\u00e7\u00e3o de Unidades de Terapia Intensiva (UTIs) e total de leitos a cada 100 mil habitantes. Esses indicadores s\u00e3o avaliados junto com dados de mortes, casos e interna\u00e7\u00f5es por Covid-19 para determinar a fase em que se encontra cada regi\u00e3o. O governo n\u00e3o revelou, no entanto, qual \u00e9 o peso dado para cada indicador na defini\u00e7\u00e3o das fases por regi\u00e3o.<\/p>\n<\/div>\n<div class=\"content-ads content-ads--reveal\" style=\"text-align: justify;\" data-block-type=\"ads\" data-block-id=\"8\">\n<div id=\"banner_materia2\" class=\"tag-manager-publicidade-container mc-has-reveal mc-has-ad-lazyload tag-manager-publicidade-banner_materia2 tag-manager-publicidade-container--carregado tag-manager-publicidade-container--visivel\" data-id=\"banner_materia2\" data-google-query-id=\"COe-mcSU1ekCFdUUhgodj10PBg\" data-cid=\"138310795951\" data-lid=\"5360813643\">\n<div id=\"google_ads_iframe_\/95377733\/tvg_G1\/Sua_Regiao&gt;Sudeste&gt;Sao_Paulo_(Pres_Prudente)_2__container__\" style=\"box-sizing: inherit; margin: auto; padding: 0px; border: 0pt none; font: inherit; vertical-align: baseline; width: 970px; max-width: 100%; text-align: center;\"><\/div>\n<\/div>\n<\/div>\n<div class=\"mc-column content-text active-extra-styles \" style=\"text-align: justify;\" data-block-type=\"unstyled\" data-block-weight=\"9\" data-block-id=\"9\">\n<p class=\"content-text__container \" data-track-category=\"Link no Texto\" data-track-links=\"\">Ao\u00a0<strong>DRS de Presidente Prudente<\/strong>\u00a0pertencem as seguintes cidades:<\/p>\n<\/div>\n<div class=\"mc-column content-text active-extra-styles\" style=\"text-align: justify;\" data-block-type=\"raw\" data-block-weight=\"75\" data-block-id=\"10\">\n<ol class=\"content-ordered-list theme-ordered-list-color-primary\">\n<li>Alfredo Marcondes<\/li>\n<li>\u00c1lvares machado<\/li>\n<li>Anhumas<\/li>\n<li>Caiabu<\/li>\n<li>Caiu\u00e1<\/li>\n<li>Dracena<\/li>\n<li>Emilian\u00f3polis<\/li>\n<li>Estrela do norte<\/li>\n<li>Euclides da cunha paulista<\/li>\n<li>Flora rica<\/li>\n<li>Iep\u00ea<\/li>\n<li>Indiana<\/li>\n<li>Irapuru<\/li>\n<li>Jo\u00e3o Ramalho<\/li>\n<li>Junqueir\u00f3polis<\/li>\n<li>Marab\u00e1 paulista<\/li>\n<li>Martin\u00f3polis<\/li>\n<li>Mirante do Paranapanema<\/li>\n<li>Monte Castelo<\/li>\n<li>Nantes<\/li>\n<li>Narandiba<\/li>\n<li>Nova Guataporanga<\/li>\n<li>Ouro verde<\/li>\n<li>Panorama<\/li>\n<li>Paulic\u00e9ia<\/li>\n<li>Piquerobi<\/li>\n<li>Pirapozinho<\/li>\n<li>Presidente Bernardes<\/li>\n<li>Presidente Epit\u00e1cio<\/li>\n<li>Presidente prudente<\/li>\n<li>Presidente Venceslau<\/li>\n<li>Rancharia<\/li>\n<li>Regente Feij\u00f3<\/li>\n<li>Ribeir\u00e3o dos \u00edndios<\/li>\n<li>Rosana<\/li>\n<li>Sandovalina<\/li>\n<li>Santa Mercedes<\/li>\n<li>Santo Anast\u00e1cio<\/li>\n<li>Santo Expedito<\/li>\n<li>S\u00e3o Jo\u00e3o do Pau D&#8217;alho<\/li>\n<li>Taciba<\/li>\n<li>Tarabai<\/li>\n<li>Teodoro Sampaio<\/li>\n<li>Tupi Paulista<\/li>\n<\/ol>\n<\/div>\n<div class=\"mc-column content-text active-extra-styles \" style=\"text-align: justify;\" data-block-type=\"unstyled\" data-block-weight=\"20\" data-block-id=\"11\">\n<p class=\"content-text__container \" data-track-category=\"Link no Texto\" data-track-links=\"\">J\u00e1 as cidades do Oeste Paulista que pertencem ao\u00a0<strong>DRS de Mar\u00edlia<\/strong>, que consta na fase 2, em laranja, s\u00e3o:<\/p>\n<\/div>\n<div class=\"mc-column content-text active-extra-styles\" style=\"text-align: justify;\" data-block-type=\"raw\" data-block-weight=\"15\" data-block-id=\"12\">\n<ol class=\"content-ordered-list theme-ordered-list-color-primary\">\n<li>Adamantina<\/li>\n<li>Fl\u00f3rida Paulista<\/li>\n<li>In\u00fabia Paulista<\/li>\n<li>Luc\u00e9lia<\/li>\n<li>Mari\u00e1polis<\/li>\n<li>Osvaldo cruz<\/li>\n<li>Pacaembu<\/li>\n<li>Parapu\u00e3<\/li>\n<li>Pracinha<\/li>\n<li>Rin\u00f3polis<\/li>\n<li>Sagres<\/li>\n<li>Salmour\u00e3o<\/li>\n<\/ol>\n<\/div>\n<div class=\"row medium-uncollapsed content-media content-photo\" style=\"text-align: justify;\" data-block-type=\"backstage-photo\" data-block-id=\"13\">\n<div class=\"column medium-22 large-20 medium-centered content-media__container\">\n<figure><img decoding=\"async\" class=\"i-amphtml-fill-content i-amphtml-replaced-content\" src=\"https:\/\/s2.glbimg.com\/1vvMk9LZMmyXIxufSXF0L5TiQCg=\/0x0:1008x529\/1008x0\/smart\/filters:strip_icc()\/i.s3.glbimg.com\/v1\/AUTH_59edd422c0c84a879bd37670ae4f538a\/internal_photos\/bs\/2020\/w\/L\/SQsRCFQMe1V18vD8AiSQ\/plano-1.jpg\" srcset=\"\" alt=\"Plano do governo de S\u00e3o Paulo para flexibiliza\u00e7\u00e3o da quarentena no estado \u2014 Foto: Governo de S\u00e3o Paulo\/Divulga\u00e7\u00e3o\" \/><\/figure>\n<p class=\"content-media__description \">Plano do governo de S\u00e3o Paulo para flexibiliza\u00e7\u00e3o da quarentena no estado \u2014 Foto: Governo de S\u00e3o Paulo\/Divulga\u00e7\u00e3o<\/p>\n<\/div>\n<\/div>\n<div class=\"mc-column content-text active-extra-styles\" style=\"text-align: justify;\" data-block-type=\"raw\" data-block-weight=\"63\" data-block-id=\"14\">\n<ul class=\"content-unordered-list\">\n<li><strong>Fase 1, vermelha:<\/strong>\u00a0alerta m\u00e1ximo, funcionamento permitido somente aos servi\u00e7os essenciais<\/li>\n<li><strong>Fase 2, laranja:<\/strong>\u00a0controle, possibilidade de aberturas com restri\u00e7\u00f5es<\/li>\n<li><strong>Fase 3, amarela:<\/strong>\u00a0abertura de um n\u00famero maior de setores<\/li>\n<li><strong>Fase 4, verde:<\/strong>\u00a0abertura de um n\u00famero maior de setores em rela\u00e7\u00e3o \u00e0 fase 3<\/li>\n<li><strong>Fase 5, azul:<\/strong>\u00a0&#8220;Normal controlado&#8221; &#8211; todos os setores em funcionamento, mas mantendo medidas de distanciamento e higiene<\/li>\n<\/ul>\n<\/div>\n<div class=\"mc-column content-text active-extra-styles \" style=\"text-align: justify;\" data-block-type=\"unstyled\" data-block-weight=\"18\" data-block-id=\"15\">\n<p class=\"content-text__container \" data-track-category=\"Link no Texto\" data-track-links=\"\">Pela classifica\u00e7\u00e3o, para os munic\u00edpios do\u00a0<strong>DRS de Presidente Prudente,<\/strong> na fase 3, em amarelo, ficou determinado que:<\/p>\n<\/div>\n<div class=\"mc-column content-text active-extra-styles\" style=\"text-align: justify;\" data-block-type=\"raw\" data-block-weight=\"41\" data-block-id=\"17\">\n<ul class=\"content-unordered-list\">\n<li><strong>Podem funcionar:<\/strong>\u00a0atividades imobili\u00e1rias; concession\u00e1rias; escrit\u00f3rios; ind\u00fastria n\u00e3o essencial; e constru\u00e7\u00e3o civil.<\/li>\n<li><strong>Podem abrir com restri\u00e7\u00f5es:<\/strong>\u00a0bares, restaurantes e similares; com\u00e9rcio; shopping center; e sal\u00e3o de beleza.<\/li>\n<li><strong>Permane\u00e7am fechados:<\/strong>\u00a0espa\u00e7os p\u00fablicos; academias; teatro e cinema; eventos que gerem aglomera\u00e7\u00e3o, inclusive esportivos.<\/li>\n<\/ul>\n<\/div>\n<div class=\"mc-column content-text active-extra-styles \" style=\"text-align: justify;\" data-block-type=\"unstyled\" data-block-weight=\"8\" data-block-id=\"18\">\n<p class=\"content-text__container \" data-track-category=\"Link no Texto\" data-track-links=\"\">J\u00e1 para as cidades do\u00a0<strong>DRS de Mar\u00edlia<\/strong>:<\/p>\n<\/div>\n<div class=\"mc-column content-text active-extra-styles\" style=\"text-align: justify;\" data-block-type=\"raw\" data-block-weight=\"41\" data-block-id=\"19\">\n<ul class=\"content-unordered-list\">\n<li><strong>Podem funcionar:<\/strong>\u00a0ind\u00fastria n\u00e3o essencial; e constru\u00e7\u00e3o civil.<\/li>\n<li><strong>Podem abrir com restri\u00e7\u00f5es:<\/strong>\u00a0atividades imobili\u00e1rias; concession\u00e1rias; escrit\u00f3rios; com\u00e9rcio; e shopping center.<\/li>\n<li><strong>Permane\u00e7am fechados:\u00a0<\/strong>espa\u00e7os p\u00fablicos; bares, restaurantes e similares; sal\u00f5es de beleza; academias, teatro e cinemas, eventos que gerem aglomera\u00e7\u00e3o, inclusive esportivos.<\/li>\n<\/ul>\n<\/div>\n<div class=\"mc-column content-text active-extra-styles \" style=\"text-align: justify;\" data-block-type=\"unstyled\" data-block-weight=\"22\" data-block-id=\"20\">\n<p class=\"content-text__container \" data-track-category=\"Link no Texto\" data-track-links=\"\">A retomada de aulas presenciais no setor de educa\u00e7\u00e3o e o retorno da capacidade total das frotas de transportes seguem sem previs\u00e3o.<\/p>\n<\/div>\n<div class=\"mc-column content-text active-extra-styles \" style=\"text-align: justify;\" data-block-type=\"unstyled\" data-block-weight=\"49\" data-block-id=\"21\">\n<p class=\"content-text__container \" data-track-category=\"Link no Texto\" data-track-links=\"\">As regi\u00f5es ser\u00e3o avaliadas periodicamente de acordo com os indicadores de sa\u00fade, verificando se cumprem os crit\u00e9rios para avan\u00e7arem a uma fase de maior relaxamento a cada 14 dias ou voltarem para uma fase mais restrita a cada 7 dias (ou imediatamente, caso haja evid\u00eancia da piora da situa\u00e7\u00e3o).<\/p>\n<\/div>\n<div class=\"mc-column content-text active-extra-styles \" style=\"text-align: justify;\" data-block-type=\"unstyled\" data-block-weight=\"20\" data-block-id=\"22\">\n<p class=\"content-text__container \" data-track-category=\"Link no Texto\" data-track-links=\"\">\u00cdndice de isolamento, n\u00famero de casos da doen\u00e7a e taxa de ocupa\u00e7\u00e3o dos leitos de UTI s\u00e3o os principais crit\u00e9rios.<\/p>\n<\/div>\n<div class=\"mc-column content-text active-extra-styles\" style=\"text-align: justify;\" data-block-type=\"raw\" data-block-weight=\"16\" data-block-id=\"23\">\n<ul class=\"content-unordered-list\">\n<li><a href=\"https:\/\/g1.globo.com\/sp\/sao-paulo\/noticia\/2020\/05\/27\/quarentena-em-sp-e-prorrogada-com-flexibilizacao-progressiva-em-diferentes-regioes-do-estado.ghtml\">Quarentena em SP \u00e9 prorrogada por 15 dias com flexibiliza\u00e7\u00e3o progressiva em diferentes regi\u00f5es do estado<\/a><\/li>\n<\/ul>\n<\/div>\n<div class=\"mc-column content-text active-extra-styles \" style=\"text-align: justify;\" data-block-type=\"unstyled\" data-block-weight=\"9\" data-block-id=\"24\">\n<p class=\"content-text__container \" data-track-category=\"Link no Texto\" data-track-links=\"\">Pelo plano, s\u00f3 poder\u00e3o iniciar a retomada das atividades:<\/p>\n<\/div>\n<div class=\"mc-column content-text active-extra-styles\" style=\"text-align: justify;\" data-block-type=\"raw\" data-block-weight=\"35\" data-block-id=\"25\">\n<ul class=\"content-unordered-list\">\n<li>As cidades que tiverem redu\u00e7\u00e3o no n\u00famero de novos casos por 14 dias seguidos;<\/li>\n<li>As cidades que tiverem disponibilidade de leitos de UTI;<\/li>\n<li>Com manuten\u00e7\u00e3o do distanciamento social nos ambientes p\u00fablicos;<\/li>\n<li>Uso obrigat\u00f3rio de m\u00e1scaras.<\/li>\n<\/ul>\n<\/div>\n<div class=\"mc-column content-text active-extra-styles \" style=\"text-align: justify;\" data-block-type=\"unstyled\" data-block-weight=\"38\" data-block-id=\"26\">\n<p class=\"content-text__container \" data-track-category=\"Link no Texto\" data-track-links=\"\">De acordo com o plano, os munic\u00edpios que estiverem nas fases 2, 3 e 4 poder\u00e3o flexibilizar determinados setores anunciados anteriormente e essa flexibiliza\u00e7\u00e3o dever\u00e1 ser feita por decreto pelos prefeitos das cidades observando tamb\u00e9m os planos regionais.<\/p>\n<\/div>\n<div class=\"mc-column content-text active-extra-styles \" style=\"text-align: justify;\" data-block-type=\"unstyled\" data-block-weight=\"28\" data-block-id=\"27\">\n<p class=\"content-text__container \" data-track-category=\"Link no Texto\" data-track-links=\"\">H\u00e1 ainda dois pr\u00e9-requisitos para a flexibiliza\u00e7\u00e3o: ades\u00e3o aos protocolos de testagem; e os prefeitos dever\u00e3o apresentar fundamenta\u00e7\u00e3o cient\u00edfica para libera\u00e7\u00e3o que cite fatores locais relacionados ao munic\u00edpio.<\/p>\n<\/div>\n<div class=\"content-ads content-ads--reveal\" data-block-type=\"ads\" data-block-id=\"28\">\n<div id=\"banner_materia__782f5b6a-f2d9-4f5c-a8d7-747225b3f38b\" class=\"tag-manager-publicidade-container mc-has-reveal mc-has-ad-lazyload tag-manager-publicidade-banner_materia__782f5b6a-f2d9-4f5c-a8d7-747225b3f38b tag-manager-publicidade-container--carregado tag-manager-publicidade-container--visivel\" style=\"text-align: justify;\" data-id=\"banner_materia__782f5b6a-f2d9-4f5c-a8d7-747225b3f38b\" data-google-query-id=\"CLbE9MuU1ekCFQ4PhgodgrsPkg\" data-cid=\"138308407380\" data-lid=\"5368513405\">Fonte: G1<\/div>\n<\/div>\n<\/div>\n<\/div>\n","protected":false},"excerpt":{"rendered":"<p>Plano da chamada &#8220;retomada consciente&#8221; ser\u00e1 feito por cinco etapas, divididas pelos Departamentos Regionais de Sa\u00fade (DRS). O governo de S\u00e3o Paulo anunciou, no in\u00edcio da tarde desta quarta-feira (27), a prorroga\u00e7\u00e3o da quarentena no Estado por 15 dias, com flexibiliza\u00e7\u00f5es progressivas, que ser\u00e3o feitas levando em conta as caracter\u00edsticas de cada munic\u00edpio. O\u00a0plano da [&hellip;]<\/p>\n","protected":false},"author":1,"featured_media":27006,"comment_status":"closed","ping_status":"open","sticky":false,"template":"","format":"standard","meta":{"footnotes":""},"categories":[110,116],"tags":[],"class_list":["post-27005","post","type-post","status-publish","format-standard","has-post-thumbnail","hentry","category-noticiasdestaque","category-politicaeeconomia"],"_links":{"self":[{"href":"https:\/\/jorgezanoni.com.br\/2019\/wp-json\/wp\/v2\/posts\/27005","targetHints":{"allow":["GET"]}}],"collection":[{"href":"https:\/\/jorgezanoni.com.br\/2019\/wp-json\/wp\/v2\/posts"}],"about":[{"href":"https:\/\/jorgezanoni.com.br\/2019\/wp-json\/wp\/v2\/types\/post"}],"author":[{"embeddable":true,"href":"https:\/\/jorgezanoni.com.br\/2019\/wp-json\/wp\/v2\/users\/1"}],"replies":[{"embeddable":true,"href":"https:\/\/jorgezanoni.com.br\/2019\/wp-json\/wp\/v2\/comments?post=27005"}],"version-history":[{"count":0,"href":"https:\/\/jorgezanoni.com.br\/2019\/wp-json\/wp\/v2\/posts\/27005\/revisions"}],"wp:featuredmedia":[{"embeddable":true,"href":"https:\/\/jorgezanoni.com.br\/2019\/wp-json\/wp\/v2\/media\/27006"}],"wp:attachment":[{"href":"https:\/\/jorgezanoni.com.br\/2019\/wp-json\/wp\/v2\/media?parent=27005"}],"wp:term":[{"taxonomy":"category","embeddable":true,"href":"https:\/\/jorgezanoni.com.br\/2019\/wp-json\/wp\/v2\/categories?post=27005"},{"taxonomy":"post_tag","embeddable":true,"href":"https:\/\/jorgezanoni.com.br\/2019\/wp-json\/wp\/v2\/tags?post=27005"}],"curies":[{"name":"wp","href":"https:\/\/api.w.org\/{rel}","templated":true}]}}