{"id":26995,"date":"2020-05-27T20:51:58","date_gmt":"2020-05-27T20:51:58","guid":{"rendered":"https:\/\/jorgezanoni.com.br\/2019\/?p=26995"},"modified":"2020-05-27T20:51:58","modified_gmt":"2020-05-27T20:51:58","slug":"entenda-como-funcionam-os-criterios-e-as-fases-da-retomada-da-economia-do-estado-de-sao-paulo","status":"publish","type":"post","link":"https:\/\/jorgezanoni.com.br\/2019\/entenda-como-funcionam-os-criterios-e-as-fases-da-retomada-da-economia-do-estado-de-sao-paulo\/","title":{"rendered":"Entenda como funcionam os crit\u00e9rios e as fases da retomada da economia do Estado de S\u00e3o Paulo"},"content":{"rendered":"<p style=\"text-align: justify;\"><strong>ENTENDA COMO FUNCIONAM OS CRIT\u00c9RIOS E AS FASES DA RETOMADA DA ECONOMIA DE S\u00c3O PAULO<\/strong><\/p>\n<p style=\"text-align: justify;\">\ud83d\udd39 A retomada consciente dos setores da economia come\u00e7a a funcionar em 1\u00ba de junho. O estado est\u00e1 dividido em 17 Divis\u00f5es Regionais de Sa\u00fade, que est\u00e3o categorizadas segundo uma escala com 5 n\u00edveis de abertura econ\u00f4mica.<\/p>\n<p style=\"text-align: justify;\">\ud83d\udd39 Cada regi\u00e3o poder\u00e1 reabrir determinados setores de acordo com a fase em que se encontra. As regras s\u00e3o: m\u00e9dia da taxa de ocupa\u00e7\u00e3o de leitos de UTI exclusivas para pacientes com coronav\u00edrus, n\u00famero de novas interna\u00e7\u00f5es no mesmo per\u00edodo e o n\u00famero de \u00f3bitos.<\/p>\n<p style=\"text-align: justify;\">\ud83d\udd39 A requalifica\u00e7\u00e3o de fase para ser mais restritivo pode ser feita semanalmente, caso a regi\u00e3o piore os \u00edndices. Para que ela seja promovida a uma fase com menos restri\u00e7\u00f5es e mais aberturas ser\u00e3o necess\u00e1rias duas semanas.<\/p>\n<p style=\"text-align: justify;\">\ud83d\udd39 O Plano d\u00e1 autonomia para que prefeitos diminuam ou aumentem as restri\u00e7\u00f5es de acordo com os limites estabelecidos pelo Estado, desde que apresentem os pr\u00e9-requisitos embasados em defini\u00e7\u00f5es t\u00e9cnicas e cient\u00edficas.<\/p>\n<p style=\"text-align: justify;\">Segue o link com todos os detalhes:<br \/>\nhttps:\/\/www.saopaulo.sp.gov.br\/wp-content\/uploads\/2020\/05\/plano-sp-fases-e-criterios.pdf<\/p>\n","protected":false},"excerpt":{"rendered":"<p>ENTENDA COMO FUNCIONAM OS CRIT\u00c9RIOS E AS FASES DA RETOMADA DA ECONOMIA DE S\u00c3O PAULO \ud83d\udd39 A retomada consciente dos setores da economia come\u00e7a a funcionar em 1\u00ba de junho. O estado est\u00e1 dividido em 17 Divis\u00f5es Regionais de Sa\u00fade, que est\u00e3o categorizadas segundo uma escala com 5 n\u00edveis de abertura econ\u00f4mica. \ud83d\udd39 Cada regi\u00e3o [&hellip;]<\/p>\n","protected":false},"author":1,"featured_media":26996,"comment_status":"closed","ping_status":"open","sticky":false,"template":"","format":"standard","meta":{"footnotes":""},"categories":[110,116],"tags":[],"class_list":["post-26995","post","type-post","status-publish","format-standard","has-post-thumbnail","hentry","category-noticiasdestaque","category-politicaeeconomia"],"_links":{"self":[{"href":"https:\/\/jorgezanoni.com.br\/2019\/wp-json\/wp\/v2\/posts\/26995","targetHints":{"allow":["GET"]}}],"collection":[{"href":"https:\/\/jorgezanoni.com.br\/2019\/wp-json\/wp\/v2\/posts"}],"about":[{"href":"https:\/\/jorgezanoni.com.br\/2019\/wp-json\/wp\/v2\/types\/post"}],"author":[{"embeddable":true,"href":"https:\/\/jorgezanoni.com.br\/2019\/wp-json\/wp\/v2\/users\/1"}],"replies":[{"embeddable":true,"href":"https:\/\/jorgezanoni.com.br\/2019\/wp-json\/wp\/v2\/comments?post=26995"}],"version-history":[{"count":0,"href":"https:\/\/jorgezanoni.com.br\/2019\/wp-json\/wp\/v2\/posts\/26995\/revisions"}],"wp:featuredmedia":[{"embeddable":true,"href":"https:\/\/jorgezanoni.com.br\/2019\/wp-json\/wp\/v2\/media\/26996"}],"wp:attachment":[{"href":"https:\/\/jorgezanoni.com.br\/2019\/wp-json\/wp\/v2\/media?parent=26995"}],"wp:term":[{"taxonomy":"category","embeddable":true,"href":"https:\/\/jorgezanoni.com.br\/2019\/wp-json\/wp\/v2\/categories?post=26995"},{"taxonomy":"post_tag","embeddable":true,"href":"https:\/\/jorgezanoni.com.br\/2019\/wp-json\/wp\/v2\/tags?post=26995"}],"curies":[{"name":"wp","href":"https:\/\/api.w.org\/{rel}","templated":true}]}}