{"id":26992,"date":"2020-05-27T20:42:34","date_gmt":"2020-05-27T20:42:34","guid":{"rendered":"https:\/\/jorgezanoni.com.br\/2019\/?p=26992"},"modified":"2020-05-27T20:42:34","modified_gmt":"2020-05-27T20:42:34","slug":"deputado-bragato-destina-mais-r-690-mil-para-combate-ao-coronavirus-em-quatro-municipios-da-alta-paulista","status":"publish","type":"post","link":"https:\/\/jorgezanoni.com.br\/2019\/deputado-bragato-destina-mais-r-690-mil-para-combate-ao-coronavirus-em-quatro-municipios-da-alta-paulista\/","title":{"rendered":"Deputado Bragato destina mais R$ 690 mil para combate ao coronav\u00edrus em quatro munic\u00edpios da Alta Paulista"},"content":{"rendered":"<p style=\"text-align: justify;\">O deputado Mauro Bragato destinou mais R$ 690 mil para as cidades de Adamantina, Dracena, Osvaldo Cruz e Tup\u00e3 para custeio do setor da sa\u00fade e aux\u00edlio no combate \u00e0 pandemia da covid-19 na regi\u00e3o. O recurso ser\u00e1 transferido pela Secretaria Estadual da Sa\u00fade.<\/p>\n<p style=\"text-align: justify;\">Bragato mant\u00e9m constante di\u00e1logo com o secret\u00e1rio Jos\u00e9 Henrique Germann Ferreira para debater a\u00e7\u00f5es para a sa\u00fade da Alta Paulista e buscar recursos para a sa\u00fade.<\/p>\n<p style=\"text-align: justify;\">\u201cEste \u00e9 o momento em que precisamos olhar para a sa\u00fade p\u00fablica. A pandemia causada pelo novo coronav\u00edrus trouxe um impacto enorme ao setor, extrapolando, inclusive, os efeitos da pr\u00f3pria doen\u00e7a Covid-19. O que posso fazer, estou fazendo: medidas para ajudar nessa batalha\u201d, destacou o parlamentar.<\/p>\n<p style=\"text-align: justify;\">Bragato j\u00e1 havia liberado R$ 2,5 milh\u00f5es de sua cota de emendas parlamentares para os hospitais filantr\u00f3picos, santas casas e prefeituras, al\u00e9m de articular junto ao Governo do Estado de S\u00e3o Paulo a libera\u00e7\u00e3o de mais R$ 8,5 milh\u00f5es para 100 munic\u00edpios do Oeste Paulista combaterem a pandemia.<\/p>\n<p style=\"text-align: justify;\">Confira o valor destinado a cada cidade:<\/p>\n<p style=\"text-align: justify;\">R$ 180 mil para a Irmandade Da Santa Casa De Miseric\u00f3rdia de Adamantina<\/p>\n<p style=\"text-align: justify;\">R$ 180 mil para a Irmandade da Santa Casa de Miseric\u00f3rdia e Maternidade de Dracena<\/p>\n<p style=\"text-align: justify;\">R$ 180 mil para a Secretaria da Sa\u00fade da Prefeitura Municipal de Osvaldo Cruz<\/p>\n<p style=\"text-align: justify;\">R$ 150 mil para a Santa Casa de Miseric\u00f3rdia de Tup\u00e3<\/p>\n<p style=\"text-align: justify;\">Fonte: Assessoria de Imprensa Deputado Mauro Bragato<\/p>\n","protected":false},"excerpt":{"rendered":"<p>O deputado Mauro Bragato destinou mais R$ 690 mil para as cidades de Adamantina, Dracena, Osvaldo Cruz e Tup\u00e3 para custeio do setor da sa\u00fade e aux\u00edlio no combate \u00e0 pandemia da covid-19 na regi\u00e3o. O recurso ser\u00e1 transferido pela Secretaria Estadual da Sa\u00fade. Bragato mant\u00e9m constante di\u00e1logo com o secret\u00e1rio Jos\u00e9 Henrique Germann Ferreira [&hellip;]<\/p>\n","protected":false},"author":1,"featured_media":26993,"comment_status":"closed","ping_status":"open","sticky":false,"template":"","format":"standard","meta":{"footnotes":""},"categories":[116],"tags":[],"class_list":["post-26992","post","type-post","status-publish","format-standard","has-post-thumbnail","hentry","category-politicaeeconomia"],"_links":{"self":[{"href":"https:\/\/jorgezanoni.com.br\/2019\/wp-json\/wp\/v2\/posts\/26992","targetHints":{"allow":["GET"]}}],"collection":[{"href":"https:\/\/jorgezanoni.com.br\/2019\/wp-json\/wp\/v2\/posts"}],"about":[{"href":"https:\/\/jorgezanoni.com.br\/2019\/wp-json\/wp\/v2\/types\/post"}],"author":[{"embeddable":true,"href":"https:\/\/jorgezanoni.com.br\/2019\/wp-json\/wp\/v2\/users\/1"}],"replies":[{"embeddable":true,"href":"https:\/\/jorgezanoni.com.br\/2019\/wp-json\/wp\/v2\/comments?post=26992"}],"version-history":[{"count":0,"href":"https:\/\/jorgezanoni.com.br\/2019\/wp-json\/wp\/v2\/posts\/26992\/revisions"}],"wp:featuredmedia":[{"embeddable":true,"href":"https:\/\/jorgezanoni.com.br\/2019\/wp-json\/wp\/v2\/media\/26993"}],"wp:attachment":[{"href":"https:\/\/jorgezanoni.com.br\/2019\/wp-json\/wp\/v2\/media?parent=26992"}],"wp:term":[{"taxonomy":"category","embeddable":true,"href":"https:\/\/jorgezanoni.com.br\/2019\/wp-json\/wp\/v2\/categories?post=26992"},{"taxonomy":"post_tag","embeddable":true,"href":"https:\/\/jorgezanoni.com.br\/2019\/wp-json\/wp\/v2\/tags?post=26992"}],"curies":[{"name":"wp","href":"https:\/\/api.w.org\/{rel}","templated":true}]}}