{"id":2699,"date":"2019-08-03T21:07:13","date_gmt":"2019-08-03T21:07:13","guid":{"rendered":"https:\/\/jorgezanoni.com.br\/2019\/?p=2699"},"modified":"2019-08-03T21:07:13","modified_gmt":"2019-08-03T21:07:13","slug":"motociclista-morre-apos-colidir-em-bicicleta-de-catador-de-reciclaveis-em-aracatuba","status":"publish","type":"post","link":"https:\/\/jorgezanoni.com.br\/2019\/motociclista-morre-apos-colidir-em-bicicleta-de-catador-de-reciclaveis-em-aracatuba\/","title":{"rendered":"Motociclista morre ap\u00f3s colidir em bicicleta de catador de recicl\u00e1veis em Ara\u00e7atuba"},"content":{"rendered":"<h2 class=\"content-head__subtitle\" style=\"text-align: justify;\"><strong>De acordo com a Pol\u00edcia Militar, v\u00edtima sofreu mal s\u00fabito antes da batida; rapaz chegou a ser socorrido, mas n\u00e3o resistiu.<\/strong><\/h2>\n<div class=\"mc-column content-text active-extra-styles \" data-block-type=\"unstyled\" data-block-weight=\"37\" data-block-id=\"2\">\n<p class=\"content-text__container \" style=\"text-align: justify;\" data-track-category=\"Link no Texto\" data-track-links=\"\">Um motociclista de 34 anos morreu depois de sofrer um mal s\u00fabito e bater a moto que pilotava em uma bicicleta com materiais recicl\u00e1veis, no bairro Verde Parque, em Ara\u00e7atuba (SP), na noite de sexta-feira (2).<\/p>\n<\/div>\n<div class=\"wall protected-content\">\n<div class=\"mc-column content-text active-extra-styles \" style=\"text-align: justify;\" data-block-type=\"unstyled\" data-block-weight=\"33\" data-block-id=\"3\">\n<p class=\"content-text__container \" data-track-category=\"Link no Texto\" data-track-links=\"\">De acordo com a Pol\u00edcia Militar, o motociclista trafegava pela Rua Carlos Berger, quando passou mal, perdeu o controle do ve\u00edculo e colidiu com a bicicleta de um catador de materiais recicl\u00e1veis.<\/p>\n<\/div>\n<div class=\"mc-column content-text active-extra-styles \" style=\"text-align: justify;\" data-block-type=\"unstyled\" data-block-weight=\"30\" data-block-id=\"4\">\n<p class=\"content-text__container \" data-track-category=\"Link no Texto\" data-track-links=\"\">O Corpo de Bombeiros foi acionado ao local da batida, realizou manobras de reanima\u00e7\u00e3o, mas a v\u00edtima n\u00e3o resistiu aos ferimentos e morreu antes de chegar na Santa Casa.<\/p>\n<\/div>\n<div class=\"mc-column content-text active-extra-styles \" style=\"text-align: justify;\" data-block-type=\"unstyled\" data-block-weight=\"24\" data-block-id=\"5\">\n<p class=\"content-text__container \" data-track-category=\"Link no Texto\" data-track-links=\"\">Ainda segundo a corpora\u00e7\u00e3o, o catador de materiais recicl\u00e1veis sofreu apenas um corte na cabe\u00e7a e n\u00e3o foi levado para nenhuma unidade hospitalar.<\/p>\n<\/div>\n<div class=\"mc-column content-text active-extra-styles\" style=\"text-align: justify;\" data-block-type=\"raw\" data-block-weight=\"2\" data-block-id=\"6\">\n<div class=\"content-intertitle\">\n<h2>Outro acidente<\/h2>\n<\/div>\n<\/div>\n<div class=\"mc-column content-text active-extra-styles \" style=\"text-align: justify;\" data-block-type=\"unstyled\" data-block-weight=\"25\" data-block-id=\"7\">\n<p class=\"content-text__container \" data-track-category=\"Link no Texto\" data-track-links=\"\">Na mesma noite, um homem de 38 anos ficou gravemente ferido ap\u00f3s se envolver em um acidente no bairro Ipanema, em Ara\u00e7atuba (SP).<\/p>\n<\/div>\n<div class=\"mc-column content-text active-extra-styles \" style=\"text-align: justify;\" data-block-type=\"unstyled\" data-block-weight=\"28\" data-block-id=\"8\">\n<p class=\"content-text__container \" data-track-category=\"Link no Texto\" data-track-links=\"\">De acordo com a Pol\u00edcia Militar, a v\u00edtima trafegava em um carro pela Rua Joaquim Henrique de Oliveira quando, ao cruzar a preferencial, atingiu um outro ve\u00edculo.<\/p>\n<\/div>\n<div class=\"mc-column content-text active-extra-styles \" data-block-type=\"unstyled\" data-block-weight=\"19\" data-block-id=\"9\">\n<p class=\"content-text__container \" style=\"text-align: justify;\" data-track-category=\"Link no Texto\" data-track-links=\"\">Com o impacto da batida, os carros foram lan\u00e7ados e tamb\u00e9m colidiram com dois coqueiros plantados na cal\u00e7ada.<\/p>\n<p data-track-category=\"Link no Texto\" data-track-links=\"\"><img loading=\"lazy\" decoding=\"async\" class=\"alignnone size-full wp-image-2700\" src=\"https:\/\/jorgezanoni.com.br\/2019\/wp-content\/uploads\/2019\/08\/ara1.jpg\" alt=\"\" width=\"1000\" height=\"750\" srcset=\"https:\/\/jorgezanoni.com.br\/2019\/wp-content\/uploads\/2019\/08\/ara1.jpg 1000w, https:\/\/jorgezanoni.com.br\/2019\/wp-content\/uploads\/2019\/08\/ara1-300x225.jpg 300w, https:\/\/jorgezanoni.com.br\/2019\/wp-content\/uploads\/2019\/08\/ara1-768x576.jpg 768w, https:\/\/jorgezanoni.com.br\/2019\/wp-content\/uploads\/2019\/08\/ara1-80x60.jpg 80w, https:\/\/jorgezanoni.com.br\/2019\/wp-content\/uploads\/2019\/08\/ara1-265x198.jpg 265w, https:\/\/jorgezanoni.com.br\/2019\/wp-content\/uploads\/2019\/08\/ara1-696x522.jpg 696w, https:\/\/jorgezanoni.com.br\/2019\/wp-content\/uploads\/2019\/08\/ara1-560x420.jpg 560w\" sizes=\"auto, (max-width: 1000px) 100vw, 1000px\" \/><\/p>\n<div class=\"mc-column content-text active-extra-styles \" data-block-type=\"unstyled\" data-block-weight=\"37\" data-block-id=\"12\">\n<p class=\"content-text__container \" style=\"text-align: justify;\" data-track-category=\"Link no Texto\" data-track-links=\"\">Ainda segundo a PM, o motorista que causou o acidente bateu a cabe\u00e7a no vidro do carro e precisou ser socorrido para a Santa Casa semiconsciente. Ainda n\u00e3o h\u00e1 informa\u00e7\u00f5es sobre o estado de sa\u00fade dele.<\/p>\n<\/div>\n<div class=\"mc-column content-text active-extra-styles \" style=\"text-align: justify;\" data-block-type=\"unstyled\" data-block-weight=\"25\" data-block-id=\"13\">\n<p class=\"content-text__container \" data-track-category=\"Link no Texto\" data-track-links=\"\">O outro motorista, de 37 anos, sofreu apenas ferimentos leves, mas tamb\u00e9m foi levado ao hospital e recebeu alta na manh\u00e3 deste s\u00e1bado (3).<\/p>\n<\/div>\n<div class=\"mc-column content-text active-extra-styles \" data-block-type=\"unstyled\" data-block-weight=\"19\" data-block-id=\"14\">\n<p class=\"content-text__container \" style=\"text-align: justify;\" data-track-category=\"Link no Texto\" data-track-links=\"\">A per\u00edcia foi chamada ao local da batida e realizou exames periciais para indicar as causas do acidente.<\/p>\n<p data-track-category=\"Link no Texto\" data-track-links=\"\">Fonte: G1<\/p>\n<\/div>\n<\/div>\n<\/div>\n","protected":false},"excerpt":{"rendered":"<p>De acordo com a Pol\u00edcia Militar, v\u00edtima sofreu mal s\u00fabito antes da batida; rapaz chegou a ser socorrido, mas n\u00e3o resistiu. Um motociclista de 34 anos morreu depois de sofrer um mal s\u00fabito e bater a moto que pilotava em uma bicicleta com materiais recicl\u00e1veis, no bairro Verde Parque, em Ara\u00e7atuba (SP), na noite de [&hellip;]<\/p>\n","protected":false},"author":1,"featured_media":2701,"comment_status":"closed","ping_status":"open","sticky":false,"template":"","format":"standard","meta":{"footnotes":""},"categories":[170,110],"tags":[],"class_list":["post-2699","post","type-post","status-publish","format-standard","has-post-thumbnail","hentry","category-acidentes","category-noticiasdestaque"],"_links":{"self":[{"href":"https:\/\/jorgezanoni.com.br\/2019\/wp-json\/wp\/v2\/posts\/2699","targetHints":{"allow":["GET"]}}],"collection":[{"href":"https:\/\/jorgezanoni.com.br\/2019\/wp-json\/wp\/v2\/posts"}],"about":[{"href":"https:\/\/jorgezanoni.com.br\/2019\/wp-json\/wp\/v2\/types\/post"}],"author":[{"embeddable":true,"href":"https:\/\/jorgezanoni.com.br\/2019\/wp-json\/wp\/v2\/users\/1"}],"replies":[{"embeddable":true,"href":"https:\/\/jorgezanoni.com.br\/2019\/wp-json\/wp\/v2\/comments?post=2699"}],"version-history":[{"count":0,"href":"https:\/\/jorgezanoni.com.br\/2019\/wp-json\/wp\/v2\/posts\/2699\/revisions"}],"wp:featuredmedia":[{"embeddable":true,"href":"https:\/\/jorgezanoni.com.br\/2019\/wp-json\/wp\/v2\/media\/2701"}],"wp:attachment":[{"href":"https:\/\/jorgezanoni.com.br\/2019\/wp-json\/wp\/v2\/media?parent=2699"}],"wp:term":[{"taxonomy":"category","embeddable":true,"href":"https:\/\/jorgezanoni.com.br\/2019\/wp-json\/wp\/v2\/categories?post=2699"},{"taxonomy":"post_tag","embeddable":true,"href":"https:\/\/jorgezanoni.com.br\/2019\/wp-json\/wp\/v2\/tags?post=2699"}],"curies":[{"name":"wp","href":"https:\/\/api.w.org\/{rel}","templated":true}]}}