{"id":26988,"date":"2020-05-27T18:14:23","date_gmt":"2020-05-27T18:14:23","guid":{"rendered":"https:\/\/jorgezanoni.com.br\/2019\/?p=26988"},"modified":"2020-05-27T18:15:47","modified_gmt":"2020-05-27T18:15:47","slug":"adolescente-pega-carro-escondido-da-familia-e-causa-grave-acidente-em-osvaldo-cruz","status":"publish","type":"post","link":"https:\/\/jorgezanoni.com.br\/2019\/adolescente-pega-carro-escondido-da-familia-e-causa-grave-acidente-em-osvaldo-cruz\/","title":{"rendered":"Adolescente pega carro escondido da fam\u00edlia e causa grave acidente em Osvaldo Cruz"},"content":{"rendered":"<p style=\"text-align: justify;\">Um adolescente, de 15 anos, ficou ferido ap\u00f3s se envolver em um grave acidente de tr\u00e2nsito na noite desta ter\u00e7a-feira (26) envolvendo um Ve\u00edculo Corsa Wind com placas de Osvaldo Cruz e uma bicicleta.<\/p>\n<p style=\"text-align: justify;\">Segundo informa\u00e7\u00f5es levantadas no local pela Reportagem do Portal Metr\u00f3pole de Not\u00edcias, o ve\u00edculo seguia pela Rua Yutaka Abe sentido bairro\/centro, quando no cruzamento com a rua Calif\u00f3rnia, o adolescente que estava de bicicleta cruzou a via, o que causou o acidente.<\/p>\n<p style=\"text-align: justify;\">Adolescente com uma poss\u00edvel fratura no ombro esquerdo, v\u00e1rios hematomas pelo corpo, dores no peito e alguns dentes quebrados, foi socorrido pela unidade Resgate do Corpo de Bombeiros para a Santa Casa local, j\u00e1 o condutor do ve\u00edculo n\u00e3o se feriu.<\/p>\n<p style=\"text-align: justify;\">Durante o registro do b.o pela Pol\u00edcia Militar, policiais descobriram por um parente do motorista que o mesmo \u00e9 menor de idade, 16 anos, e que pegou o carro sem autoriza\u00e7\u00e3o dos familiares, vers\u00e3o confirmada pelo adolescente.<\/p>\n<p style=\"text-align: justify;\">Diante dos fatos foram tomadas medidas cab\u00edvel e acionada a Per\u00edcia T\u00e9cnica.<\/p>\n<p style=\"text-align: justify;\">O ve\u00edculo foi recolhido para o p\u00e1tio do Detran por estar com o documento obrigat\u00f3rio vencido deste 2016.<\/p>\n<p style=\"text-align: justify;\">Fonte: fmmetropole.com.br<\/p>\n","protected":false},"excerpt":{"rendered":"<p>Um adolescente, de 15 anos, ficou ferido ap\u00f3s se envolver em um grave acidente de tr\u00e2nsito na noite desta ter\u00e7a-feira (26) envolvendo um Ve\u00edculo Corsa Wind com placas de Osvaldo Cruz e uma bicicleta. Segundo informa\u00e7\u00f5es levantadas no local pela Reportagem do Portal Metr\u00f3pole de Not\u00edcias, o ve\u00edculo seguia pela Rua Yutaka Abe sentido bairro\/centro, [&hellip;]<\/p>\n","protected":false},"author":1,"featured_media":26989,"comment_status":"closed","ping_status":"open","sticky":false,"template":"","format":"standard","meta":{"footnotes":""},"categories":[170,110],"tags":[],"class_list":["post-26988","post","type-post","status-publish","format-standard","has-post-thumbnail","hentry","category-acidentes","category-noticiasdestaque"],"_links":{"self":[{"href":"https:\/\/jorgezanoni.com.br\/2019\/wp-json\/wp\/v2\/posts\/26988","targetHints":{"allow":["GET"]}}],"collection":[{"href":"https:\/\/jorgezanoni.com.br\/2019\/wp-json\/wp\/v2\/posts"}],"about":[{"href":"https:\/\/jorgezanoni.com.br\/2019\/wp-json\/wp\/v2\/types\/post"}],"author":[{"embeddable":true,"href":"https:\/\/jorgezanoni.com.br\/2019\/wp-json\/wp\/v2\/users\/1"}],"replies":[{"embeddable":true,"href":"https:\/\/jorgezanoni.com.br\/2019\/wp-json\/wp\/v2\/comments?post=26988"}],"version-history":[{"count":0,"href":"https:\/\/jorgezanoni.com.br\/2019\/wp-json\/wp\/v2\/posts\/26988\/revisions"}],"wp:featuredmedia":[{"embeddable":true,"href":"https:\/\/jorgezanoni.com.br\/2019\/wp-json\/wp\/v2\/media\/26989"}],"wp:attachment":[{"href":"https:\/\/jorgezanoni.com.br\/2019\/wp-json\/wp\/v2\/media?parent=26988"}],"wp:term":[{"taxonomy":"category","embeddable":true,"href":"https:\/\/jorgezanoni.com.br\/2019\/wp-json\/wp\/v2\/categories?post=26988"},{"taxonomy":"post_tag","embeddable":true,"href":"https:\/\/jorgezanoni.com.br\/2019\/wp-json\/wp\/v2\/tags?post=26988"}],"curies":[{"name":"wp","href":"https:\/\/api.w.org\/{rel}","templated":true}]}}