{"id":26982,"date":"2020-05-27T17:45:35","date_gmt":"2020-05-27T17:45:35","guid":{"rendered":"https:\/\/jorgezanoni.com.br\/2019\/?p=26982"},"modified":"2020-05-27T17:45:35","modified_gmt":"2020-05-27T17:45:35","slug":"santa-casa-de-dracena-registra-queda-de-atendimentos-em-abril-de-2020-por-evasao-de-pacientes","status":"publish","type":"post","link":"https:\/\/jorgezanoni.com.br\/2019\/santa-casa-de-dracena-registra-queda-de-atendimentos-em-abril-de-2020-por-evasao-de-pacientes\/","title":{"rendered":"Santa Casa de Dracena registra queda de atendimentos em abril de 2020, por evas\u00e3o de pacientes"},"content":{"rendered":"<p style=\"text-align: justify;\"><strong>SANTA CASA DE DRACENA REGISTRA QUEDA DE ATENDIMENTOS EM ABRIL DE 2020, <\/strong><strong>POR EVAS\u00c3O DE PACIENTES.<\/strong><\/p>\n<p style=\"text-align: justify;\">A taxa de ocupa\u00e7\u00e3o\/utiliza\u00e7\u00e3o de pacientes na SANTA CASA DE DRACENA, caiu 42,67% em abril de 2020, reflexo da pandemia do NOVO CORONAV\u00cdRUS.<\/p>\n<p style=\"text-align: justify;\">A m\u00e9dia de atendimentos, como hospital geral, entre procedimentos de interna\u00e7\u00f5es, de servi\u00e7os ambulatoriais, de cirurgias, de exames e outros procedimentos, ante a m\u00e9dia de 2019, com 532 atendimentos mensais nas interna\u00e7\u00f5es, em abril de 2020 registrou-se uma queda para 305 atendimentos.<\/p>\n<p style=\"text-align: justify;\">Segundo o Diretor T\u00e9cnico do hospital \u2013 Doutor FERNANDO PEREIRA BETTIO, as patologias que requerem tratamento em continuidade, a falta de aten\u00e7\u00e3o, pode resultar em agravamento ou constatar um estado avan\u00e7ado da mol\u00e9stia ao retardar o tratamento.<\/p>\n<p style=\"text-align: justify;\">O registro tem origem na pandemia do NOVO CORONAV\u00cdRUS, inserido na cultura popular, o temor de uma contamina\u00e7\u00e3o, na procura por servi\u00e7os nos estabelecimentos de sa\u00fade. As pessoas continuam a adoecer, por\u00e9m, n\u00e3o demandam ao hospital, temerosas de contaminar-se, o que implica em agravamento de suas patologias, conforme bem observado pelo Diretor T\u00e9cnico.<\/p>\n<p style=\"text-align: justify;\">A retra\u00e7\u00e3o na taxa de ocupa\u00e7\u00e3o hospitalar, n\u00e3o sendo caso espec\u00edfico da SANTA CASA DE DRACENA, tem reflexos econ\u00f4micos, experimentando d\u00e9ficit neste per\u00edodo.<\/p>\n<p style=\"text-align: justify;\">A SANTA CASA DE DRACENA diante do quadro, tem o equil\u00edbrio-econ\u00f4mico-financeiro afetado, buscando alternativas com campanhas de arrecada\u00e7\u00f5es e doa\u00e7\u00f5es e, com incessantes reivindica\u00e7\u00f5es aos poderes constitu\u00eddos na libera\u00e7\u00e3o de recursos.<\/p>\n<p style=\"text-align: justify;\">Em arremate, diz a Santa Casa de Dracena que pacientes em tratamento do COVID 19 s\u00e3o acolhidos em setor completamente isolado, sob os cuidados de profissionais especialmente treinados, seguindo rigorosamente os protocolos de seguran\u00e7a e higiene do Minist\u00e9rio da Sa\u00fade, num trabalho efetivo da Comiss\u00e3o de Controle de Infec\u00e7\u00e3o Hospitalar \u2013 CCIH da Santa Casa de Dracena.<\/p>\n<p style=\"text-align: justify;\">Fonte: Assessoria de Imprensa<\/p>\n","protected":false},"excerpt":{"rendered":"<p>SANTA CASA DE DRACENA REGISTRA QUEDA DE ATENDIMENTOS EM ABRIL DE 2020, POR EVAS\u00c3O DE PACIENTES. A taxa de ocupa\u00e7\u00e3o\/utiliza\u00e7\u00e3o de pacientes na SANTA CASA DE DRACENA, caiu 42,67% em abril de 2020, reflexo da pandemia do NOVO CORONAV\u00cdRUS. A m\u00e9dia de atendimentos, como hospital geral, entre procedimentos de interna\u00e7\u00f5es, de servi\u00e7os ambulatoriais, de cirurgias, [&hellip;]<\/p>\n","protected":false},"author":1,"featured_media":26983,"comment_status":"closed","ping_status":"open","sticky":false,"template":"","format":"standard","meta":{"footnotes":""},"categories":[110,122],"tags":[],"class_list":["post-26982","post","type-post","status-publish","format-standard","has-post-thumbnail","hentry","category-noticiasdestaque","category-saudeeducacaoeconcurso"],"_links":{"self":[{"href":"https:\/\/jorgezanoni.com.br\/2019\/wp-json\/wp\/v2\/posts\/26982","targetHints":{"allow":["GET"]}}],"collection":[{"href":"https:\/\/jorgezanoni.com.br\/2019\/wp-json\/wp\/v2\/posts"}],"about":[{"href":"https:\/\/jorgezanoni.com.br\/2019\/wp-json\/wp\/v2\/types\/post"}],"author":[{"embeddable":true,"href":"https:\/\/jorgezanoni.com.br\/2019\/wp-json\/wp\/v2\/users\/1"}],"replies":[{"embeddable":true,"href":"https:\/\/jorgezanoni.com.br\/2019\/wp-json\/wp\/v2\/comments?post=26982"}],"version-history":[{"count":0,"href":"https:\/\/jorgezanoni.com.br\/2019\/wp-json\/wp\/v2\/posts\/26982\/revisions"}],"wp:featuredmedia":[{"embeddable":true,"href":"https:\/\/jorgezanoni.com.br\/2019\/wp-json\/wp\/v2\/media\/26983"}],"wp:attachment":[{"href":"https:\/\/jorgezanoni.com.br\/2019\/wp-json\/wp\/v2\/media?parent=26982"}],"wp:term":[{"taxonomy":"category","embeddable":true,"href":"https:\/\/jorgezanoni.com.br\/2019\/wp-json\/wp\/v2\/categories?post=26982"},{"taxonomy":"post_tag","embeddable":true,"href":"https:\/\/jorgezanoni.com.br\/2019\/wp-json\/wp\/v2\/tags?post=26982"}],"curies":[{"name":"wp","href":"https:\/\/api.w.org\/{rel}","templated":true}]}}