{"id":26976,"date":"2020-05-27T17:01:38","date_gmt":"2020-05-27T17:01:38","guid":{"rendered":"https:\/\/jorgezanoni.com.br\/2019\/?p=26976"},"modified":"2020-05-27T17:01:38","modified_gmt":"2020-05-27T17:01:38","slug":"quarentena-em-sp-e-prorrogada-por-15-dias-com-flexibilizacao-progressiva-em-diferentes-regioes-do-estado","status":"publish","type":"post","link":"https:\/\/jorgezanoni.com.br\/2019\/quarentena-em-sp-e-prorrogada-por-15-dias-com-flexibilizacao-progressiva-em-diferentes-regioes-do-estado\/","title":{"rendered":"Quarentena em SP \u00e9 prorrogada por 15 dias com flexibiliza\u00e7\u00e3o progressiva em diferentes regi\u00f5es do estado"},"content":{"rendered":"<h2 class=\"content-head__subtitle\" style=\"text-align: justify;\"><strong>Medida, anunciada pelo governador Jo\u00e3o Doria nesta quarta (27), entra em vigor a partir do dia 1\u00b0 de junho. Reaberturas s\u00f3 ser\u00e3o poss\u00edveis para munic\u00edpios que tiverem disponibilidade de leitos de UTI e redu\u00e7\u00e3o no n\u00famero de casos.<\/strong><\/h2>\n<div class=\"mc-column content-text active-extra-styles \" data-block-type=\"unstyled\" data-block-weight=\"40\" data-block-id=\"2\">\n<p class=\"content-text__container \" style=\"text-align: justify;\" data-track-category=\"Link no Texto\" data-track-links=\"\">O governo de S\u00e3o Paulo anunciou, no in\u00edcio da tarde desta quarta-feira (27), a prorroga\u00e7\u00e3o da quarentena no estado por 15 dias, com flexibiliza\u00e7\u00f5es e aberturas econ\u00f4micas progressivas, que ser\u00e3o feitas levando em conta as caracter\u00edsticas de cada munic\u00edpio.<\/p>\n<\/div>\n<div class=\"wall protected-content\">\n<div class=\"mc-column content-text active-extra-styles \" style=\"text-align: justify;\" data-block-type=\"unstyled\" data-block-weight=\"47\" data-block-id=\"3\">\n<p class=\"content-text__container \" data-track-category=\"Link no Texto\" data-track-links=\"\">&#8220;A partir do dia 1\u00ba de junho, por 15 dias, manteremos a quarentena, por\u00e9m, com uma retomada consciente de algumas atividades econ\u00f4micas no estado de S\u00e3o Paulo&#8221;, disse o governador Jo\u00e3o Doria (PSDB), durante coletiva de imprensa no Pal\u00e1cio dos Bandeirantes, na Zona Sul da capital.<\/p>\n<\/div>\n<div class=\"mc-column content-text active-extra-styles \" style=\"text-align: justify;\" data-block-type=\"unstyled\" data-block-weight=\"36\" data-block-id=\"4\">\n<p class=\"content-text__container \" data-track-category=\"Link no Texto\" data-track-links=\"\">Denominado Plano S\u00e3o Paulo, a proposta prev\u00ea cinco etapas. As regi\u00f5es ser\u00e3o classificadas em fases por cor, de acordo com os crit\u00e9rios definidos pela secretaria estadual da Sa\u00fade e pelo Comit\u00ea de Conting\u00eancia para Coronav\u00edrus.<\/p>\n<\/div>\n<div class=\"mc-column content-text active-extra-styles \" style=\"text-align: justify;\" data-block-type=\"unstyled\" data-block-weight=\"44\" data-block-id=\"5\">\n<p class=\"content-text__container \" data-track-category=\"Link no Texto\" data-track-links=\"\">&#8220;Ela [flexibiliza\u00e7\u00e3o] ser\u00e1 poss\u00edvel nas cidades que tiverem redu\u00e7\u00e3o consistente do n\u00famero de casos, disponibilidade de leitos em seus hospitais p\u00fablicos e privados e estiverem obedecendo o distanciamento social nos ambientes p\u00fablicos, al\u00e9m da dissemina\u00e7\u00e3o e do uso obrigat\u00f3rio de m\u00e1scaras&#8221;, afirmou Doria.<\/p>\n<\/div>\n<div class=\"mc-column content-text active-extra-styles \" style=\"text-align: justify;\" data-block-type=\"unstyled\" data-block-weight=\"8\" data-block-id=\"6\">\n<p class=\"content-text__container \" data-track-category=\"Link no Texto\" data-track-links=\"\"><strong>Pelo plano, as flexibiliza\u00e7\u00f5es ser\u00e3o poss\u00edveis para:<\/strong><\/p>\n<\/div>\n<div class=\"mc-column content-text active-extra-styles\" style=\"text-align: justify;\" data-block-type=\"raw\" data-block-weight=\"32\" data-block-id=\"7\">\n<ul class=\"content-unordered-list\">\n<li>Cidades que tiverem disponibilidade de leitos de UTI na rede p\u00fablica e privada<\/li>\n<li>Redu\u00e7\u00e3o no n\u00famero de casos da doen\u00e7a<\/li>\n<li>Com manuten\u00e7\u00e3o do distanciamento social nos ambientes p\u00fablicos<\/li>\n<li>Uso obrigat\u00f3rio de m\u00e1scaras<\/li>\n<\/ul>\n<\/div>\n<div class=\"content-ads content-ads--reveal\" style=\"text-align: justify;\" data-block-type=\"ads\" data-block-id=\"8\"><\/div>\n<div class=\"mc-column content-text active-extra-styles \" style=\"text-align: justify;\" data-block-type=\"unstyled\" data-block-weight=\"31\" data-block-id=\"9\">\n<p class=\"content-text__container \" data-track-category=\"Link no Texto\" data-track-links=\"\">A cor de cada regi\u00e3o do mapa \u00e9 determinada por uma s\u00e9rie de crit\u00e9rios, entre eles taxa de ocupa\u00e7\u00e3o de UTIs e total de leitos a cada 100 mil habitantes.<\/p>\n<\/div>\n<div class=\"mc-column content-text active-extra-styles \" style=\"text-align: justify;\" data-block-type=\"unstyled\" data-block-weight=\"54\" data-block-id=\"10\">\n<p class=\"content-text__container \" data-track-category=\"Link no Texto\" data-track-links=\"\">Esses indicadores s\u00e3o avaliados junto com dados de mortes, casos e interna\u00e7\u00f5es por Covid-19 para determinar a fase em que se encontra cada regi\u00e3o. A cada 7 dias ser\u00e1 reavaliado. Depois, a cada 15 dias a regi\u00e3o poder\u00e1 se mover para fases menos restritivas. As fases poder\u00e3o regredir conforme os indicadores sofram altera\u00e7\u00f5es.<\/p>\n<\/div>\n<div class=\"mc-column content-text active-extra-styles\" style=\"text-align: justify;\" data-block-type=\"raw\" data-block-weight=\"64\" data-block-id=\"11\">\n<ul class=\"content-unordered-list\">\n<li>Fase 1, vermelha: alerta m\u00e1ximo, funcionamento permitido somente aos servi\u00e7os essenciais<\/li>\n<li>Fase 2, laranja: controle, possibilidade de aberturas com restri\u00e7\u00f5es<\/li>\n<li>Fase 3, amarela: abertura de um n\u00famero maior de setores<\/li>\n<li>Fase 4, verde: abertura de um n\u00famero maior de setores em rela\u00e7\u00e3o \u00e0 fase 3<\/li>\n<li>Fase 5, azul: &#8220;normal controlado&#8221; &#8211; todos os setores em funcionamento, mas mantendo medidas de distanciamento e higiene<\/li>\n<\/ul>\n<\/div>\n<div class=\"row medium-uncollapsed content-media content-photo\" style=\"text-align: justify;\" data-block-type=\"backstage-photo\" data-block-id=\"12\">\n<div class=\"mc-column content-media__container\">\n<figure><img decoding=\"async\" class=\"i-amphtml-fill-content i-amphtml-replaced-content\" src=\"https:\/\/s2.glbimg.com\/jdTLV_8UKbNlnWUxDlXzdWtFL1A=\/0x0:1008x529\/984x0\/smart\/filters:strip_icc()\/i.s3.glbimg.com\/v1\/AUTH_59edd422c0c84a879bd37670ae4f538a\/internal_photos\/bs\/2020\/w\/L\/SQsRCFQMe1V18vD8AiSQ\/plano-1.jpg\" sizes=\"(max-width: 1242px) 648px, 100vw\" srcset=\"https:\/\/s2.glbimg.com\/H_UwZnJZRkfhcvCuEcwJlaXSVCQ=\/0x0:1008x529\/1000x0\/smart\/filters:strip_icc()\/i.s3.glbimg.com\/v1\/AUTH_59edd422c0c84a879bd37670ae4f538a\/internal_photos\/bs\/2020\/w\/L\/SQsRCFQMe1V18vD8AiSQ\/plano-1.jpg 1000w, https:\/\/s2.glbimg.com\/jdTLV_8UKbNlnWUxDlXzdWtFL1A=\/0x0:1008x529\/984x0\/smart\/filters:strip_icc()\/i.s3.glbimg.com\/v1\/AUTH_59edd422c0c84a879bd37670ae4f538a\/internal_photos\/bs\/2020\/w\/L\/SQsRCFQMe1V18vD8AiSQ\/plano-1.jpg 984w, https:\/\/s2.glbimg.com\/7GOMFP0KdIZEHoHc4aDnZj9iCBw=\/0x0:1008x529\/640x0\/smart\/filters:strip_icc()\/i.s3.glbimg.com\/v1\/AUTH_59edd422c0c84a879bd37670ae4f538a\/internal_photos\/bs\/2020\/w\/L\/SQsRCFQMe1V18vD8AiSQ\/plano-1.jpg 640w, https:\/\/s2.glbimg.com\/Yhm8EboE8bNzpTiao_gP0oawEvc=\/0x0:1008x529\/600x0\/smart\/filters:strip_icc()\/i.s3.glbimg.com\/v1\/AUTH_59edd422c0c84a879bd37670ae4f538a\/internal_photos\/bs\/2020\/w\/L\/SQsRCFQMe1V18vD8AiSQ\/plano-1.jpg 600w\" alt=\"Plano do governo de S\u00e3o Paulo para flexibiliza\u00e7\u00e3o da quarentena no estado \u2014 Foto: Governo de S\u00e3o Paulo\/Divulga\u00e7\u00e3o\" \/><\/figure>\n<p class=\"content-media__description \">Plano do governo de S\u00e3o Paulo para flexibiliza\u00e7\u00e3o da quarentena no estado \u2014 Foto: Governo de S\u00e3o Paulo\/Divulga\u00e7\u00e3o<\/p>\n<\/div>\n<\/div>\n<div class=\"mc-column content-text active-extra-styles \" style=\"text-align: justify;\" data-block-type=\"unstyled\" data-block-weight=\"24\" data-block-id=\"13\">\n<p class=\"content-text__container \" data-track-category=\"Link no Texto\" data-track-links=\"\">A cidade de S\u00e3o Paulo se enquadra na cor laranja do novo modelo de quarentena do estado. A defini\u00e7\u00e3o permite a abertura de:<\/p>\n<\/div>\n<div class=\"mc-column content-text active-extra-styles\" style=\"text-align: justify;\" data-block-type=\"raw\" data-block-weight=\"14\" data-block-id=\"14\">\n<ul class=\"content-unordered-list\">\n<li>Atividades imobili\u00e1rias (com restri\u00e7\u00f5es)<\/li>\n<li>Concession\u00e1rias (com restri\u00e7\u00f5es)<\/li>\n<li>Com\u00e9rcio (com restri\u00e7\u00f5es)<\/li>\n<li>Shopping Center (com restri\u00e7\u00f5es)<\/li>\n<\/ul>\n<\/div>\n<div class=\"mc-column content-text active-extra-styles \" style=\"text-align: justify;\" data-block-type=\"unstyled\" data-block-weight=\"27\" data-block-id=\"15\">\n<p class=\"content-text__container \" data-track-category=\"Link no Texto\" data-track-links=\"\">Os setores da economia que desejam a reabertura devem apresentar planos com protocolos para a Prefeitura. Caber\u00e1 \u00e0 gest\u00e3o municipal definir quem e quando poder\u00e1 reabrir.<\/p>\n<\/div>\n<div class=\"mc-column content-text active-extra-styles \" style=\"text-align: justify;\" data-block-type=\"unstyled\" data-block-weight=\"24\" data-block-id=\"17\">\n<p class=\"content-text__container \" data-track-category=\"Link no Texto\" data-track-links=\"\">Segundo o prefeito Bruno Covas, os detalhes das flexibiliza\u00e7\u00f5es na capital paulista ser\u00e3o apresentados em uma nova coletiva de imprensa nesta quinta-feira (28).<\/p>\n<\/div>\n<div class=\"row medium-uncollapsed content-media content-photo\" style=\"text-align: justify;\" data-block-type=\"backstage-photo\" data-block-id=\"18\">\n<div class=\"mc-column content-media__container\">\n<figure><img decoding=\"async\" class=\"i-amphtml-fill-content i-amphtml-replaced-content\" src=\"https:\/\/s2.glbimg.com\/mnR3GLrUsTLAhG81yL_KNGvEcxw=\/0x0:1006x530\/984x0\/smart\/filters:strip_icc()\/i.s3.glbimg.com\/v1\/AUTH_59edd422c0c84a879bd37670ae4f538a\/internal_photos\/bs\/2020\/M\/Q\/tN6rpfSt6E9g78OqB73g\/plano-2.jpg\" sizes=\"(max-width: 1242px) 648px, 100vw\" srcset=\"https:\/\/s2.glbimg.com\/Tmm9QO3hQiV0pvnjsi8PWMwa94Y=\/0x0:1006x530\/1000x0\/smart\/filters:strip_icc()\/i.s3.glbimg.com\/v1\/AUTH_59edd422c0c84a879bd37670ae4f538a\/internal_photos\/bs\/2020\/M\/Q\/tN6rpfSt6E9g78OqB73g\/plano-2.jpg 1000w, https:\/\/s2.glbimg.com\/mnR3GLrUsTLAhG81yL_KNGvEcxw=\/0x0:1006x530\/984x0\/smart\/filters:strip_icc()\/i.s3.glbimg.com\/v1\/AUTH_59edd422c0c84a879bd37670ae4f538a\/internal_photos\/bs\/2020\/M\/Q\/tN6rpfSt6E9g78OqB73g\/plano-2.jpg 984w, https:\/\/s2.glbimg.com\/VgGKkX9NmMALC8hgIRm5Rhbluwk=\/0x0:1006x530\/640x0\/smart\/filters:strip_icc()\/i.s3.glbimg.com\/v1\/AUTH_59edd422c0c84a879bd37670ae4f538a\/internal_photos\/bs\/2020\/M\/Q\/tN6rpfSt6E9g78OqB73g\/plano-2.jpg 640w, https:\/\/s2.glbimg.com\/7iren-vPKoPoSJgb_p5W6nvqDvU=\/0x0:1006x530\/600x0\/smart\/filters:strip_icc()\/i.s3.glbimg.com\/v1\/AUTH_59edd422c0c84a879bd37670ae4f538a\/internal_photos\/bs\/2020\/M\/Q\/tN6rpfSt6E9g78OqB73g\/plano-2.jpg 600w\" alt=\"Plano do governo de S\u00e3o Paulo para flexibiliza\u00e7\u00e3o da quarentena \u2014 Foto: Governo de S\u00e3o Paulo\/Divulga\u00e7\u00e3o\" \/><\/figure>\n<p class=\"content-media__description \">Plano do governo de S\u00e3o Paulo para flexibiliza\u00e7\u00e3o da quarentena \u2014 Foto: Governo de S\u00e3o Paulo\/Divulga\u00e7\u00e3o<\/p>\n<\/div>\n<\/div>\n<div class=\"mc-column content-text active-extra-styles\" style=\"text-align: justify;\" data-block-type=\"raw\" data-block-weight=\"1\" data-block-id=\"19\">\n<div class=\"content-intertitle\">\n<h2><strong>Achatamento<br \/>\n<\/strong><\/h2>\n<\/div>\n<\/div>\n<div class=\"mc-column content-text active-extra-styles \" style=\"text-align: justify;\" data-block-type=\"unstyled\" data-block-weight=\"37\" data-block-id=\"20\">\n<p class=\"content-text__container \" data-track-category=\"Link no Texto\" data-track-links=\"\">Durante a coletiva, o governo defendeu as medidas de isolamento estabelecidas no estado desde o in\u00edcio de mar\u00e7o e disse que embora o n\u00famero de casos ainda seja crescente, h\u00e1 ind\u00edcios de desacelera\u00e7\u00e3o da epidemia no estado.<\/p>\n<\/div>\n<div class=\"mc-column content-text active-extra-styles \" style=\"text-align: justify;\" data-block-type=\"unstyled\" data-block-weight=\"127\" data-block-id=\"21\">\n<p class=\"content-text__container \" data-track-category=\"Link no Texto\" data-track-links=\"\">&#8220;As pessoas que dizem que as medidas que foram tomadas pelos governadores, pelos prefeitos n\u00e3o surtiram efeito no achatamento da curva. Isso n\u00e3o \u00e9 verdade e isso precisa ser contestado com muita veem\u00eancia. N\u00e3o pode ser dito &#8211; e alguns t\u00e3o dizendo isso que apesar de tudo, ocorreram a quantidade de \u00f3bitos que temos em S\u00e3o Paulo e quantidade de \u00f3bitos que temos no Brasil. Na verdade, dever\u00edamos dizer que apesar de todas as medidas, este foi o n\u00famero de casos, n\u00famero de \u00f3bitos que ocorreram. E ele \u00e9 muito menor do que se n\u00e3o tiv\u00e9ssemos feito, se n\u00e3o tiv\u00e9ssemos tomado todas essas medidas&#8221;, disse Jo\u00e3o Gabbardo, ex-secretario executivo do Minist\u00e9rio da Sa\u00fade, e novo membro do Comit\u00ea de Conting\u00eancia para Coronav\u00edrus de S\u00e3o Paulo.<\/p>\n<p data-track-category=\"Link no Texto\" data-track-links=\"\">O governo tamb\u00e9m afirmou que a participa\u00e7\u00e3o de S\u00e3o Paulo no total de mortes e casos de Covid no Brasil sofreu queda no \u00faltimo m\u00eas, comparado com o registrado no in\u00edcio de abril.<\/p>\n<\/div>\n<div class=\"mc-column content-text active-extra-styles\" style=\"text-align: justify;\" data-block-type=\"raw\" data-block-weight=\"16\" data-block-id=\"24\">\n<ul class=\"content-unordered-list\">\n<li>Casos: de 68% (em 15\/03) para 22% (25\/5)<\/li>\n<li>Mortes: de 68% (em 01\/4) para 26% (25\/5)<\/li>\n<\/ul>\n<\/div>\n<div class=\"mc-column content-text active-extra-styles \" style=\"text-align: justify;\" data-block-type=\"unstyled\" data-block-weight=\"30\" data-block-id=\"25\">\n<p class=\"content-text__container \" data-track-category=\"Link no Texto\" data-track-links=\"\">Segundo as proje\u00e7\u00f5es do estado, sem as medidas de isolamento adotadas, o estado teria 950 mil casos. Com isolamento, o estado contabilizava, at\u00e9 esta quarta (25), 84 mil casos.<\/p>\n<\/div>\n<div class=\"mc-column content-text active-extra-styles\" style=\"text-align: justify;\" data-block-type=\"raw\" data-block-weight=\"1\" data-block-id=\"26\">\n<div class=\"content-intertitle\">\n<h2>Estat\u00edsticas<\/h2>\n<\/div>\n<\/div>\n<div class=\"mc-column content-text active-extra-styles \" style=\"text-align: justify;\" data-block-type=\"unstyled\" data-block-weight=\"32\" data-block-id=\"27\">\n<p class=\"content-text__container \" data-track-category=\"Link no Texto\" data-track-links=\"\">O estado de S\u00e3o Paulo<a href=\"https:\/\/g1.globo.com\/sp\/sao-paulo\/noticia\/2020\/05\/26\/sp-tem-64-mil-mortes-por-coronavirus-e-12-mil-pessoas-internadas-com-sintomas-da-doenca.ghtml\">\u00a0chegou a 6.423 mortes causadas pelo novo coronav\u00edrus<\/a>, segundo boletim da Secretaria de Estado de Sa\u00fade divulgado nesta ter\u00e7a-feira (26). Foram confirmadas 203 mortes em 24 horas.<\/p>\n<\/div>\n<div class=\"mc-column content-text active-extra-styles \" style=\"text-align: justify;\" data-block-type=\"unstyled\" data-block-weight=\"31\" data-block-id=\"28\">\n<p class=\"content-text__container \" data-track-category=\"Link no Texto\" data-track-links=\"\">H\u00e1 86.017 pessoas com diagn\u00f3stico de Covid-19 no estado. Das 645 cidades de S\u00e3o Paulo, 511 t\u00eam pelo menos um caso confirmado e 244 ao menos um \u00f3bito causado pela doen\u00e7a.<\/p>\n<\/div>\n<div class=\"mc-column content-text active-extra-styles \" data-block-type=\"unstyled\" data-block-weight=\"38\" data-block-id=\"29\">\n<p class=\"content-text__container \" style=\"text-align: justify;\" data-track-category=\"Link no Texto\" data-track-links=\"\">Os pacientes hospitalizados chegaram a 12,2 mil internados nesta ter\u00e7a. Desses, 4.779 est\u00e3o na UTI e 7.506 em leitos de enfermaria. 17.589 altas de pacientes que tiveram confirma\u00e7\u00e3o da doen\u00e7a j\u00e1 tiveram alta dos hospitais de S\u00e3o Paulo.<\/p>\n<p style=\"text-align: justify;\" data-track-category=\"Link no Texto\" data-track-links=\"\">Fonte: https:\/\/g1.globo.com\/sp\/sao-paulo\/noticia\/2020\/05\/27\/quarentena-em-sp-e-prorrogada-com-flexibilizacao-progressiva-em-diferentes-regioes-do-estado.ghtml<\/p>\n<\/div>\n<\/div>\n","protected":false},"excerpt":{"rendered":"<p>Medida, anunciada pelo governador Jo\u00e3o Doria nesta quarta (27), entra em vigor a partir do dia 1\u00b0 de junho. Reaberturas s\u00f3 ser\u00e3o poss\u00edveis para munic\u00edpios que tiverem disponibilidade de leitos de UTI e redu\u00e7\u00e3o no n\u00famero de casos. O governo de S\u00e3o Paulo anunciou, no in\u00edcio da tarde desta quarta-feira (27), a prorroga\u00e7\u00e3o da quarentena [&hellip;]<\/p>\n","protected":false},"author":1,"featured_media":26977,"comment_status":"closed","ping_status":"open","sticky":false,"template":"","format":"standard","meta":{"footnotes":""},"categories":[110,116],"tags":[],"class_list":["post-26976","post","type-post","status-publish","format-standard","has-post-thumbnail","hentry","category-noticiasdestaque","category-politicaeeconomia"],"_links":{"self":[{"href":"https:\/\/jorgezanoni.com.br\/2019\/wp-json\/wp\/v2\/posts\/26976","targetHints":{"allow":["GET"]}}],"collection":[{"href":"https:\/\/jorgezanoni.com.br\/2019\/wp-json\/wp\/v2\/posts"}],"about":[{"href":"https:\/\/jorgezanoni.com.br\/2019\/wp-json\/wp\/v2\/types\/post"}],"author":[{"embeddable":true,"href":"https:\/\/jorgezanoni.com.br\/2019\/wp-json\/wp\/v2\/users\/1"}],"replies":[{"embeddable":true,"href":"https:\/\/jorgezanoni.com.br\/2019\/wp-json\/wp\/v2\/comments?post=26976"}],"version-history":[{"count":0,"href":"https:\/\/jorgezanoni.com.br\/2019\/wp-json\/wp\/v2\/posts\/26976\/revisions"}],"wp:featuredmedia":[{"embeddable":true,"href":"https:\/\/jorgezanoni.com.br\/2019\/wp-json\/wp\/v2\/media\/26977"}],"wp:attachment":[{"href":"https:\/\/jorgezanoni.com.br\/2019\/wp-json\/wp\/v2\/media?parent=26976"}],"wp:term":[{"taxonomy":"category","embeddable":true,"href":"https:\/\/jorgezanoni.com.br\/2019\/wp-json\/wp\/v2\/categories?post=26976"},{"taxonomy":"post_tag","embeddable":true,"href":"https:\/\/jorgezanoni.com.br\/2019\/wp-json\/wp\/v2\/tags?post=26976"}],"curies":[{"name":"wp","href":"https:\/\/api.w.org\/{rel}","templated":true}]}}