{"id":26973,"date":"2020-05-27T16:24:48","date_gmt":"2020-05-27T16:24:48","guid":{"rendered":"https:\/\/jorgezanoni.com.br\/2019\/?p=26973"},"modified":"2020-05-27T16:24:48","modified_gmt":"2020-05-27T16:24:48","slug":"prefeitura-de-panorama-abre-vagas-para-concurso-publico-e-processo-seletivo","status":"publish","type":"post","link":"https:\/\/jorgezanoni.com.br\/2019\/prefeitura-de-panorama-abre-vagas-para-concurso-publico-e-processo-seletivo\/","title":{"rendered":"Prefeitura de Panorama abre vagas para concurso p\u00fablico e processo seletivo"},"content":{"rendered":"<h2 class=\"content-head__subtitle\" style=\"text-align: justify;\"><strong>Remunera\u00e7\u00e3o pode ultrapassar os R$ 3,7 mil. Inscri\u00e7\u00f5es devem ser feitas pela internet at\u00e9 o dia 31 de maio<\/strong>.<\/h2>\n<div class=\"mc-column content-text active-extra-styles \" data-block-type=\"unstyled\" data-block-weight=\"32\" data-block-id=\"2\">\n<p class=\"content-text__container \" style=\"text-align: justify;\" data-track-category=\"Link no Texto\" data-track-links=\"\">A Prefeitura de\u00a0<a href=\"https:\/\/g1.globo.com\/sp\/presidente-prudente-regiao\/cidade\/panorama\/\">Panorama<\/a>\u00a0abriu vagas para concurso p\u00fablico e processo seletivo. As oportunidades s\u00e3o destinadas \u00e0 contrata\u00e7\u00e3o de quatro profissionais que tenham ensino fundamental, m\u00e9dio\/curso especifico e superior nas \u00e1reas exigidas.<\/p>\n<\/div>\n<div class=\"wall protected-content\">\n<div class=\"mc-column content-text active-extra-styles \" style=\"text-align: justify;\" data-block-type=\"unstyled\" data-block-weight=\"24\" data-block-id=\"3\">\n<p class=\"content-text__container \" data-track-category=\"Link no Texto\" data-track-links=\"\">Para concurso p\u00fablico, conforme descrito no\u00a0<a href=\"https:\/\/www.consesp.com.br\/imagens_arquivos\/concursos\/arquivos\/3448_panorama0012020.pdf\" target=\"_blank\" rel=\"noopener noreferrer\">edital<\/a>, h\u00e1 oportunidades para os seguintes cargos: auxiliar de enfermagem (1), farmac\u00eautico (1) e m\u00e9dico cl\u00ednico geral (2).<\/p>\n<\/div>\n<div class=\"mc-column content-text active-extra-styles \" style=\"text-align: justify;\" data-block-type=\"unstyled\" data-block-weight=\"63\" data-block-id=\"4\">\n<p class=\"content-text__container \" data-track-category=\"Link no Texto\" data-track-links=\"\">Segundo o\u00a0<a href=\"https:\/\/www.consesp.com.br\/imagens_arquivos\/concursos\/arquivos\/3447_panorama0012020processo.pdf\" target=\"_blank\" rel=\"noopener noreferrer\">edital<\/a>, os interessados a participarem do processo seletivo poder\u00e3o concorrer aos cargos de: advogado, agente comunit\u00e1rio de Sa\u00fade &#8211; ESF I, II e III, agente geral, ajudante geral, auxiliar de educa\u00e7\u00e3o I e II, auxiliar de enfermagem, auxiliar t\u00e9cnico desportivo, encanador, encarregado de setor, enfermeiro, escritur\u00e1rio, guarda-vidas, motorista, operador de m\u00e1quinas, professor PEB II &#8211; educa\u00e7\u00e3o f\u00edsica, PEI I e II.<\/p>\n<\/div>\n<div class=\"mc-column content-text active-extra-styles \" style=\"text-align: justify;\" data-block-type=\"unstyled\" data-block-weight=\"25\" data-block-id=\"5\">\n<p class=\"content-text__container \" data-track-category=\"Link no Texto\" data-track-links=\"\">A carga hor\u00e1ria a ser cumprida \u00e9 de 15 a 40 horas semanais e o sal\u00e1rio base ofertado varia de R$ 901,95 a R$ 3.763,76.<\/p>\n<\/div>\n<div class=\"mc-column content-text active-extra-styles \" data-block-type=\"unstyled\" data-block-weight=\"11\" data-block-id=\"6\">\n<p class=\"content-text__container \" style=\"text-align: justify;\" data-track-category=\"Link no Texto\" data-track-links=\"\">As inscri\u00e7\u00f5es podem ser feitas pela\u00a0<a href=\"https:\/\/www.consesp.com.br\/site\/index.php\" target=\"_blank\" rel=\"noopener noreferrer\">internet<\/a>\u00a0at\u00e9 31 de maio.<\/p>\n<p data-track-category=\"Link no Texto\" data-track-links=\"\">Fonte: G1<\/p>\n<\/div>\n<\/div>\n","protected":false},"excerpt":{"rendered":"<p>Remunera\u00e7\u00e3o pode ultrapassar os R$ 3,7 mil. Inscri\u00e7\u00f5es devem ser feitas pela internet at\u00e9 o dia 31 de maio. A Prefeitura de\u00a0Panorama\u00a0abriu vagas para concurso p\u00fablico e processo seletivo. As oportunidades s\u00e3o destinadas \u00e0 contrata\u00e7\u00e3o de quatro profissionais que tenham ensino fundamental, m\u00e9dio\/curso especifico e superior nas \u00e1reas exigidas. Para concurso p\u00fablico, conforme descrito no\u00a0edital, [&hellip;]<\/p>\n","protected":false},"author":1,"featured_media":26974,"comment_status":"closed","ping_status":"open","sticky":false,"template":"","format":"standard","meta":{"footnotes":""},"categories":[122],"tags":[],"class_list":["post-26973","post","type-post","status-publish","format-standard","has-post-thumbnail","hentry","category-saudeeducacaoeconcurso"],"_links":{"self":[{"href":"https:\/\/jorgezanoni.com.br\/2019\/wp-json\/wp\/v2\/posts\/26973","targetHints":{"allow":["GET"]}}],"collection":[{"href":"https:\/\/jorgezanoni.com.br\/2019\/wp-json\/wp\/v2\/posts"}],"about":[{"href":"https:\/\/jorgezanoni.com.br\/2019\/wp-json\/wp\/v2\/types\/post"}],"author":[{"embeddable":true,"href":"https:\/\/jorgezanoni.com.br\/2019\/wp-json\/wp\/v2\/users\/1"}],"replies":[{"embeddable":true,"href":"https:\/\/jorgezanoni.com.br\/2019\/wp-json\/wp\/v2\/comments?post=26973"}],"version-history":[{"count":0,"href":"https:\/\/jorgezanoni.com.br\/2019\/wp-json\/wp\/v2\/posts\/26973\/revisions"}],"wp:featuredmedia":[{"embeddable":true,"href":"https:\/\/jorgezanoni.com.br\/2019\/wp-json\/wp\/v2\/media\/26974"}],"wp:attachment":[{"href":"https:\/\/jorgezanoni.com.br\/2019\/wp-json\/wp\/v2\/media?parent=26973"}],"wp:term":[{"taxonomy":"category","embeddable":true,"href":"https:\/\/jorgezanoni.com.br\/2019\/wp-json\/wp\/v2\/categories?post=26973"},{"taxonomy":"post_tag","embeddable":true,"href":"https:\/\/jorgezanoni.com.br\/2019\/wp-json\/wp\/v2\/tags?post=26973"}],"curies":[{"name":"wp","href":"https:\/\/api.w.org\/{rel}","templated":true}]}}